{"id":106148,"date":"2025-09-10T19:18:09","date_gmt":"2025-09-10T19:18:09","guid":{"rendered":"https:\/\/www.europesays.com\/es\/106148\/"},"modified":"2025-09-10T19:18:09","modified_gmt":"2025-09-10T19:18:09","slug":"joao-telles-abrira-la-puerta-grande-en-navaluenga-nacho-torrejon-oreja-del-quinto","status":"publish","type":"post","link":"https:\/\/www.europesays.com\/es\/106148\/","title":{"rendered":"Joao Telles abrir\u00e1 la puerta grande en Navaluenga; Nacho Torrej\u00f3n, oreja del quinto"},"content":{"rendered":"<p><strong>Joao Ribeiro Telles<\/strong> recibi\u00f3 al primero de la tarde con hasta dos rejones de castigo,\u00a0 aunque de fallando con el primero. Emocion\u00f3 y arriesg\u00f3 en las distancias cortas, ci\u00f1\u00e9ndoselo durante las banderillas. Lo provoc\u00f3 y tir\u00f3 de su embestida, llev\u00e1ndolo toreado a la grupa, recorriendo el ruedo, bordeando las tablas. Tambi\u00e9n lo busc\u00f3 al quiebro, aunque a toro parado, envolvi\u00e9ndoselo para seguir provocando aquellas arrancas para dejar los palos. Continu\u00f3 con las cortas, con acierto y determinaci\u00f3n. Tambi\u00e9n tuvo acierto con el rej\u00f3n de muerte, llegando a un p\u00fablico que le pidi\u00f3 una oreja y el presidente se la concedi\u00f3.<\/p>\n<p><strong>Nacho Torrej\u00f3n<\/strong> primero breg\u00f3 al segundo de la tarde para despu\u00e9s estirarse con el gan\u00e1ndole terreno. Se alcanz\u00f3 la faena de muleta, pero antes se lo brind\u00f3 a Sergio Roll\u00f3n. La inici\u00f3 por abajo, genuflexo, pas\u00e1ndolo por ambos pitones, dosificando las condiciones que le mostr\u00f3 desde salida. Se decidi\u00f3 en el tercio por el pit\u00f3n derecho, pas\u00e1ndolo despacio, sin bajarle la mano en exceso, tratando de meterlo para darle ritmo a un novillo que sali\u00f3 suelto y algo ajeno a las demandas del novillero. Marc\u00f3 con firmeza y cambi\u00f3 al natural, buscando curvar el trazo para envolv\u00e9rselo aprovechando los vuelos. Torrej\u00f3n aprovech\u00f3 para pasarlo muy despacio, buscando una humillaci\u00f3n que no alcanzaba, pues sal\u00eda con la cara alta. Alarg\u00f3 e insisti\u00f3, aunque sin terminar de acoplarse con su oponente, que hab\u00eda perdido su inter\u00e9s en la tela, teniendo que desarrollar las tandas en tablas. Culmin\u00f3 por manoletinas para despu\u00e9s fallar con el acero y silenciado.<\/p>\n<p>Sali\u00f3 el tercero, al que <strong>Pedro Rufo<\/strong> breg\u00f3 hasta poder estirarse con el en su saludo capotero. Tambi\u00e9n brind\u00f3 a su compa\u00f1ero, al novillero Sergio Roll\u00f3n para despu\u00e9s iniciar su labor con la muleta pas\u00e1ndolo en el tercio, genuflexo, gan\u00e1ndole terreno hasta sacarlo a los medios. Continu\u00f3 sobre el derecho, toc\u00e1ndolo con insistencia y mucha voz en la cara, pas\u00e1ndolo en largo, baj\u00e1ndole la mano. Lo movi\u00f3 y cambi\u00f3 los terrenos para continuar sobre el derecho con tandas cortas y medidas. En el toreo al natural, lo llev\u00f3 con un toreo de mano baja en el que le marc\u00f3 el trazo con la ayuda. Una vez metido, se la dej\u00f3 puesta y tir\u00f3 de las embestidas. Entre adornos y seguridad con la tela lleg\u00f3 a los tendidos. Sin embargo, no tard\u00f3 en recuperar el pit\u00f3n derecho, con el que encontr\u00f3 mayor acople y lucimiento, pas\u00e1ndolo al comp\u00e1s de los \u00abol\u00e9\u00bb del respetable. El animal atend\u00eda, pero cada vez le costaba m\u00e1s, a pesar de ello, Rufo dej\u00f3 muletazos dotados de profundidad y clase. Sin embargo, pis\u00f3 terrenos peligrosos, insistiendo a un novillo que ya no atend\u00eda con la misma fijeza y lo prendi\u00f3 bruscamente, aunque sin aparentes consecuencias. Fall\u00f3 con el acero, teniendo que descabellar. Su entrega se vio premiada con una oreja.<\/p>\n<p>Recibi\u00f3 <strong>Jo\u00e3o Ribeiro Telles<\/strong> al segundo de su lote y cuarto de la tarde, con el que tuvo acierto en los rejones de castigo. Cambi\u00f3 de caballo y empez\u00f3 la suerte de banderillas, en la que lo busc\u00f3 en largo para dejarle los palos al quiebro. Tuvo que poner mucho de su parte . Los fue dejando con acierto, emocionando de nuevo a los tendidos, a los que apelaba para meterlos de lleno en su labor. Cambi\u00f3 los terrenos de su oponente y le busc\u00f3 las teclas para poder poner las banderillas. Culmin\u00f3 con unas rosas, apurando las distancias y escuchando un aviso antes de hundir un rej\u00f3n de muerte, con el que tard\u00f3 en doblar. Cort\u00f3 una oreja.<\/p>\n<p><strong>Nacho Torrej\u00f3n<\/strong> se luci\u00f3 en su saludo cpotero ante el quinto, llev\u00e1ndolo con el expresi\u00f3n y calado. Brind\u00f3 desde los medios y se fue a tablas para iniciar su faena. Lo tante\u00f3 y pas\u00f3 genuflexo, oblig\u00e1ndolo por abajo. Sin embargo, no tard\u00f3 en levantarle la mano y empezar a pasarlo con suavidad y muy despacio, tratando de mantenerlo. Continu\u00f3 sobre el izquierdo, aprovechando los vuelos, dej\u00e1ndoselos puestos en la cara y arrastrarlo tras ellos. Decidi\u00f3 cambiar al pit\u00f3n derecho sin acoplarse ni lograr que la faena tomara ritmo. Sin embargo, s\u00ed que hubo muletazos profundos y de cierto sabor sobre ese mismo pit\u00f3n, llev\u00e1ndoselo hasta el final.\u00a0 Tras haber encontrado el acople por el derecho, decidi\u00f3 mostrarlo al natural, toc\u00e1ndolo en la cara para pasarlo. Sin embargo, recuper\u00f3 el pit\u00f3n derecho, en el uno a uno, llev\u00e1ndolo con sabor y unas buenas pinceladas con las que lleg\u00f3 a los tendidos. Altern\u00f3 pitones ante un ejemplar que segu\u00eda embistiendo, aunque qued\u00e1ndose algo m\u00e1s corto. Culmin\u00f3 con unos naturales de mucha verdad y una estocada al segundo intento que bien le vali\u00f3 para cortar una oreja.<\/p>\n<p><strong>Navaluenga (\u00c1vila).<\/strong> Mi\u00e9rcoles 10 de septiembre de 2025. Reses para rejones de <strong>David Ribeiro Telles<\/strong> y novillos de <strong>La Cercada. <\/strong>El rejoneador<strong> Joao Ribeiro Telles, oreja y oreja; <\/strong>y los novilleros <strong>Nacho Torrej\u00f3n,<\/strong> que sustitu\u00eda\u00a0 a <strong>Sergio Roll\u00f3n, silencio y oreja; y Pedro Rufo, oreja y . Entrada<\/strong>: Media plaza. Al finalizar el pase\u00edllo, se entreg\u00f3 un ramo de flores al novillero<strong> Sergio Roll\u00f3n<\/strong>, que estaba anunciado en el cartel de d\u00eda de hoy, pero que tras el grave percance sufrido en <strong>Valdetorres de Jarama<\/strong> no pudo hacer el pase\u00edllo.<\/p>\n","protected":false},"excerpt":{"rendered":"Joao Ribeiro Telles recibi\u00f3 al primero de la tarde con hasta dos rejones de castigo,\u00a0 aunque de fallando&hellip;\n","protected":false},"author":2,"featured_media":106149,"comment_status":"","ping_status":"","sticky":false,"template":"","format":"standard","meta":{"footnotes":""},"categories":[277],"tags":[45,373,168,25,24,36797,1226,1227,23,167,625,374],"class_list":{"0":"post-106148","1":"post","2":"type-post","3":"status-publish","4":"format-standard","5":"has-post-thumbnail","7":"category-toreo","8":"tag-45","9":"tag-bullfighting","10":"tag-deportes","11":"tag-es","12":"tag-espana","13":"tag-navaluenga","14":"tag-noticias-de-toros","15":"tag-noticias-taurinas","16":"tag-spain","17":"tag-sports","18":"tag-tauromaquia","19":"tag-toreo"},"share_on_mastodon":{"url":"","error":""},"_links":{"self":[{"href":"https:\/\/www.europesays.com\/es\/wp-json\/wp\/v2\/posts\/106148","targetHints":{"allow":["GET"]}}],"collection":[{"href":"https:\/\/www.europesays.com\/es\/wp-json\/wp\/v2\/posts"}],"about":[{"href":"https:\/\/www.europesays.com\/es\/wp-json\/wp\/v2\/types\/post"}],"author":[{"embeddable":true,"href":"https:\/\/www.europesays.com\/es\/wp-json\/wp\/v2\/users\/2"}],"replies":[{"embeddable":true,"href":"https:\/\/www.europesays.com\/es\/wp-json\/wp\/v2\/comments?post=106148"}],"version-history":[{"count":0,"href":"https:\/\/www.europesays.com\/es\/wp-json\/wp\/v2\/posts\/106148\/revisions"}],"wp:featuredmedia":[{"embeddable":true,"href":"https:\/\/www.europesays.com\/es\/wp-json\/wp\/v2\/media\/106149"}],"wp:attachment":[{"href":"https:\/\/www.europesays.com\/es\/wp-json\/wp\/v2\/media?parent=106148"}],"wp:term":[{"taxonomy":"category","embeddable":true,"href":"https:\/\/www.europesays.com\/es\/wp-json\/wp\/v2\/categories?post=106148"},{"taxonomy":"post_tag","embeddable":true,"href":"https:\/\/www.europesays.com\/es\/wp-json\/wp\/v2\/tags?post=106148"}],"curies":[{"name":"wp","href":"https:\/\/api.w.org\/{rel}","templated":true}]}}