{"id":106150,"date":"2025-09-10T19:19:11","date_gmt":"2025-09-10T19:19:11","guid":{"rendered":"https:\/\/www.europesays.com\/es\/106150\/"},"modified":"2025-09-10T19:19:11","modified_gmt":"2025-09-10T19:19:11","slug":"subire-con-una-nueva-identidad","status":"publish","type":"post","link":"https:\/\/www.europesays.com\/es\/106150\/","title":{"rendered":"\u00abSubir\u00e9 con una nueva identidad\u00bb"},"content":{"rendered":"<p class=\"paragraph\">el apodo de &#8216;El Matador&#8217; lleva acompa\u00f1ando a Ilia Topuria a lo largo de toda su trayectoria profesional en la UFC. Con ese sobrenombre, el luchador hispano-georgiano se convirti\u00f3 en campe\u00f3n del mundo de peso pluma frente al australiano <b>Alexander Volkanovski<\/b> en febrero del a\u00f1o pasado y defendi\u00f3, con \u00e9xito, el cintur\u00f3n frente a <b>Max Holloway<\/b> en octubre de 2024.<\/p>\n<p class=\"paragraph\"><b>Todo el mundo asociaba el apelativo &#8216;El Matador&#8217; con Topuria. <\/b>Sin embargo, ahora que ha dado el salto a la categor\u00eda de peso ligero para seguir haciendo historia en la UFC, el luchador hispano-georgiano ha tomado la decisi\u00f3n de desprenderse de manera definitiva del apodo de toda la vida para utilizar otro que se anunciar\u00e1 pr\u00f3ximamente.<\/p>\n<p class=\"paragraph\">Topuria comunic\u00f3 esa decisi\u00f3n a trav\u00e9s de un cr\u00edptico mensaje en la red social X (antes Twitter): \u00abEl Matador ha sido mi aliado en cada pelea. <b>Pero la pr\u00f3xima vez, subir\u00e9 al oct\u00f3gono con una nueva identidad.<\/b> #NewEra\u00bb.<\/p>\n<p class=\"paragraph\"><b>Este nuevo apodo se conocer\u00e1 en cuanto Topuria anuncie su pr\u00f3xima pelea. <\/b>El pasado 20 de febrero anunci\u00f3 que pasaba del peso pluma al ligero y, desde ese d\u00eda, todo han sido meras especulaciones. No hay nada en firme todav\u00eda. El referente en esta categor\u00eda es <b>Islam Makhachev<\/b>, pero el luchador daguestan\u00ed (de momento) no ha aceptado una pelea contra Ilia Topuria.<\/p>\n<p class=\"paragraph\">Las negativas de Makhachev han hecho que el foco se ponga en <b>Charles Oliveira<\/b>, excampe\u00f3n de peso ligero. Y en ese sentido, el luchador brasile\u00f1o no ha visto con malos ojos un combate frente a Topuria. Eso s\u00ed, antes de que se vean las caras, el hispano-georgiano tendr\u00e1 que ganar un combate para disputarse el cintur\u00f3n de peso ligero con Oliveira.<\/p>\n<p class=\"paragraph\">Esa es la condici\u00f3n que ha impuesto el brasile\u00f1o para medirse al campe\u00f3n de peso pluma, t\u00edtulo que perder\u00e1 el pr\u00f3ximo 14 de abril, fecha en la que se enfrentar\u00e1n Alexander Volkanovski y <b>Diego Lopes.<\/b><\/p>\n","protected":false},"excerpt":{"rendered":"el apodo de &#8216;El Matador&#8217; lleva acompa\u00f1ando a Ilia Topuria a lo largo de toda su trayectoria profesional&hellip;\n","protected":false},"author":2,"featured_media":106151,"comment_status":"","ping_status":"","sticky":false,"template":"","format":"standard","meta":{"footnotes":""},"categories":[276],"tags":[168,25,24,23,167,343],"class_list":{"0":"post-106150","1":"post","2":"type-post","3":"status-publish","4":"format-standard","5":"has-post-thumbnail","7":"category-ufc","8":"tag-deportes","9":"tag-es","10":"tag-espana","11":"tag-spain","12":"tag-sports","13":"tag-ufc"},"share_on_mastodon":{"url":"","error":""},"_links":{"self":[{"href":"https:\/\/www.europesays.com\/es\/wp-json\/wp\/v2\/posts\/106150","targetHints":{"allow":["GET"]}}],"collection":[{"href":"https:\/\/www.europesays.com\/es\/wp-json\/wp\/v2\/posts"}],"about":[{"href":"https:\/\/www.europesays.com\/es\/wp-json\/wp\/v2\/types\/post"}],"author":[{"embeddable":true,"href":"https:\/\/www.europesays.com\/es\/wp-json\/wp\/v2\/users\/2"}],"replies":[{"embeddable":true,"href":"https:\/\/www.europesays.com\/es\/wp-json\/wp\/v2\/comments?post=106150"}],"version-history":[{"count":0,"href":"https:\/\/www.europesays.com\/es\/wp-json\/wp\/v2\/posts\/106150\/revisions"}],"wp:featuredmedia":[{"embeddable":true,"href":"https:\/\/www.europesays.com\/es\/wp-json\/wp\/v2\/media\/106151"}],"wp:attachment":[{"href":"https:\/\/www.europesays.com\/es\/wp-json\/wp\/v2\/media?parent=106150"}],"wp:term":[{"taxonomy":"category","embeddable":true,"href":"https:\/\/www.europesays.com\/es\/wp-json\/wp\/v2\/categories?post=106150"},{"taxonomy":"post_tag","embeddable":true,"href":"https:\/\/www.europesays.com\/es\/wp-json\/wp\/v2\/tags?post=106150"}],"curies":[{"name":"wp","href":"https:\/\/api.w.org\/{rel}","templated":true}]}}