{"id":106162,"date":"2025-09-10T19:25:10","date_gmt":"2025-09-10T19:25:10","guid":{"rendered":"https:\/\/www.europesays.com\/es\/106162\/"},"modified":"2025-09-10T19:25:10","modified_gmt":"2025-09-10T19:25:10","slug":"son-mis-amigos-pero-en-relacion-a-la-venta-no-hay-nada","status":"publish","type":"post","link":"https:\/\/www.europesays.com\/es\/106162\/","title":{"rendered":"\u00abSon mis amigos, pero en relaci\u00f3n a la venta no hay nada\u00bb"},"content":{"rendered":"<p>Del Nido Carrasco reitera que cuenta con el apoyo de la mayor\u00eda accionarial para seguir en el cargo<\/p>\n<p><img fetchpriority=\"high\" class=\"voc-img\" src=\"https:\/\/www.europesays.com\/es\/wp-content\/uploads\/2025\/09\/1498222291-RFr7EAKLUT20ZMpkCAK5gbP-1200x840@diario_abc.jpg\" loading=\"eager\" decoding=\"async\" alt=\"Antonio Lapp\u00ed, en un acto reciente\" width=\"1200\" height=\"840\"\/><\/p>\n<p>Antonio Lapp\u00ed, en un acto reciente      <\/p>\n<p><img decoding=\"async\" class=\"voc-author__img\" src=\"https:\/\/www.europesays.com\/es\/wp-content\/uploads\/2025\/08\/autor-4184-foto-8.jpeg\" alt=\"Candela V\u00e1zquez\"\/><\/p>\n<p class=\"voc-p\" style=\"\">En la amplia comparecencia de <strong>Jos\u00e9 Mar\u00eda del Nido Carrasco<\/strong> tambi\u00e9n ha habido cuestiones sobre la posible venta de acciones del Sevilla. Si la <strong>tercera v\u00eda encabezada por Antonio Lapp\u00ed y Fede Quintero<\/strong> manifest\u00f3 su intenci\u00f3n de comprar, el presidente ha indicado que esa alternativa se encuentra bloqueada y sin novedades, pese a se\u00f1alar la buena relaci\u00f3n que mantiene con ambos empresarios.<\/p>\n<p class=\"voc-p\" style=\"\">\u00abFede Quintero es mi amigo de toda la vida, Antonio Lapp\u00ed, tambi\u00e9n, aunque de menos tiempo. <strong>En relaci\u00f3n a la venta no hay nada<\/strong>. Si vendo mis acciones, que son algo m\u00e1s de 150, va a haber pocos cambios en el accionariado del Sevilla\u00ab, ha manifestado el presidente sevillista sobre esa alternativa que se postul\u00f3 para que se produzcan cambios en el puesto de mando del club.<\/p>\n<p class=\"voc-p\" style=\"\">Precisamente, Del Nido Carrasco ha reiterado que cuenta con el respaldo de la mayor\u00eda accionarial para seguir en el cargo, pese a las peticiones de dimisi\u00f3n de parte de los aficionados. \u00abLo he contestado, aqu\u00ed hay una Sociedad An\u00f3nima Deportiva y el capital nombra un consejo. Ah\u00ed est\u00e1n los due\u00f1os que han hecho las cosas muy bien muchos a\u00f1os y dos temporadas malas. <strong>Estoy centrado en la regeneraci\u00f3n econ\u00f3mica y deportiva del Sevilla<\/strong>. Aqu\u00ed hay una SAD donde rige el capital, se nombr\u00f3 un consejo por seis a\u00f1os y el consejo cuenta con el respaldo de la mayor\u00eda accionarial\u00bb, ha dejado claro el presidente.<\/p>\n<p class=\"voc-p\" style=\"\">\u00ab<strong>Estoy convencido de que le vamos a dar la vuelta a la situaci\u00f3n<\/strong> porque soy sevillista y tengo la responsabilidad de ser el presidente. Hay que apoyar al equipo, la afici\u00f3n siempre est\u00e1, y queremos conseguir que el S\u00e1nchez-Pizju\u00e1n sea ese campo en el que cuando vienen como rivales les tiemblan las piernas y los jugadores despu\u00e9s quieren jugar aqu\u00ed con nosotros\u00bb, ha afirmado Del Nido Carrasco para zanjar cualquier asunto sobre su futuro en la entidad.<\/p>\n<p>Reportar un error<\/p>\n","protected":false},"excerpt":{"rendered":"Del Nido Carrasco reitera que cuenta con el apoyo de la mayor\u00eda accionarial para seguir en el cargo&hellip;\n","protected":false},"author":2,"featured_media":106163,"comment_status":"","ping_status":"","sticky":false,"template":"","format":"standard","meta":{"footnotes":""},"categories":[268],"tags":[19156,36799,168,25,24,280,282,5977,1171,1262,281,23,167,2393,2913,3252],"class_list":{"0":"post-106162","1":"post","2":"type-post","3":"status-publish","4":"format-standard","5":"has-post-thumbnail","7":"category-futbol","8":"tag-amigos","9":"tag-bloqueada","10":"tag-deportes","11":"tag-es","12":"tag-espana","13":"tag-football","14":"tag-futbol","15":"tag-relacion","16":"tag-sevilla","17":"tag-sigue","18":"tag-soccer","19":"tag-spain","20":"tag-sports","21":"tag-tercera","22":"tag-venta","23":"tag-via"},"share_on_mastodon":{"url":"","error":""},"_links":{"self":[{"href":"https:\/\/www.europesays.com\/es\/wp-json\/wp\/v2\/posts\/106162","targetHints":{"allow":["GET"]}}],"collection":[{"href":"https:\/\/www.europesays.com\/es\/wp-json\/wp\/v2\/posts"}],"about":[{"href":"https:\/\/www.europesays.com\/es\/wp-json\/wp\/v2\/types\/post"}],"author":[{"embeddable":true,"href":"https:\/\/www.europesays.com\/es\/wp-json\/wp\/v2\/users\/2"}],"replies":[{"embeddable":true,"href":"https:\/\/www.europesays.com\/es\/wp-json\/wp\/v2\/comments?post=106162"}],"version-history":[{"count":0,"href":"https:\/\/www.europesays.com\/es\/wp-json\/wp\/v2\/posts\/106162\/revisions"}],"wp:featuredmedia":[{"embeddable":true,"href":"https:\/\/www.europesays.com\/es\/wp-json\/wp\/v2\/media\/106163"}],"wp:attachment":[{"href":"https:\/\/www.europesays.com\/es\/wp-json\/wp\/v2\/media?parent=106162"}],"wp:term":[{"taxonomy":"category","embeddable":true,"href":"https:\/\/www.europesays.com\/es\/wp-json\/wp\/v2\/categories?post=106162"},{"taxonomy":"post_tag","embeddable":true,"href":"https:\/\/www.europesays.com\/es\/wp-json\/wp\/v2\/tags?post=106162"}],"curies":[{"name":"wp","href":"https:\/\/api.w.org\/{rel}","templated":true}]}}