{"id":106188,"date":"2025-09-10T19:39:23","date_gmt":"2025-09-10T19:39:23","guid":{"rendered":"https:\/\/www.europesays.com\/es\/106188\/"},"modified":"2025-09-10T19:39:23","modified_gmt":"2025-09-10T19:39:23","slug":"el-tsj-catalan-anula-el-decreto-de-la-generalitat-que-busca-conservar-el-modelo-de-escuela-en-catalan","status":"publish","type":"post","link":"https:\/\/www.europesays.com\/es\/106188\/","title":{"rendered":"El TSJ catal\u00e1n anula el decreto de la Generalitat que busca conservar el modelo de escuela en catal\u00e1n"},"content":{"rendered":"<p class=\"article-text\">\n        La Justicia ha procurado un nuevo rev\u00e9s a los defensores del modelo de escuela en catal\u00e1n, conocido popularmente como inmersi\u00f3n ling\u00fc\u00edstica. Una sentencia del Tribunal Superior de Justicia de Catalunya (TSJC) ha anulado el grueso del decreto de 2024 de r\u00e9gimen ling\u00fc\u00edstico del sistema educativo catal\u00e1n, una de las distintas normativas desplegadas en los \u00faltimos a\u00f1os por parte de la Generalitat para preservar la escuela en catal\u00e1n y, al mismo tiempo, sortear <a href=\"http:\/\/eldiario.es\/catalunya\/inmersion-25-castellano-catalunya-explora-nuevo-consenso-modelo-linguistico_1_8860818.html\" target=\"_blank\" data-mrf-recirculation=\"links-noticia\" class=\"link\" rel=\"nofollow noopener\">la obligaci\u00f3n desde hace a\u00f1os de impartir un 25% de las clases de castellano<\/a>.\u00a0\n    <\/p>\n<p>    <a href=\"https:\/\/www.eldiario.es\/catalunya\/consejo-europa-recrimina-imposicion-25-castellano-aulas-catalunya_1_11676986.html\" data-mrf-recirculation=\"saber-mas\" data-dl-event=\"saber-mas\" rel=\"nofollow noopener\" target=\"_blank\"><\/p>\n<p class=\"know-more__title\">El Consejo de Europa considera \u00abpreocupante\u00bb imponer el 25% de castellano en las aulas de Catalunya<\/p>\n<p>            <img decoding=\"async\" class=\"lazy\" loading=\"lazy\" data-src=\"https:\/\/static.eldiario.es\/clip\/2fee9adc-5c76-4b89-baa0-4443b18a0b4b_16-9-aspect-ratio_default_0.jpg\" src=\"data:image\/svg+xml,%3Csvg xmlns=\" http:=\"\" viewbox=\"0 0 880 495\" alt=\"El Consejo de Europa considera &quot;preocupante&quot; imponer el 25% de castellano en las aulas de Catalunya\"\/><\/p>\n<p>                        <\/a><\/p>\n<p class=\"article-text\">\n        El TSJC ha tumbado en su sentencia una docena de art\u00edculos del decreto, entre los que destacan los que fijan el catal\u00e1n como lengua \u201cnormalmente usada\u201d como vehicular, y el castellano como lengua de uso curricular a criterio de cada centro. Cabe recordar adem\u00e1s que este decreto, de 2024, <a href=\"https:\/\/www.eldiario.es\/catalunya\/justicia-suspende-ultimo-decreto-generalitat-modelo-escuela-catalan_1_11502812.html\" target=\"_blank\" data-mrf-recirculation=\"links-noticia\" class=\"link\" rel=\"nofollow noopener\">ya estaba suspendido cautelarmente por parte del tribunal desde julio de ese a\u00f1o<\/a>, debido al mismo recurso de la Asamblea por una Escuela Biling\u00fce (AEB) que ahora se ha resuelto.\u00a0\n    <\/p>\n<p class=\"article-text\">\n        Este decreto \u2013ahora anulado\u2013 forma parte del engranaje dise\u00f1ado por el Govern de la Generalitat, junto con la mayor\u00eda de fuerzas pol\u00edticas del Parlament, para no alterar el modelo ling\u00fc\u00edstico escolar a pesar de las sentencias judiciales que le obligan a introducir el castellano como lengua tambi\u00e9n vehicular. La norma de mayor peso en este sentido es <a href=\"https:\/\/www.eldiario.es\/catalunya\/parlament-aprueba-nueva-ley-lenguas-escuela-apoyo-78-pleno_1_9063229.html\" target=\"_blank\" data-mrf-recirculation=\"links-noticia\" class=\"link\" rel=\"nofollow noopener\">la ley de lenguas aprobada por la C\u00e1mara catalana en 2022<\/a>, con los votos de PSC, ERC, Junts y Comuns, y cuya viabilidad est\u00e1 pendiente del pronunciamiento por parte del Tribunal Constitucional (TC).\u00a0\n    <\/p>\n<p class=\"article-text\">\n        Mientras tanto, en lo que respecta a este decreto de r\u00e9gimen ling\u00fc\u00edstico de 2024, el TSJC considera que su inclusi\u00f3n del castellano como lengua curricular, que dependa del proyecto ling\u00fc\u00edstico de cada escuela e instituto, no es suficiente para cumplir con la Constituci\u00f3n. \u201cLa ausencia de menci\u00f3n alguna al castellano como lengua vehicular de la ense\u00f1anza\u201d, argumentan, \u201cno permite considerar que resulte garantizada su presencia adecuada ni que existan instrumentos de control y evaluaci\u00f3n\u201d para que el alumnado alcance la competencia adecuada en este idioma.\u00a0\n    <\/p>\n<p class=\"article-text\">\n        La sentencia da a entender que el castellano quedar\u00eda como lengua instrumental o residual, excluida como vehicular. \u201cNo establece una presencia razonable del castellano en la ense\u00f1anza, sino que determina una situaci\u00f3n de desequilibrio a favor de la lengua catalana, sin que las \u00ednfimas y gen\u00e9ricas previsiones contenidas relativas a la lengua castellana, en el sentido de acreditar su conocimiento en la ense\u00f1anza, permitan considerar que se respete la garant\u00eda de una ense\u00f1anza equilibrada del castellano\u201d, razonan los magistrados.\n    <\/p>\n<p class=\"article-text\">\n        En concreto, los art\u00edculos que el tribunal declara nulos de pleno derecho son los 2, 4, 6, 7.2, 9.3b, 10, 18.a, 19, 24, 33 y 34.1. Entre otras cosas, estos fijaban el catal\u00e1n \u2013y el aran\u00e9s en la Val d&#8217;Aran\u2013 como lenguas normalmente vehiculares y de relaciones con las familias, los materiales did\u00e1cticos y las evaluaciones. La sentencia puede recurrirse.\n    <\/p>\n<p class=\"article-text\">\n        Tambi\u00e9n se ha anulado que el catal\u00e1n sea la lengua auxiliar prioritaria para ense\u00f1ar idiomas extranjeros o la lengua \u00fanica de acogida del alumnado reci\u00e9n llegado sin prever mecanismos de aprendizaje equilibrado del castellano. Tambi\u00e9n se anula la obligaci\u00f3n de que el catal\u00e1n sea la lengua de los docentes tanto en las actividades lectivas como no lectivas, formales o informales, y que el personal no docente y de actividades extraescolares sea competente en catal\u00e1n y cumpla el proyecto ling\u00fc\u00edstico del centro.\n    <\/p>\n<p class=\"article-text\">\n        La AEB ha celebrado la sentencia porque obliga a los centros a incorporar el castellano como lengua no s\u00f3lo de una asignatura \u2013lo que ser\u00eda el tan mencionado 25%\u2013, sino tambi\u00e9n vehicular de otras materias y \u00e1mbitos. Por ello, la AEB exige a la Generalitat que cumpla sin demora la sentencia y \u201creforme el modelo educativo para garantizar los derechos ling\u00fc\u00edsticos de todos los alumnos en Catalunya y deje de una vez por todas de inventar procedimientos fraudulentos para evitar que el castellano sea tambi\u00e9n lengua vehicular de ense\u00f1anza en Catalunya\u201d.\n    <\/p>\n<p>    <strong>El Govern recurrir\u00e1 la sentencia<\/strong><\/p>\n<p class=\"article-text\">\n        Ante la decisi\u00f3n del tribunal, el president de la Generalitat, Salvador Illa, ha anunciado que su Govern recurrir\u00e1 la sentencia. \u201cEl catal\u00e1n es la lengua de Catalunya y haremos todo lo que haga falta para que siga siendo as\u00ed\u201d. Illa ha defendido el modelo ling\u00fc\u00edstico de la escuela catalana en un encuentro con alcaldes afectados por los incendios de este verano. En un tono m\u00e1s elevado del que le caracteriza, Illa ha proclamado: \u201cNo permitiremos que nadie haga uso pol\u00edtico de la lengua, que es lo peor que se puede hacer para la convivencia\u201d\n    <\/p>\n<p class=\"article-text\">\n        El anuncio de Illa ha venido despu\u00e9s de que diversas entidades y partidos pidieran al Govern que recurriera la sentencia. Partidos como ERC, Junts O CUP, adem\u00e1s de los principales sindicatos y entidades como \u00d2mnium Cultural, han rechazado el fallo.\u00a0\n    <\/p>\n<p class=\"article-text\">\n        Desde ERC consideran que la resoluci\u00f3n judicial es una \u201camenaza\u201d contra Catalunya. El portavoz de los republicanos en el Congreso, Gabriel Rufi\u00e1n, ha reclamado al PSC que \u201cayude\u201d a defender el catal\u00e1n y que se mantengan firmes en su decisi\u00f3n de \u201cdefender la inmersi\u00f3n ling\u00fc\u00edstica\u201d. Por otro lado, ha pedido a Junts, Comuns y la CUP que se avengan a ir juntos en \u201cuna cuesti\u00f3n tan nuclear\u201d.\n    <\/p>\n<p class=\"article-text\">\n        La portavoz de Junts en el Parlament, M\u00f2nica Sales, ha denunciado lo que considera una \u201cinjerencia\u201d y un \u201cataque\u201d por parte del TSJC y ha instado a Illa a desobedecer la sentencia.\n    <\/p>\n<p class=\"article-text\">\n        Desde las entidades como \u00d2mnium Cultural tambi\u00e9n han lamentado el fallo. \u201cLa obsesi\u00f3n de un juez est\u00e1 dinamitando nuestra escuela\u201d, han dicho en una publicaci\u00f3n en X. \u201cNo podemos permitir que un tribunal politizado y anticatalanista desmonte un consenso parlamentario y social avalado durante d\u00e9cadas\u201d, han a\u00f1adido.\n    <\/p>\n<p>    <a href=\"https:\/\/www.eldiario.es\/catalunya\/justicia-suspende-ultimo-decreto-generalitat-modelo-escuela-catalan_1_11502812.html\" data-mrf-recirculation=\"saber-mas-abajo\" data-dl-event=\"saber-mas-abajo\" rel=\"nofollow noopener\" target=\"_blank\"><\/p>\n<p class=\"know-more__title\">La Justicia suspende cautelarmente el decreto de la Generalitat sobre el modelo de escuela en catal\u00e1n\n<\/p>\n<p>            <img decoding=\"async\" class=\"lazy\" loading=\"lazy\" data-src=\"https:\/\/static.eldiario.es\/clip\/15c5a1d8-267e-45ea-beed-cc2c6ff6b830_16-9-aspect-ratio_default_0.jpg\" src=\"data:image\/svg+xml,%3Csvg xmlns=\" http:=\"\" viewbox=\"0 0 880 495\" alt=\"La Justicia suspende el \u00faltimo decreto de la Generalitat sobre el modelo de escuela en catal\u00e1n\"\/><\/p>\n<p>                        <\/a><\/p>\n<p class=\"article-text\">\n        Los docentes tambi\u00e9n se han posicionado ante lo que consideran un \u201cataque frontal\u201d al modelo de escuela. Desde el sindicato USTEC-STEs, el mayoritario en la ense\u00f1anza p\u00fablica, han pedido al Govern medidas \u201cvalientes\u201d para blindar el uso de la lengua en los centros. Tambi\u00e9n se han dirigido a la comunidad educativa para pedirle \u201cpersistencia\u201d en la defensa del catal\u00e1n.\n    <\/p>\n","protected":false},"excerpt":{"rendered":"La Justicia ha procurado un nuevo rev\u00e9s a los defensores del modelo de escuela en catal\u00e1n, conocido popularmente&hellip;\n","protected":false},"author":2,"featured_media":106189,"comment_status":"","ping_status":"","sticky":false,"template":"","format":"standard","meta":{"footnotes":""},"categories":[5],"tags":[517,210,17,18,1980,95,25,24,13,14,11,1982,19,20,9,10,15,16,1981,952,23,12,21,22],"class_list":{"0":"post-106188","1":"post","2":"type-post","3":"status-publish","4":"format-standard","5":"has-post-thumbnail","7":"category-titulares","8":"tag-actualidad","9":"tag-barcelona","10":"tag-breaking-news","11":"tag-breakingnews","12":"tag-cataluna","13":"tag-economia","14":"tag-es","15":"tag-espana","16":"tag-featured-news","17":"tag-featurednews","18":"tag-headlines","19":"tag-ignacio-escolar","20":"tag-latest-news","21":"tag-latestnews","22":"tag-news","23":"tag-noticias","24":"tag-noticias-destacadas","25":"tag-noticiasdestacadas","26":"tag-periodismo-independiente","27":"tag-politica","28":"tag-spain","29":"tag-titulares","30":"tag-ultimas-noticias","31":"tag-ultimasnoticias"},"share_on_mastodon":{"url":"","error":""},"_links":{"self":[{"href":"https:\/\/www.europesays.com\/es\/wp-json\/wp\/v2\/posts\/106188","targetHints":{"allow":["GET"]}}],"collection":[{"href":"https:\/\/www.europesays.com\/es\/wp-json\/wp\/v2\/posts"}],"about":[{"href":"https:\/\/www.europesays.com\/es\/wp-json\/wp\/v2\/types\/post"}],"author":[{"embeddable":true,"href":"https:\/\/www.europesays.com\/es\/wp-json\/wp\/v2\/users\/2"}],"replies":[{"embeddable":true,"href":"https:\/\/www.europesays.com\/es\/wp-json\/wp\/v2\/comments?post=106188"}],"version-history":[{"count":0,"href":"https:\/\/www.europesays.com\/es\/wp-json\/wp\/v2\/posts\/106188\/revisions"}],"wp:featuredmedia":[{"embeddable":true,"href":"https:\/\/www.europesays.com\/es\/wp-json\/wp\/v2\/media\/106189"}],"wp:attachment":[{"href":"https:\/\/www.europesays.com\/es\/wp-json\/wp\/v2\/media?parent=106188"}],"wp:term":[{"taxonomy":"category","embeddable":true,"href":"https:\/\/www.europesays.com\/es\/wp-json\/wp\/v2\/categories?post=106188"},{"taxonomy":"post_tag","embeddable":true,"href":"https:\/\/www.europesays.com\/es\/wp-json\/wp\/v2\/tags?post=106188"}],"curies":[{"name":"wp","href":"https:\/\/api.w.org\/{rel}","templated":true}]}}