{"id":106194,"date":"2025-09-10T19:43:08","date_gmt":"2025-09-10T19:43:08","guid":{"rendered":"https:\/\/www.europesays.com\/es\/106194\/"},"modified":"2025-09-10T19:43:08","modified_gmt":"2025-09-10T19:43:08","slug":"fermin-guerendiain-santiago-baileres-y-jose-santa-cruz-y-celina-zucchiatti-lideran-en-los-jadar","status":"publish","type":"post","link":"https:\/\/www.europesays.com\/es\/106194\/","title":{"rendered":"Ferm\u00edn Guerendiain, Santiago Baileres y Jos\u00e9 Santa Cruz, y Celina Zucchiatti, lideran en los JADAR"},"content":{"rendered":"<p><img fetchpriority=\"high\" decoding=\"async\" class=\" wp-image-115301 aligncenter\" src=\"https:\/\/www.europesays.com\/es\/wp-content\/uploads\/2025\/09\/jadar.png\" alt=\"\" width=\"435\" height=\"175\"  \/><\/p>\n<p>Finalizada la primera ronda, se da un triple empate entre los Varones. Los representantes de Buenos Aires, Ferm\u00edn Guerendiain y Santiago Baileres, igualan con Jos\u00e9 Santa Cruz de Santa Fe; los tres registran un total de 70 golpes, dos bajo el par del Jockey Club de Rosario, estableciendo m\u00ednima ventaja sobre Mariano Arraigada, tambi\u00e9n de la provincia anfitriona, y sobre el bonaerense Tom\u00e1s Alejo Putz.<\/p>\n<p>En Mujeres, Celina Zucchiatti de Buenos Aires lidera con 73 golpes, +1, y cuenta con ventaja de dos sobre Milagros Giordani, representante de la misma provincia. Agustina Bonino de Santa Fe registra 77 golpes y cierran las primeras cinco posiciones Anna Rold\u00e1n Sewald de C\u00f3rdoba y Lucila Benzadon de Santa Fe, con parciales de 78 y 79 golpes, respectivamente.<\/p>\n<p><strong>Informaci\u00f3n previa<\/strong><\/p>\n<p>Los Juegos Argentinos de Alto Rendimiento son organizados por el Comit\u00e9 Ol\u00edmpico Argentino y el Comit\u00e9 Paral\u00edmpico Argentino, y re\u00faenen \u00a0a m\u00e1s de 3000 atletas que participar\u00e1n en m\u00e1s de cincuenta disciplinas. Rosario es la sede de la primera edici\u00f3n del evento, que se disputar\u00e1 cada cuatro a\u00f1os.<\/p>\n<p>Representantes de veinticuatro distritos del pa\u00eds intervendr\u00e1n en el ecuentro, antesala de los Juegos Odesur 2026, que se disputar\u00e1n entre el 12 y el 26 de septiembre de 2026 en la provincia de Santa Fe. \u00a0Vale destacar que el golf particip\u00f3 en los Juegos Ol\u00edmpicos en Par\u00eds 1900 y Saint Louis 1904, y volvi\u00f3 al programa ol\u00edmpico en R\u00edo 2016.<\/p>\n<p>\u00a0<\/p>\n","protected":false},"excerpt":{"rendered":"Finalizada la primera ronda, se da un triple empate entre los Varones. Los representantes de Buenos Aires, Ferm\u00edn&hellip;\n","protected":false},"author":2,"featured_media":106195,"comment_status":"","ping_status":"","sticky":false,"template":"","format":"standard","meta":{"footnotes":""},"categories":[275],"tags":[168,25,24,329,23,167],"class_list":{"0":"post-106194","1":"post","2":"type-post","3":"status-publish","4":"format-standard","5":"has-post-thumbnail","7":"category-golf","8":"tag-deportes","9":"tag-es","10":"tag-espana","11":"tag-golf","12":"tag-spain","13":"tag-sports"},"share_on_mastodon":{"url":"","error":""},"_links":{"self":[{"href":"https:\/\/www.europesays.com\/es\/wp-json\/wp\/v2\/posts\/106194","targetHints":{"allow":["GET"]}}],"collection":[{"href":"https:\/\/www.europesays.com\/es\/wp-json\/wp\/v2\/posts"}],"about":[{"href":"https:\/\/www.europesays.com\/es\/wp-json\/wp\/v2\/types\/post"}],"author":[{"embeddable":true,"href":"https:\/\/www.europesays.com\/es\/wp-json\/wp\/v2\/users\/2"}],"replies":[{"embeddable":true,"href":"https:\/\/www.europesays.com\/es\/wp-json\/wp\/v2\/comments?post=106194"}],"version-history":[{"count":0,"href":"https:\/\/www.europesays.com\/es\/wp-json\/wp\/v2\/posts\/106194\/revisions"}],"wp:featuredmedia":[{"embeddable":true,"href":"https:\/\/www.europesays.com\/es\/wp-json\/wp\/v2\/media\/106195"}],"wp:attachment":[{"href":"https:\/\/www.europesays.com\/es\/wp-json\/wp\/v2\/media?parent=106194"}],"wp:term":[{"taxonomy":"category","embeddable":true,"href":"https:\/\/www.europesays.com\/es\/wp-json\/wp\/v2\/categories?post=106194"},{"taxonomy":"post_tag","embeddable":true,"href":"https:\/\/www.europesays.com\/es\/wp-json\/wp\/v2\/tags?post=106194"}],"curies":[{"name":"wp","href":"https:\/\/api.w.org\/{rel}","templated":true}]}}