{"id":106198,"date":"2025-09-10T19:45:13","date_gmt":"2025-09-10T19:45:13","guid":{"rendered":"https:\/\/www.europesays.com\/es\/106198\/"},"modified":"2025-09-10T19:45:13","modified_gmt":"2025-09-10T19:45:13","slug":"recorrido-definitivo-de-la-vuelta-en-salamanca-baches-y-una-obra-complican-salida-y-entrada-de-la-ciudad","status":"publish","type":"post","link":"https:\/\/www.europesays.com\/es\/106198\/","title":{"rendered":"Recorrido definitivo de La Vuelta en Salamanca: baches y una obra complican salida y entrada de la ciudad"},"content":{"rendered":"<p><a class=\"v-mdl-ath__fig-a\" href=\"https:\/\/www.salamancahoy.es\/autor\/felix-oliva-5455.html\" title=\"F\u00e9lix Oliva\" rel=\"nofollow noopener\" target=\"_blank\"><br \/>\n<img decoding=\"async\" class=\"v-mdl-ath__img\" src=\"https:\/\/www.europesays.com\/es\/wp-content\/uploads\/2025\/07\/autor-5455-foto-2.jpeg\" alt=\"F\u00e9lix Oliva\"\/><br \/>\n<\/a><\/p>\n<p class=\"v-mdl-ath__p v-mdl-ath__p--6\">\nMi\u00e9rcoles, 10 de septiembre 2025, 18:24<\/p>\n<p class=\"v-p\">Un peque\u00f1o tramo de carretera sin arreglar va a trastocar ligeramente el recorrido de las decimonovena etapa de La Vuelta, que pasa por Salamanca capital la tarde del viernes. Un trayecto que estar\u00e1 totalmente perimetrado y vallado y en el que habr\u00e1 especial seguridad tras las protestas de los \u00faltimos d\u00edas en torno a la carrera.<\/p>\n<p class=\"v-p\">El ajuste del recorrido se ha producido en los \u00faltimos d\u00edas y es oficial con el plan de cortes de circulaci\u00f3n previsto por el Ayuntamiento de Salamanca. La carrera iba a entrar por la carretera de Zamora, el acceso del Helm\u00e1ntico, tras pasar por Villares de la Reina procedente de la carretera de Fuentesa\u00faco.<\/p>\n<p><a href=\"http:\/\/www.salamancahoy.es\/salamanca\/ciudad\/cortes-trafico-motivo-paso-vuelta-salamanca-20250910150114-nt.html#vtm_modulosEngag=mod-rel:salamanca:noticia:1:cmp:2-not\" class=\"v-a-link\" title=\"Cortes de tr\u00e1fico con motivo del paso de la Vuelta por Salamanca\" rel=\"nofollow noopener\" target=\"_blank\"><br \/>\n<img decoding=\"async\" loading=\"lazy\" class=\"v-a-img\" src=\"https:\/\/www.europesays.com\/es\/wp-content\/uploads\/2025\/09\/vuelta-khpG--366x256@SalamancaHoy.jpg\" alt=\"Cortes de tr\u00e1fico con motivo del paso de la Vuelta por Salamanca\"\/><br \/>\n<\/a><\/p>\n<p><a href=\"http:\/\/www.salamancahoy.es\/salamanca\/ciudad\/impresionante-operativo-paso-vuelta-salamanca-blindara-carrera-20250909143530-nt.html#vtm_modulosEngag=mod-rel:salamanca:noticia:2:cmp:2-not\" class=\"v-a-link\" title=\"As\u00ed es el impresionante operativo al paso de la Vuelta por Salamanca que blindar\u00e1 la carrera\" rel=\"nofollow noopener\" target=\"_blank\"><br \/>\n<img decoding=\"async\" loading=\"lazy\" class=\"v-a-img\" src=\"https:\/\/www.europesays.com\/es\/wp-content\/uploads\/2025\/09\/122238877.jpg\" alt=\"As\u00ed es el impresionante operativo al paso de la Vuelta por Salamanca que blindar\u00e1 la carrera\"\/><br \/>\n<\/a><\/p>\n<p class=\"v-p\">Eso obligaba a hacer un peque\u00f1o trayecto de 750 metros por la avenida del Prado Panaderos, una v\u00eda que une la carretera de Fuentesa\u00faco con la antigua nacional, pero que est\u00e1 llena de baches y no se ha arreglado.<\/p>\n<p class=\"v-p\">Para evitarla, se ha preferido seguir por la SA-605, una caretera provincial que pasa por la urbanizaci\u00f3n Las Bizarricas y entra en la capital por Ciudad Jard\u00edn. All\u00ed se tomar\u00e1 despu\u00e9s la avenida de Salamanca para pisar un tramo de la avenida de Salamanca entrar en Raimundo de Borgo\u00f1a a la altura del Carrefour.<\/p>\n<p class=\"v-p\">A partir de ah\u00ed, el recorrido ser\u00e1 el mismo previsto hasta ahora, dise\u00f1ado originalmente para evitar otra obra, la que se est\u00e1 haciendo en Saavedra y Fajardo, la antigua nacional de B\u00e9jar. Como est\u00e1 cortada, se ha llevado la carrera por el Arrabal y Tejares, saliendo por la carretera de La Fregeneda y girando la avenida Virgen del Cueto, ya cerca de Aldeatejada, direcci\u00f3n a la parte superior del pol\u00edgono El Montalvo.<\/p>\n<p class=\"v-p\">El recorrido permanecer\u00e1 cerrado al tr\u00e1fico a partir de las 15:45 horas, y se restablecer\u00e1 a partir de las 16:40 horas, aproximadamente, una vez culmine el paso de los corredores por la ciudad.<\/p>\n<p class=\"v-p\">En cuanto a los <a href=\"https:\/\/www.salamancahoy.es\/deportes\/ciclismo\/vuelta-espana\/horarios-pueblos-paso-salamanca-etapa-vuelta-final-20250905144706-nt.html#mrfhud=true\" target=\"_blank\" data-voc-vtm-id=\"in-text-traffic\" title=\"horarios previstos\" data-mrf-link=\"www.salamancahoy.es\" rel=\"nofollow noopener\">horarios previstos<\/a>, la carrera entrar\u00e1 en la capital entre las 16.03 y las 16.15 seg\u00fan la velocidad a la que transite y habr\u00e1 salido del t\u00e9rmino municipal entre las 16.12 y las 16.25 tras un paso fulgurante. El sprint especial en Canalejas est\u00e1 previsto entre las 16.06 y las 16.18 horas.<\/p>\n<p class=\"v-p\">Por lo que respecta a la seguridad, el despliegue de fuerzas y cuerpos ser\u00e1 amplio, con presencia de Guardia Civil, unidad de Tr\u00e1fico, Polic\u00eda Nacional y refuezo de Polic\u00eda Local. <\/p>\n<p>Comenta<\/p>\n<p>Reporta un error<\/p>\n","protected":false},"excerpt":{"rendered":"Mi\u00e9rcoles, 10 de septiembre 2025, 18:24 Un peque\u00f1o tramo de carretera sin arreglar va a trastocar ligeramente el&hellip;\n","protected":false},"author":2,"featured_media":106199,"comment_status":"","ping_status":"","sticky":false,"template":"","format":"standard","meta":{"footnotes":""},"categories":[273],"tags":[36803,313,777,21298,312,1433,168,5089,25,24,4125,1786,3614,1965,23,167,1357],"class_list":{"0":"post-106198","1":"post","2":"type-post","3":"status-publish","4":"format-standard","5":"has-post-thumbnail","7":"category-ciclismo","8":"tag-baches","9":"tag-ciclismo","10":"tag-ciudad","11":"tag-complican","12":"tag-cycling","13":"tag-definitivo","14":"tag-deportes","15":"tag-entrada","16":"tag-es","17":"tag-espana","18":"tag-obra","19":"tag-recorrido","20":"tag-salamanca","21":"tag-salida","22":"tag-spain","23":"tag-sports","24":"tag-vuelta"},"share_on_mastodon":{"url":"","error":""},"_links":{"self":[{"href":"https:\/\/www.europesays.com\/es\/wp-json\/wp\/v2\/posts\/106198","targetHints":{"allow":["GET"]}}],"collection":[{"href":"https:\/\/www.europesays.com\/es\/wp-json\/wp\/v2\/posts"}],"about":[{"href":"https:\/\/www.europesays.com\/es\/wp-json\/wp\/v2\/types\/post"}],"author":[{"embeddable":true,"href":"https:\/\/www.europesays.com\/es\/wp-json\/wp\/v2\/users\/2"}],"replies":[{"embeddable":true,"href":"https:\/\/www.europesays.com\/es\/wp-json\/wp\/v2\/comments?post=106198"}],"version-history":[{"count":0,"href":"https:\/\/www.europesays.com\/es\/wp-json\/wp\/v2\/posts\/106198\/revisions"}],"wp:featuredmedia":[{"embeddable":true,"href":"https:\/\/www.europesays.com\/es\/wp-json\/wp\/v2\/media\/106199"}],"wp:attachment":[{"href":"https:\/\/www.europesays.com\/es\/wp-json\/wp\/v2\/media?parent=106198"}],"wp:term":[{"taxonomy":"category","embeddable":true,"href":"https:\/\/www.europesays.com\/es\/wp-json\/wp\/v2\/categories?post=106198"},{"taxonomy":"post_tag","embeddable":true,"href":"https:\/\/www.europesays.com\/es\/wp-json\/wp\/v2\/tags?post=106198"}],"curies":[{"name":"wp","href":"https:\/\/api.w.org\/{rel}","templated":true}]}}