{"id":106200,"date":"2025-09-10T19:47:16","date_gmt":"2025-09-10T19:47:16","guid":{"rendered":"https:\/\/www.europesays.com\/es\/106200\/"},"modified":"2025-09-10T19:47:16","modified_gmt":"2025-09-10T19:47:16","slug":"shengelia-cae-en-el-eurobasket-y-ya-prepara-las-maletas-para-venir-al-barca","status":"publish","type":"post","link":"https:\/\/www.europesays.com\/es\/106200\/","title":{"rendered":"Shengelia cae en el Eurobasket y ya prepara las maletas para venir al Bar\u00e7a"},"content":{"rendered":"<p class=\"ft-text ft-helper-align-justify\">El nuevo jugador del Bar\u00e7a, <strong>Tornike Shengelia, puso fin a su participaci\u00f3n en el Eurobasket de Riga, despu\u00e9s que Georgia cayera en los cuartos de final del torneo ante Finlandia (93-79)<\/strong> a pesar del buen encuentro del ala-p\u00edvot azulgrana.<\/p>\n<p class=\"ft-text ft-helper-align-justify\"><strong>Sus 18 puntos, cuatro rebotes y cinco asistencias no fueron suficiente para meter a su pa\u00eds en su primera semifinal en un Eurobasket,<\/strong> y regresa con la tristeza de haber ca\u00eddo en el torneo de selecciones donde han realizaado un gran papel, y ahora con la ilusi\u00f3n de iniciar la campa\u00f1a como jugador azulgrana.<\/p>\n<p class=\"ft-text ft-helper-align-justify\"><strong>Finlandia pr\u00e1cticamente no dio opci\u00f3n al cuadro georgiano, que hizo un t\u00edmido intento de acercarse en los minutos finales<\/strong>, aunque el equipo finland\u00e9s, liderado por su estrella, Lauri Markkanen (17 puntos) y Mikael Jantunen (19), acabaron llev\u00e1ndose el encuentro y el pase a semifinales donde les espera el vencedor del encuentro de esta noche en Riga entre Alemania y la Eslovenia de Luka Doncic.<\/p>\n<p><img decoding=\"async\" src=\"https:\/\/www.europesays.com\/es\/wp-content\/uploads\/2025\/09\/bf8a0b26-3cec-45dd-837f-f468568989ca_alta-libre-aspect-ratio_default_0.jpg\" width=\"1200\" height=\"800\" alt=\"El nuevo ala-p\u00edvot azulgrana ha realizado un gran Eurobasket y ahora toca centrarse en el Bar\u00e7a\" class=\"ft-helper-img-rd\" loading=\"lazy\" hasdataaida=\"true\"\/><\/p>\n<p class=\"ft-helper-fontColor-quaternary ft-helper-fontSize-body-S ft-helper-spacer-t-xxs\">El nuevo ala-p\u00edvot azulgrana ha realizado un gran Eurobasket y ahora toca centrarse en el Bar\u00e7a  \/ FIBA<\/p>\n<p>Finlandia, muy s\u00f3lida<\/p>\n<p class=\"ft-text ft-helper-align-justify\"><strong>Shengelia trat\u00f3 de mantener a su equipo en el encuentro aunque el cuadro finland\u00e9s se mostr\u00f3 mucho m\u00e1s s\u00f3lido<\/strong> a pesar de la actuaci\u00f3n del jugador azulgrana, bien secundado por Duda Sabadze, con 19 puntos y los 22 de Alexander Mamukelashvili, que fue el m\u00e1ximo anotador por Georgia.<\/p>\n<p><img decoding=\"async\" src=\"https:\/\/www.europesays.com\/es\/wp-content\/uploads\/2025\/09\/ced76eec-6f60-45bb-ad4c-63d64f6a9ccc_alta-libre-aspect-ratio_default_0.jpg\" width=\"1200\" height=\"800\" alt=\"Markkanen lider\u00f3 de nuevo a Finlandia, que disputar\u00e1 las semifinales del Eurobasket\" class=\"ft-helper-img-rd\" loading=\"lazy\" hasdataaida=\"true\"\/><\/p>\n<p class=\"ft-helper-fontColor-quaternary ft-helper-fontSize-body-S ft-helper-spacer-t-xxs\">Markkanen lider\u00f3 de nuevo a Finlandia, que disputar\u00e1 las semifinales del Eurobasket  \/ FIBA<\/p>\n<p class=\"ft-text ft-helper-align-justify\"><strong>Punto final a la presencia de Shengelia con su selecci\u00f3n donde ha podido disputar el torneo con normalidad<\/strong> <a class=\"ft-link ft-link--decoration\" href=\"https:\/\/www.sport.es\/es\/noticias\/baloncesto\/shengelia-despeja-dudas-divierte-chipre-121175230\" rel=\"nofollow noopener\" target=\"_blank\">despu\u00e9s de los problemas de arritmia que se le detectaron durante la preparaci\u00f3n del torneo<\/a> y que lo llevaron a Barcelona para hacer un chequeo de su estado y permitirle finalmente disputar el torneo.<\/p>\n<p class=\"ft-text ft-helper-align-justify\"><strong>El nuevo fichaje azulgrana ser\u00e1 el \u00faltimo en incorporarse al Bar\u00e7a que ya se encuentra en plena pretemporada<\/strong> y ya se le espera para el fin de semana, de cara a preparar la Lliga Catalana, donde previsiblemente le veremos debutar.<\/p>\n","protected":false},"excerpt":{"rendered":"El nuevo jugador del Bar\u00e7a, Tornike Shengelia, puso fin a su participaci\u00f3n en el Eurobasket de Riga, despu\u00e9s&hellip;\n","protected":false},"author":2,"featured_media":106201,"comment_status":"","ping_status":"","sticky":false,"template":"","format":"standard","meta":{"footnotes":""},"categories":[269],"tags":[35879,299,298,10722,168,24288,25,24,36805,36806,6112,23,167,36804],"class_list":{"0":"post-106200","1":"post","2":"type-post","3":"status-publish","4":"format-standard","5":"has-post-thumbnail","7":"category-baloncesto","8":"tag-al-barca","9":"tag-baloncesto","10":"tag-basketball","11":"tag-cae","12":"tag-deportes","13":"tag-en-el-eurobasket","14":"tag-es","15":"tag-espana","16":"tag-las-maletas","17":"tag-para-venir","18":"tag-shengelia","19":"tag-spain","20":"tag-sports","21":"tag-y-ya-prepara"},"share_on_mastodon":{"url":"","error":""},"_links":{"self":[{"href":"https:\/\/www.europesays.com\/es\/wp-json\/wp\/v2\/posts\/106200","targetHints":{"allow":["GET"]}}],"collection":[{"href":"https:\/\/www.europesays.com\/es\/wp-json\/wp\/v2\/posts"}],"about":[{"href":"https:\/\/www.europesays.com\/es\/wp-json\/wp\/v2\/types\/post"}],"author":[{"embeddable":true,"href":"https:\/\/www.europesays.com\/es\/wp-json\/wp\/v2\/users\/2"}],"replies":[{"embeddable":true,"href":"https:\/\/www.europesays.com\/es\/wp-json\/wp\/v2\/comments?post=106200"}],"version-history":[{"count":0,"href":"https:\/\/www.europesays.com\/es\/wp-json\/wp\/v2\/posts\/106200\/revisions"}],"wp:featuredmedia":[{"embeddable":true,"href":"https:\/\/www.europesays.com\/es\/wp-json\/wp\/v2\/media\/106201"}],"wp:attachment":[{"href":"https:\/\/www.europesays.com\/es\/wp-json\/wp\/v2\/media?parent=106200"}],"wp:term":[{"taxonomy":"category","embeddable":true,"href":"https:\/\/www.europesays.com\/es\/wp-json\/wp\/v2\/categories?post=106200"},{"taxonomy":"post_tag","embeddable":true,"href":"https:\/\/www.europesays.com\/es\/wp-json\/wp\/v2\/tags?post=106200"}],"curies":[{"name":"wp","href":"https:\/\/api.w.org\/{rel}","templated":true}]}}