{"id":106206,"date":"2025-09-10T19:50:10","date_gmt":"2025-09-10T19:50:10","guid":{"rendered":"https:\/\/www.europesays.com\/es\/106206\/"},"modified":"2025-09-10T19:50:10","modified_gmt":"2025-09-10T19:50:10","slug":"borran-el-mural-que-banksy-pinto-en-la-fachada-del-tribunal-de-justicia-de-londres-internacional","status":"publish","type":"post","link":"https:\/\/www.europesays.com\/es\/106206\/","title":{"rendered":"Borran el mural que Banksy pint\u00f3 en la fachada del Tribunal de Justicia de Londres | Internacional"},"content":{"rendered":"<p class=\"loc\">Londres<\/p>\n<p>El mural del artista callejero brit\u00e1nico <a href=\"https:\/\/cadenaser.com\/nacional\/2025\/09\/08\/banksy-reaparece-con-un-mural-en-el-tribunal-de-justicia-que-critica-la-represion-de-las-protestas-cadena-ser\/\" target=\"_blank\" rel=\"nofollow noopener\" title=\"https:\/\/cadenaser.com\/nacional\/2025\/09\/08\/banksy-reaparece-con-un-mural-en-el-tribunal-de-justicia-que-critica-la-represion-de-las-protestas-cadena-ser\/\">Banksy que apareci\u00f3 el lunes en la pared exterior del Tribunal Superior de Londres<\/a> ha sido borrado este mi\u00e9rcoles y actualmente solo queda una sombra de la creaci\u00f3n original.<\/p>\n<p>La obra mostraba a un juez, con peluca y toga, golpeando con un mazo a una persona que sosten\u00eda una pancarta manchada de sangre, interpretada como cr\u00edtica a la represi\u00f3n de la libertad de expresi\u00f3n.<\/p>\n<p><img decoding=\"async\" src=\"https:\/\/www.europesays.com\/es\/wp-content\/uploads\/2025\/09\/1757533809_68_AM4MAW3H55DLRNDE5NOT7ORMEY.jpg\" alt=\"El artista brit\u00e1nico Banksy reaparece con un mural en el Tribunal de Justicia de Londres\" width=\"16\" height=\"9\"  loading=\"lazy\"\/><\/p>\n<p>El artista brit\u00e1nico Banksy reaparece con un mural en el Tribunal de Justicia de Londres \/ Banksy<\/p>\n<p>Ampliar<img decoding=\"async\" src=\"https:\/\/www.europesays.com\/es\/wp-content\/uploads\/2025\/09\/1757533810_994_AM4MAW3H55DLRNDE5NOT7ORMEY.jpg\" alt=\"El artista brit\u00e1nico Banksy reaparece con un mural en el Tribunal de Justicia de Londres\" width=\"16\" height=\"9\" loading=\"lazy\"\/><\/p>\n<p>El artista brit\u00e1nico Banksy reaparece con un mural en el Tribunal de Justicia de Londres \/ Banksy<\/p>\n<p>Cerrar<\/p>\n<p>En las \u00faltimas horas se ha visto a trabajadores limpiando el grafiti detr\u00e1s de una valla de protecci\u00f3n, mientras transe\u00fantes curiosos tomaban fotograf\u00edas de la escena.<\/p>\n<p>Banksy confirm\u00f3 la autor\u00eda del mural mediante su cuenta de Instagram, publicando im\u00e1genes del dise\u00f1o antes de que fuera cubierto con pl\u00e1sticos y barreras por las autoridades.<\/p>\n<p>La Polic\u00eda Metropolitana de Londres confirm\u00f3 que recibi\u00f3 una denuncia por da\u00f1o criminal en relaci\u00f3n con el grafiti y dijo que mantiene abierta una investigaci\u00f3n.<\/p>\n<p>Fuentes del Royal Courts of Justice (Tribunal Superior de Justicia) indicaron que el mural deb\u00eda eliminarse porque el edificio, que alberga tribunales de alto rango en el centro de Londres, est\u00e1 protegido por su importancia hist\u00f3rica.<\/p>\n<p>El artista, cuya identidad se mantiene en secreto, es conocido por reivindicar mediante su arte callejero cuestiones sociales, pol\u00edticas y medioambientales en distintas partes del mundo.<\/p>\n","protected":false},"excerpt":{"rendered":"Londres El mural del artista callejero brit\u00e1nico Banksy que apareci\u00f3 el lunes en la pared exterior del Tribunal&hellip;\n","protected":false},"author":2,"featured_media":106207,"comment_status":"","ping_status":"","sticky":false,"template":"","format":"standard","meta":{"footnotes":""},"categories":[173],"tags":[229,233,231,230,232,234,146,147,25,24,23],"class_list":{"0":"post-106206","1":"post","2":"type-post","3":"status-publish","4":"format-standard","5":"has-post-thumbnail","7":"category-arte-y-diseno","8":"tag-arte","9":"tag-arte-y-diseno","10":"tag-arts","11":"tag-arts-and-design","12":"tag-design","13":"tag-diseno","14":"tag-entertainment","15":"tag-entretenimiento","16":"tag-es","17":"tag-espana","18":"tag-spain"},"share_on_mastodon":{"url":"","error":""},"_links":{"self":[{"href":"https:\/\/www.europesays.com\/es\/wp-json\/wp\/v2\/posts\/106206","targetHints":{"allow":["GET"]}}],"collection":[{"href":"https:\/\/www.europesays.com\/es\/wp-json\/wp\/v2\/posts"}],"about":[{"href":"https:\/\/www.europesays.com\/es\/wp-json\/wp\/v2\/types\/post"}],"author":[{"embeddable":true,"href":"https:\/\/www.europesays.com\/es\/wp-json\/wp\/v2\/users\/2"}],"replies":[{"embeddable":true,"href":"https:\/\/www.europesays.com\/es\/wp-json\/wp\/v2\/comments?post=106206"}],"version-history":[{"count":0,"href":"https:\/\/www.europesays.com\/es\/wp-json\/wp\/v2\/posts\/106206\/revisions"}],"wp:featuredmedia":[{"embeddable":true,"href":"https:\/\/www.europesays.com\/es\/wp-json\/wp\/v2\/media\/106207"}],"wp:attachment":[{"href":"https:\/\/www.europesays.com\/es\/wp-json\/wp\/v2\/media?parent=106206"}],"wp:term":[{"taxonomy":"category","embeddable":true,"href":"https:\/\/www.europesays.com\/es\/wp-json\/wp\/v2\/categories?post=106206"},{"taxonomy":"post_tag","embeddable":true,"href":"https:\/\/www.europesays.com\/es\/wp-json\/wp\/v2\/tags?post=106206"}],"curies":[{"name":"wp","href":"https:\/\/api.w.org\/{rel}","templated":true}]}}