{"id":106210,"date":"2025-09-10T19:52:14","date_gmt":"2025-09-10T19:52:14","guid":{"rendered":"https:\/\/www.europesays.com\/es\/106210\/"},"modified":"2025-09-10T19:52:14","modified_gmt":"2025-09-10T19:52:14","slug":"rtve-anuncia-el-horario-de-directo-al-grano-y-confirma-como-quedan-las-tardes-de-la-1-con-cambios-para-malas-lenguas","status":"publish","type":"post","link":"https:\/\/www.europesays.com\/es\/106210\/","title":{"rendered":"RTVE anuncia el horario de &#8216;Directo al grano&#8217; y confirma c\u00f3mo quedan las tardes de La 1, con cambios para &#8216;Malas lenguas&#8217;"},"content":{"rendered":"<p class=\"article-text\">\n        <strong>Directo al grano<\/strong>, el nuevo programa de <strong>Gonzalo Mir\u00f3<\/strong> y <strong>Marta Flich<\/strong>, se estrenar\u00e1 en La 1 el pr\u00f3ximo lunes <strong>15 de septiembre a las 15:55 horas<\/strong>. Sab\u00edamos qu\u00e9 d\u00eda debutar\u00eda, pero no su horario. Torrespa\u00f1a lo ha desvelado este mi\u00e9rcoles.\n    <\/p>\n<p>    <a href=\"https:\/\/www.eldiario.es\/noticias\/antonio-naranjo-agradece-marilo-montero-apoye-tertulia-telemadrid-dirige-broncano-ay-cabezas_1_12591874.html\" data-mrf-recirculation=\"saber-mas\" data-dl-event=\"saber-mas\" rel=\"nofollow noopener\" target=\"_blank\"><\/p>\n<p class=\"know-more__title\">Antonio Naranjo agradece que Maril\u00f3 Montero apoye su tertulia en Telemadrid, y se dirige a Broncano: \u00abAy esas cabezas\u00bb<\/p>\n<p>            <img decoding=\"async\" class=\"lazy\" loading=\"lazy\" data-src=\"https:\/\/static.eldiario.es\/clip\/0f525ea4-50a5-40bc-aa06-9b101bf24cbf_16-9-aspect-ratio_default_0.jpg\" src=\"data:image\/svg+xml,%3Csvg xmlns=\" http:=\"\" viewbox=\"0 0 880 495\" alt=\"Antonio Naranjo agradece que Maril\u00f3 Montero apoye su tertulia en Telemadrid, y se dirige a Broncano: &quot;Ay esas cabezas&quot;\"\/><\/p>\n<p>                        <\/a><\/p>\n<p class=\"article-text\">\n        El magac\u00edn se emitir\u00e1 cada tarde <strong>de 15:55 a 17:30<\/strong>, por lo que ocupar\u00e1 la franja en la que actualmente se emite <strong>Malas lenguas<\/strong>, as\u00ed que el programa de <strong>Jes\u00fas Cintora<\/strong> modificar\u00e1 su horario de cara a la nueva temporada.\n    <\/p>\n<p class=\"article-text\">\n        Con la llegada de Directo al grano, la tertulia pasar\u00e1 a emitirse del tir\u00f3n (actualmente se ofrece en dos horarios distintos), pero seguir\u00e1 teniendo dos ventanas: primero en La 2 (de 17:30 a 19:30) y despu\u00e9s en La 1 (de 19:30 a 20:30).\n    <\/p>\n<blockquote class=\"twitter-tweet\" data-lang=\"es\"><p><a href=\"https:\/\/twitter.com\/X\/status\/1965847208357400972?ref_src=twsrc%5Etfw\" rel=\"nofollow noopener\" target=\"_blank\"><\/p><\/blockquote>\n<p>    As\u00ed ser\u00e1 &#8216;Directa al grano&#8217; con hasta 35 colaboradores<\/p>\n<p class=\"article-text\">\n        Directo al grano\u00a0ser\u00e1 un espacio diario de actualidad que abordar\u00e1<strong>\u00a0<\/strong>pol\u00edtica y asuntos relacionados con temas sociales que se tratar\u00e1n con hasta <a href=\"https:\/\/www.eldiario.es\/vertele\/noticias\/directo-grano-anuncia-tendra-35-colaboradores-rtve-lobaton-ada-colau-antonio-jimenez_1_12574286.html\" target=\"_blank\" data-mrf-recirculation=\"links-noticia\" class=\"link\" rel=\"nofollow noopener\">35 colaboradores<\/a>,<strong>\u00a0<\/strong>que ir\u00e1n alternando sus puestos en la mesa de debate para aportar sus puntos de vistas.\n    <\/p>\n<p class=\"article-text\">\n        <strong>Ram\u00f3n Espinar, Ada Colau, Lilith Vestrynge, Pilar Garc\u00eda de la Granja, Antonio Jim\u00e9nez, Isabel Dur\u00e1n y Alfonso J. Us\u00eda<\/strong>, entre otros, participar\u00e1n en el programa para abordar los asuntos que se planteen en directo. Adem\u00e1s, en el formato habr\u00e1 secciones con otros perfiles. Entre ellos\u00a0<strong>Paco Lobat\u00f3n<\/strong>, que tendr\u00e1 un peque\u00f1o espacio dedicado a desaparecidos.\n    <\/p>\n<p class=\"article-text\">\n        Tambi\u00e9n colaborar\u00e1n en\u00a0Directo al grano\u00a0otros nombres como\u00a0<strong>Manuel Jabois, Emilio Domenech y Rosa Villacast\u00edn<\/strong>, aunque respecto a esta \u00faltima han matizado que no se abordar\u00e1n temas de coraz\u00f3n, sino solo de actualidad pol\u00edtica y social.\n    <\/p>\n<p>    RTVE detalla los presupuestos para &#8216;Directo al grano&#8217;<\/p>\n<p class=\"article-text\">\n        <strong>RTVE\u00a0<\/strong>ha actualizado sus<a href=\"https:\/\/www.eldiario.es\/vertele\/noticias\/rtve-detalla-presupuestos-directo-grano-seis-grandes-apuestas-prime-time_1_12592181.html\" target=\"_blank\" data-mrf-recirculation=\"links-noticia\" class=\"link\" rel=\"nofollow noopener\">\u00a0contratos de producci\u00f3n audiovisual\u00a0<\/a>con factor\u00edas externas\u00a0<strong>hasta el mes de agosto de 2025<\/strong> y la principal novedad es el presupuesto de la que es su gran apuesta para esta nueva temporada televisiva: el magac\u00edn de tardes\u00a0<strong>Directo al grano<\/strong>.\n    <\/p>\n<p>    <a href=\"https:\/\/www.eldiario.es\/vertele\/noticias\/susanna-griso-senala-antena-3-informativos-rtve-basicamente-dedican-criticar-partido-popular_1_12592401.html\" data-mrf-recirculation=\"saber-mas-abajo\" data-dl-event=\"saber-mas-abajo\" rel=\"nofollow noopener\" target=\"_blank\"><\/p>\n<p class=\"know-more__title\">Susanna Griso se\u00f1ala en Antena 3 a los informativos de RTVE: \u201cB\u00e1sicamente, se dedican a criticar al Partido Popular\u201d<\/p>\n<p>            <img decoding=\"async\" class=\"lazy\" loading=\"lazy\" data-src=\"https:\/\/static.eldiario.es\/clip\/46425550-bba2-40e1-aeb3-895b53e0b6d6_16-9-aspect-ratio_default_0.jpg\" src=\"data:image\/svg+xml,%3Csvg xmlns=\" http:=\"\" viewbox=\"0 0 880 495\" alt=\"Susanna Griso se\u00f1ala en Antena 3 a los informativos de RTVE: &quot;B\u00e1sicamente, se dedican a criticar al Partido Popular&quot;\"\/><\/p>\n<p>                        <\/a><\/p>\n<p class=\"article-text\">\n        El programa cuenta con un presupuesto inicial de\u00a0<strong>3.511.081 euros<\/strong>. El listado no detalla por cu\u00e1ntas entregas es, y se supone que se refiere a toda su primera temporada, aunque en comparaci\u00f3n puede resultar incluso reducido respecto al de La familia de la tele (que inicialmente fue de 6.052.299,73 euros para 65 emisiones). En ambos casos, la productora principal encargada de los formatos es\u00a0<strong>La Osa Producciones<\/strong>.\n    <\/p>\n<p>                                    <script async src=\"https:\/\/platform.twitter.com\/widgets.js\" charset=\"utf-8\"><\/script><\/p>\n","protected":false},"excerpt":{"rendered":"Directo al grano, el nuevo programa de Gonzalo Mir\u00f3 y Marta Flich, se estrenar\u00e1 en La 1 el&hellip;\n","protected":false},"author":2,"featured_media":106211,"comment_status":"","ping_status":"","sticky":false,"template":"","format":"standard","meta":{"footnotes":""},"categories":[171],"tags":[9460,20690,146,147,25,24,36807,19600,23,214],"class_list":{"0":"post-106210","1":"post","2":"type-post","3":"status-publish","4":"format-standard","5":"has-post-thumbnail","7":"category-tv","8":"tag-cintora","9":"tag-directo-al-grano","10":"tag-entertainment","11":"tag-entretenimiento","12":"tag-es","13":"tag-espana","14":"tag-estreno-horario-rtve","15":"tag-malas-lenguas","16":"tag-spain","17":"tag-tv"},"share_on_mastodon":{"url":"","error":""},"_links":{"self":[{"href":"https:\/\/www.europesays.com\/es\/wp-json\/wp\/v2\/posts\/106210","targetHints":{"allow":["GET"]}}],"collection":[{"href":"https:\/\/www.europesays.com\/es\/wp-json\/wp\/v2\/posts"}],"about":[{"href":"https:\/\/www.europesays.com\/es\/wp-json\/wp\/v2\/types\/post"}],"author":[{"embeddable":true,"href":"https:\/\/www.europesays.com\/es\/wp-json\/wp\/v2\/users\/2"}],"replies":[{"embeddable":true,"href":"https:\/\/www.europesays.com\/es\/wp-json\/wp\/v2\/comments?post=106210"}],"version-history":[{"count":0,"href":"https:\/\/www.europesays.com\/es\/wp-json\/wp\/v2\/posts\/106210\/revisions"}],"wp:featuredmedia":[{"embeddable":true,"href":"https:\/\/www.europesays.com\/es\/wp-json\/wp\/v2\/media\/106211"}],"wp:attachment":[{"href":"https:\/\/www.europesays.com\/es\/wp-json\/wp\/v2\/media?parent=106210"}],"wp:term":[{"taxonomy":"category","embeddable":true,"href":"https:\/\/www.europesays.com\/es\/wp-json\/wp\/v2\/categories?post=106210"},{"taxonomy":"post_tag","embeddable":true,"href":"https:\/\/www.europesays.com\/es\/wp-json\/wp\/v2\/tags?post=106210"}],"curies":[{"name":"wp","href":"https:\/\/api.w.org\/{rel}","templated":true}]}}