{"id":106212,"date":"2025-09-10T19:53:08","date_gmt":"2025-09-10T19:53:08","guid":{"rendered":"https:\/\/www.europesays.com\/es\/106212\/"},"modified":"2025-09-10T19:53:08","modified_gmt":"2025-09-10T19:53:08","slug":"barbara-mirjan-aitana-elena-furiase-nina-pastori-los-looks-de-la-gala-de-los-latin-grammy-en-sevilla-en-homenaje-a-la-musica-andaluza","status":"publish","type":"post","link":"https:\/\/www.europesays.com\/es\/106212\/","title":{"rendered":"B\u00e1rbara Mirjan, Aitana, Elena Furiase, Ni\u00f1a Pastori\u2026 los looks de la gala de los Latin Grammy en Sevilla en homenaje a la m\u00fasica andaluza"},"content":{"rendered":"\n<p> La Academia Latina de la Grabaci\u00f3n celebra este mi\u00e9rcoles 10 de septiembre en el Cartuja Center CITE \u2018<strong><a href=\"https:\/\/www.vanitatis.elconfidencial.com\/estilo\/moda\/2024-11-15\/latin-grammy-alfombra-roja-2024-mejores-looks_4003584\/\" target=\"_self\" rel=\"nofollow noopener\">Latin GRAMMY<\/a> Celebra: La M\u00fasica de Andaluc\u00eda<\/strong>\u2019, un evento que <strong>rinde homenaje a la diversidad de g\u00e9neros que florecen en Andaluc\u00eda<\/strong>, desde el flamenco tradicional hasta las expresiones m\u00e1s modernas de la m\u00fasica latina. <\/p>\n<p> Un recorrido por la historia de la m\u00fasica andaluza y su influencia en los g\u00e9neros actuales <strong>en las voces de grandes artistas<\/strong> nacionales e internacionales: Aitana, Arde Bogot\u00e1, Arc\u00e1ngel, Camilo, Manuel Carrasco, Yerai Cort\u00e9s, Estopa, Evaluna, Guillermo Furiase, Joaquina, Pedro Antonio Lazaga, Leiva, Alejandro Lerner, Lagartija Nick, Ara Malikian, Vanesa Mart\u00edn, India Mart\u00ednez, Kiki Morente y Luc\u00eda Ruiba. <\/p>\n<p> Todos ellos sobre el escenario en <strong>una gala muy especial conducida por dos de los referentes<\/strong> de la m\u00fasica espa\u00f1ola y latina: <strong><a href=\"https:\/\/www.vanitatis.elconfidencial.com\/famosos\/2021-06-21\/david-bisbal-luis-fonsi-amistad-cancion-curiosidades_3143307\/\" target=\"_self\" rel=\"nofollow noopener\">David Bisbal y Luis Fonsi<\/a><\/strong>. Entre el p\u00fablico, otros grandes nombres de la industria como Miguel R\u00edos, Rozal\u00e9n, Ana Torroja o Pastora Soler; as\u00ed como celebridades tambi\u00e9n muy vinculadas con el arte andaluz. Es el caso del \u2018clan Flores\u2019 representado por Elena Furiase o Alba Flores, actriz e hija del tristemente fallecido Antonio Flores. <\/p>\n<p>            David Bisbal y Luis Fondi             David Bisbal y Luis Fonsi en la alfombra roja de LATIN GRAMMY: Celebra la M\u00fasica de Andaluc\u00eda. (Gtres)             <\/p>\n<p> <strong><a href=\"https:\/\/www.vanitatis.elconfidencial.com\/famosos\/2025-06-15\/david-bisbal-rosanna-zanetti-cumpleanos-album_4151740\/\" target=\"_self\" rel=\"nofollow noopener\">David Bisbal<\/a> y <a href=\"https:\/\/www.vanitatis.elconfidencial.com\/famosos\/2025-06-15\/entrevista-agueda-lopez-primer-libro-bullying_4150718\/\" target=\"_self\" rel=\"nofollow noopener\">Luis Fonsi<\/a> son los anfitriones de esta tarde<\/strong>. Como dec\u00edamos, ambos cantantes ser\u00e1n los encargados de conducir una gala en la que la m\u00fasica ser\u00e1 la gran protagonista. Para su posado en la alfombra roja (que ser\u00e1n, seguramente, los primeros looks de muchos) ambos apostaron por una elegancia un poco m\u00e1s atrevida. Bisbal, combinando americana de terciopelo en color verde con pantalones en beige; Fonsi, un esmoquin en color borgo\u00f1a. <\/p>\n<p>            Rozalen             Rozalen en la alfombra roja de LATIN GRAMMY: Celebra la M\u00fasica de Andaluc\u00eda. (Gtres)             <\/p>\n<p> <a href=\"https:\/\/www.vanitatis.elconfidencial.com\/famosos\/2024-11-02\/rozalen-enamorada-alto-cargo-ministerio-consumo-garzon_2993864\/\" target=\"_self\" rel=\"nofollow noopener\">Rozal\u00e9n, artista albacete\u00f1a<\/a>, no se quiso tampoco perder la gran noche de la musica andaluza. <strong>Lo hac\u00eda vestida de gala con un vestido largo<\/strong> con un cuerpo estilo bustier cubierto de tela semitrasparente que consegu\u00eda un cuello redondo y manga sisa. La falda, larga hasta los pies con una gran abertura lateral, estaba cubierta de peque\u00f1as plumas blancas estilo boa intercaladas con alguna que otra lentejuela metalizada plata. <\/p>\n<p>            Ana Torroja             Ana Torroja en la alfombra roja de LATIN GRAMMY: Celebra la M\u00fasica de Andaluc\u00eda. (Gtres)             <\/p>\n<p> Ana Torroja, <a href=\"https:\/\/www.vanitatis.elconfidencial.com\/famosos\/2018-10-18\/ana-torroja-mariconez-hacienda-dias-para-olvidar_1632208\/\" target=\"_self\" rel=\"nofollow noopener\">otro de los grandes referente de la m\u00fasica en Espa\u00f1a<\/a>, acudi\u00f3 a la cita de la m\u00fasica andaluza con un look de moda &#8216;marca Espa\u00f1a&#8217;. Se trata de un minivestido que simula un dos piezas de la firma <strong><a href=\"https:\/\/www.vanitatis.elconfidencial.com\/novias\/2024-07-14\/baro-lucas-disenador-vestidos-novia-boda_3921587\/\" target=\"_self\" rel=\"nofollow noopener\">Baro Lucas<\/a><\/strong>. Es de la colecci\u00f3n oto\u00f1o\/invierno 2025\/2026 presentada en la MBFW de Madrid y cuenta con un cuerpo corte A con un escote caja y una minifalda de lentejuelas negras. <\/p>\n<p>            Miguel \u00c1ngel Mu\u00f1oz             Miguel \u00c1ngel Mu\u00f1oz en la alfombra roja de LATIN GRAMMY: Celebra la M\u00fasica de Andaluc\u00eda. (Gtres)             <\/p>\n<p> <strong><a href=\"https:\/\/www.vanitatis.elconfidencial.com\/famosos\/2025-06-30\/miguel-angel-munoz-antes-despues-primera-pelicula_4162369\/\" target=\"_self\" rel=\"nofollow noopener\">El cantante, actor y presentador Miguel \u00c1ngel Mu\u00f1oz<\/a><\/strong> fue de los primeros en llegar a la alfombra roja. Lo hac\u00eda con <strong>un look al m\u00e1s puro estilo &#8216;bailaor flamenco&#8217;<\/strong>, pero con cortes m\u00e1s modernos. Camisa negra de raso mate y con un pantal\u00f3n de pinzas con faj\u00edn y de corte m\u00e1s amplio. A los pies, zapatos con toques deportivos en blanco y negro con detalles en amarillo. <\/p>\n<p>                Elena Furiase y Alba Flores             Elena Furiase en la alfombra roja de LATIN GRAMMY: Celebra la M\u00fasica de Andaluc\u00eda. (Gtres)             <\/p>\n<p> <strong>Elena Furiase, <a href=\"https:\/\/www.vanitatis.elconfidencial.com\/famosos\/2024-11-13\/lolita-flores-recuerda-padre-pescailla-grammy_4003093\/\" target=\"_self\" rel=\"nofollow noopener\">hija de Lolita Flores<\/a>, y Alba Flores, <a href=\"https:\/\/www.vanitatis.elconfidencial.com\/famosos\/2025-05-30\/alba-flores-recuerda-padre-antonio-flores-30-aniversario-muerte_4141129\/\" target=\"_self\" rel=\"nofollow noopener\">hija del desaparecido Antonio Flores<\/a><\/strong>, fueron las representante de uno de los clanes m\u00e1s importantes de la m\u00fasica andaluza con Lola Flores como matriarca de todos ellos. Las primas lo hac\u00edan, eso s\u00ed, fieles a sus estilos tan diferentes. <a href=\"https:\/\/www.vanitatis.elconfidencial.com\/famosos\/2023-08-22\/elena-furiase-el-internado-actriz-debut-madre_3721435\/\" target=\"_self\" rel=\"nofollow noopener\">Elena<\/a> escog\u00eda un vestido en color beige, en lycra, ajustado con manga larga y escote barco asim\u00e9trico. Drapeado en la cadra con un abalorio dorado, la falda cae de forma irregular y con una abertura lateral. Complet\u00f3 el look <strong>con joyas de Marina Garcia y zapatos de LODI<\/strong>. <\/p>\n<p>               Alba Flores en la alfombra roja de LATIN GRAMMY: Celebra la M\u00fasica de Andaluc\u00eda. (Gtres)             <\/p>\n<p> Alba, por su parte, escogi\u00f3 un conjunto de chaleco y pantal\u00f3n en lino negro, sobre el que llev\u00f3 una bomber de hombros bombachos cubierta completamente de lentejuelas en negro, gris y blanco, creando una especie de cascada. <\/p>\n<p>            Judeline             Judeline en la alfombra roja de LATIN GRAMMY: Celebra la M\u00fasica de Andaluc\u00eda. (Gtres)             <\/p>\n<p> La artista <strong>Lara Fern\u00e1ndez Castrelo<\/strong>, conocida art\u00edsticamente como Judeline, es <strong><a href=\"https:\/\/www.vanitatis.elconfidencial.com\/estilo\/ocio\/2025-06-27\/homenaje-camaron-madrid-judeline-yerai-cortes_4160897\/\" target=\"_self\" rel=\"nofollow noopener\">otra de las artistas revelaci\u00f3n<\/a> de los \u00faltimos a\u00f1os que lleva el arte de su tierra, Andaluc\u00eda, por toda Espa\u00f1a<\/strong> en un estilo alejado del cl\u00e1sico flamenco. Un estilo m\u00e1s personas que demuestra tambi\u00e9n a la hora de vestir. Para muestra, este minivestido en tonos marrones con estampado de cuadros que es muy sencillo, con escote en pico y dos tirantes finos, y que la falda tiene una forma exageradamente amplia, como si vistiese tambi\u00e9n un canc\u00e1n. <\/p>\n<p>                Kiki Morente             Kiki Morente en la alfombra roja de LATIN GRAMMY: Celebra la M\u00fasica de Andaluc\u00eda. (Gtres)             <\/p>\n<p> Kiki Morente, <strong>hijo del cantaor Enrique Morente y la bailaora Aurora Carbonell, y hermano de Sole\u00e1 y Estrella<\/strong> y <a href=\"https:\/\/www.vanitatis.elconfidencial.com\/famosos\/2021-10-11\/kiki-morente-disco-el-cante-sara-carbonero-la-voz_3303551\/\" target=\"_self\" rel=\"nofollow noopener\">el que tambi\u00e9n fuera pareja de Sara Carbonero<\/a>, es otro de los referentes actuales en la m\u00fasica andaluza. Para esta cita especial escogi\u00f3 un look m\u00e1s atrevido, un traje negro con bordados de lentejuelas en el mismo color que complement\u00f3 con un sombrero de vaquero. <\/p>\n<p>            Raquel Revuelta y Claudia Jim\u00e9nez             Raquel Revuelta y su hija en la alfombra roja de LATIN GRAMMY: Celebra la M\u00fasica de Andaluc\u00eda. (Gtres)             <\/p>\n<p> <strong>Madre e hija han protagonizado un posado muy especial en este evento.<\/strong> Perfectamente combinadas en sus estilismos -con colores opuestos-, Claudia Jim\u00e9nez posa radiante, feliz y sonriente <a href=\"https:\/\/www.vanitatis.elconfidencial.com\/famosos\/2025-06-24\/claudia-jimenez-hija-raquel-revuelta-luna-de-miel-cancelada-iran_4157941\/\" target=\"_self\" rel=\"nofollow noopener\">m\u00e1s de dos meses despu\u00e9s de su boda<\/a> con su novio de toda la vida, Vicente Ben\u00edtez. A su lado, una madre orgullosa y feliz tras ver a su hija vestida de blanco. <\/p>\n<p>            Ni\u00f1a Pastori             Ni\u00f1a Pastori en la alfombra roja de LATIN GRAMMY: Celebra la M\u00fasica de Andaluc\u00eda. (Gtres)             <\/p>\n<p> Ni\u00f1a Pastori, otro de los referentes de la m\u00fasica que se homenajea esta noche, llegaba a la alfombra roja radiante con un vestido confeccionado en tul seda color negro con aplicaciones de cristal en forma de claveles, obra del disea\u00f1ador milan\u00e9s afincado en Espa\u00f1a, <strong>Andrew Pocrid<\/strong>. <\/p>\n<p>                B\u00e1rbara Mirjan          <img decoding=\"async\" alt=\"B\u00e1rbara Mirjan en la alfombra roja de LATIN GRAMMY: Celebra la M\u00fasica de Andaluc\u00eda. (Gtres)\" class=\"articlephoto news-width-text\" data-bottom-x=\"1064\" data-bottom-y=\"1474\" data-height=\"747\" data-top-x=\"0\" data-top-y=\"55\" data-width=\"560\" forcesize=\"true\" imglink=\"\" longdesc=\"B\u00e1rbara Mirjan en la alfombra roja de LATIN GRAMMY: Celebra la M\u00fasica de Andaluc\u00eda. (Gtres)\" sourcepicture=\"ea1151dfeb0727dcc890c87b342c6923.jpg\" src=\"https:\/\/www.europesays.com\/es\/wp-content\/uploads\/2025\/09\/f.elconfidencial.com\/original\/ea1\/151\/dfe\/ea1151dfeb0727dcc890c87b342c6923.jpg\" style=\"font-size: 13px;\"\/>           <\/p>\n<p> B\u00e1rbara Mirjan apura las \u00faltimas semanas antes de su gran d\u00eda. <a href=\"https:\/\/www.vanitatis.elconfidencial.com\/famosos\/2025-03-22\/barbara-mirjan-familia-vasca-alba-emparentara-cayetano_4091050\/\" target=\"_self\" rel=\"nofollow noopener\">La futura duquesa de Arjona<\/a> se casa el pr\u00f3ximo 4 de octubre con Cayetano Mart\u00ednez de Irujo en una ceremonia religiosa en<a href=\"https:\/\/www.vanitatis.elconfidencial.com\/famosos\/2025-04-17\/cayetano-martinez-irujo-barbara-iglesia-boda_4111401\/\" target=\"_self\" rel=\"nofollow noopener\"> el Santuario-Iglesia de los Gitanos, sede de la Hermandad de los Gitanos<\/a>. <\/p>\n<p>            Pastora Soler             Pastora Soler en la alfombra roja de LATIN GRAMMY: Celebra la M\u00fasica de Andaluc\u00eda. (Gtres)             <\/p>\n<p> Pastora Soler ha sido la estrella invitada que m\u00e1s ha brillado. Lo hizo adem\u00e1s con un look muy simb\u00f3lico. Este traje de chaqueta torerita y pantal\u00f3n ampli\u00f3 en color verde menta y cubierto de lentejuelas es de <strong>la colecci\u00f3n &#8216;We Love Flamenco&#8217; del dise\u00f1ador Ivan Campa\u00f1a<\/strong>. <\/p>\n<p>            Evaluna y Camilo             Evaluna y Camilo en la alfombra roja de LATIN GRAMMY: Celebra la M\u00fasica de Andaluc\u00eda. (Gtres)             <\/p>\n<p> <strong>Evaluna Montaner y Camilo son dos de los representantes de la m\u00fasica lationoamericana en esta gala<\/strong>. La pareja lo hac\u00eda siendo fiel a su estilo. Evaluna escog\u00eda un camisa masculina a modo vestido en color negro con topos blancos; \u00e9l, un top de tablas en color blanco con un pantal\u00f3n amplio en azul beb\u00e9 y unas botas Dr. Marten en las que se pod\u00eda leer: \u00abAqu\u00ed\u00bb, \u00abAhora\u00bb. <\/p>\n<p>                Vanesa Mart\u00edn             Vanesa Mart\u00edn en la alfombra roja de LATIN GRAMMY: Celebra la M\u00fasica de Andaluc\u00eda. (Gtres)             <\/p>\n<p> Vanesa Mart\u00edn apost\u00f3 por la elengacia siempre certera de un traje negro. Le dio un toque m\u00e1s sensual y atrevido llevando bajo la americana un body lencero en color negro con puntillas y un collar que imitaba una corbata. <\/p>\n<p>            India Mart\u00ednez             India Mart\u00ednez en la alfombra roja de LATIN GRAMMY: Celebra la M\u00fasica de Andaluc\u00eda. (Gtres)             <\/p>\n<p> <strong>India Mart\u00ednez apost\u00f3 por la pura sensualidad<\/strong> con un minivestido en color marr\u00f3n con cuello redondo y sin mangas que se ajustaba a la figura gracias a estar drapeado. Destacaba por estar completamente bordado con pe\u00f1as cuentas tambi\u00e9n en marr\u00f3n \u00f3xido que aportaban brillo a la prenda. <\/p>\n<p>            Roc\u00edo Osorno             Roc\u00edo Osorno en la alfombra roja de LATIN GRAMMY: Celebra la M\u00fasica de Andaluc\u00eda. (Gtres)             <\/p>\n<p> <strong>La influencer Roc\u00edo Osorno<\/strong>, una de las representantes ahora mismo tambi\u00e9n de la moda andaluza, acudi\u00f3 al evento con un sencillo pero elegante look. Un top de raso en color rojo con cuello rendondo, manga corta y hombros marcados con hombreras y un pantal\u00f3n negro fluido abullonado. <\/p>\n<p>                Aitana             Aitana en la alfombra roja de LATIN GRAMMY: Celebra la M\u00fasica de Andaluc\u00eda. (Gtres)             <\/p>\n<p> Y por \u00faltimo, que no menos importante (de hecho, en este tipo de eventos, ser la \u00faltima es de ser importante), Aitana. La cantante <strong>reaparec\u00eda p\u00fablicamente tras sus conciertos en el Estadio Metropolitano de Madrid y unas largas vacaciones junto a Plex<\/strong> y su grupo de amigos al otro lado del mundo. Lo hac\u00eda con un impresionante vestido largo de <strong>Oscar de la Renta<\/strong> con palabra de honor y unas caderas abullonadas. Esta totalmente cubierto de lentejuelas en azul. <\/p>\n","protected":false},"excerpt":{"rendered":"La Academia Latina de la Grabaci\u00f3n celebra este mi\u00e9rcoles 10 de septiembre en el Cartuja Center CITE \u2018Latin&hellip;\n","protected":false},"author":2,"featured_media":106213,"comment_status":"","ping_status":"","sticky":false,"template":"","format":"standard","meta":{"footnotes":""},"categories":[170],"tags":[146,147,25,24,184,185,23],"class_list":{"0":"post-106212","1":"post","2":"type-post","3":"status-publish","4":"format-standard","5":"has-post-thumbnail","7":"category-musica","8":"tag-entertainment","9":"tag-entretenimiento","10":"tag-es","11":"tag-espana","12":"tag-music","13":"tag-musica","14":"tag-spain"},"share_on_mastodon":{"url":"","error":""},"_links":{"self":[{"href":"https:\/\/www.europesays.com\/es\/wp-json\/wp\/v2\/posts\/106212","targetHints":{"allow":["GET"]}}],"collection":[{"href":"https:\/\/www.europesays.com\/es\/wp-json\/wp\/v2\/posts"}],"about":[{"href":"https:\/\/www.europesays.com\/es\/wp-json\/wp\/v2\/types\/post"}],"author":[{"embeddable":true,"href":"https:\/\/www.europesays.com\/es\/wp-json\/wp\/v2\/users\/2"}],"replies":[{"embeddable":true,"href":"https:\/\/www.europesays.com\/es\/wp-json\/wp\/v2\/comments?post=106212"}],"version-history":[{"count":0,"href":"https:\/\/www.europesays.com\/es\/wp-json\/wp\/v2\/posts\/106212\/revisions"}],"wp:featuredmedia":[{"embeddable":true,"href":"https:\/\/www.europesays.com\/es\/wp-json\/wp\/v2\/media\/106213"}],"wp:attachment":[{"href":"https:\/\/www.europesays.com\/es\/wp-json\/wp\/v2\/media?parent=106212"}],"wp:term":[{"taxonomy":"category","embeddable":true,"href":"https:\/\/www.europesays.com\/es\/wp-json\/wp\/v2\/categories?post=106212"},{"taxonomy":"post_tag","embeddable":true,"href":"https:\/\/www.europesays.com\/es\/wp-json\/wp\/v2\/tags?post=106212"}],"curies":[{"name":"wp","href":"https:\/\/api.w.org\/{rel}","templated":true}]}}