{"id":106217,"date":"2025-09-10T19:56:17","date_gmt":"2025-09-10T19:56:17","guid":{"rendered":"https:\/\/www.europesays.com\/es\/106217\/"},"modified":"2025-09-10T19:56:17","modified_gmt":"2025-09-10T19:56:17","slug":"syvazul-btv-3-recibe-la-autorizacion-de-la-ema-para-la-administracion-de-2-ml-en-bovinos-con-un-incremento-de-la-concentracion-antigenica","status":"publish","type":"post","link":"https:\/\/www.europesays.com\/es\/106217\/","title":{"rendered":"Syvazul BTV 3 recibe la autorizaci\u00f3n de la EMA para la administraci\u00f3n de 2 ml en bovinos con un incremento de la concentraci\u00f3n antig\u00e9nica"},"content":{"rendered":"<p><strong>Syva<\/strong> ha anunciado novedades para su vacuna <strong>Syvazul\u00ae\u00a0BTV 3<\/strong>. Y es que, seg\u00fan han celebrado, el 28 de agosto de 2025 la Agencia Europea de Medicamentos (<strong>EMA<\/strong>) concedi\u00f3 la inclusi\u00f3n de la especie bovina a una dosis de 2 ml con un incremento de la concentraci\u00f3n antig\u00e9nica.<\/p>\n<p>Desde Syva han remarcado que este hecho \u201c<strong>mejora la comodidad<\/strong> y se alinea con los datos reglamentarios m\u00e1s recientes\u201d.<\/p>\n<p>Teniendo todo esto en cuenta, las <strong>indicaciones autorizadas<\/strong> para Syvazul\u00ae BTV 3 son, para <strong>bovinos<\/strong>: \u201cinmunizaci\u00f3n activa de bovino para reducir la viremia causada por el serotipo 3 del virus de la lengua azul, utilizando una pauta de vacunaci\u00f3n de dos inyecciones intramusculares de 2 ml administradas con tres semanas de intervalo\u201d.<\/p>\n<p>Por otro lado, en cuanto a las indicaciones <strong>para ovinos<\/strong>: \u201cinmunizaci\u00f3n activa de ovino para reducir la viremia, la mortalidad, los signos cl\u00ednicos y las lesiones causadas por el serotipo 3 del virus de la lengua azul, utilizando una pauta de vacunaci\u00f3n de una inyecci\u00f3n subcut\u00e1nea de 2 ml a partir de los 3 meses de edad\u201d.<\/p>\n","protected":false},"excerpt":{"rendered":"Syva ha anunciado novedades para su vacuna Syvazul\u00ae\u00a0BTV 3. Y es que, seg\u00fan han celebrado, el 28 de&hellip;\n","protected":false},"author":2,"featured_media":106218,"comment_status":"","ping_status":"","sticky":false,"template":"","format":"standard","meta":{"footnotes":""},"categories":[92],"tags":[3538,25,24,3545,1949,165,3546,1345,3544,3539,3548,3537,3543,166,3536,3547,3540,23,3541,3542],"class_list":{"0":"post-106217","1":"post","2":"type-post","3":"status-publish","4":"format-standard","5":"has-post-thumbnail","7":"category-salud","8":"tag-diario-digital-salud-animal","9":"tag-es","10":"tag-espana","11":"tag-estudiante-de-veterinaria","12":"tag-ganaderia","13":"tag-health","14":"tag-industria-veterinaria","15":"tag-mascotas","16":"tag-medicamentos-veterinarios","17":"tag-noticias-sobre-veterinaria","18":"tag-nurtricion-animal","19":"tag-periodico-digital-salud-animal","20":"tag-piensos","21":"tag-salud","22":"tag-salud-animal","23":"tag-salud-y-bienestar-animal","24":"tag-sanidad-animal","25":"tag-spain","26":"tag-veterinaria","27":"tag-veterinarios"},"share_on_mastodon":{"url":"","error":""},"_links":{"self":[{"href":"https:\/\/www.europesays.com\/es\/wp-json\/wp\/v2\/posts\/106217","targetHints":{"allow":["GET"]}}],"collection":[{"href":"https:\/\/www.europesays.com\/es\/wp-json\/wp\/v2\/posts"}],"about":[{"href":"https:\/\/www.europesays.com\/es\/wp-json\/wp\/v2\/types\/post"}],"author":[{"embeddable":true,"href":"https:\/\/www.europesays.com\/es\/wp-json\/wp\/v2\/users\/2"}],"replies":[{"embeddable":true,"href":"https:\/\/www.europesays.com\/es\/wp-json\/wp\/v2\/comments?post=106217"}],"version-history":[{"count":0,"href":"https:\/\/www.europesays.com\/es\/wp-json\/wp\/v2\/posts\/106217\/revisions"}],"wp:featuredmedia":[{"embeddable":true,"href":"https:\/\/www.europesays.com\/es\/wp-json\/wp\/v2\/media\/106218"}],"wp:attachment":[{"href":"https:\/\/www.europesays.com\/es\/wp-json\/wp\/v2\/media?parent=106217"}],"wp:term":[{"taxonomy":"category","embeddable":true,"href":"https:\/\/www.europesays.com\/es\/wp-json\/wp\/v2\/categories?post=106217"},{"taxonomy":"post_tag","embeddable":true,"href":"https:\/\/www.europesays.com\/es\/wp-json\/wp\/v2\/tags?post=106217"}],"curies":[{"name":"wp","href":"https:\/\/api.w.org\/{rel}","templated":true}]}}