{"id":106219,"date":"2025-09-10T19:57:16","date_gmt":"2025-09-10T19:57:16","guid":{"rendered":"https:\/\/www.europesays.com\/es\/106219\/"},"modified":"2025-09-10T19:57:16","modified_gmt":"2025-09-10T19:57:16","slug":"comunicado-urgente-de-alejandra-rubio","status":"publish","type":"post","link":"https:\/\/www.europesays.com\/es\/106219\/","title":{"rendered":"Comunicado urgente de Alejandra Rubio"},"content":{"rendered":"<p id=\"eP9MAvX5wvk\" data-wc=\"91\">Alejandra Rubio ha querido dejar las cosas claras. La hija de Terelu Campos y Alejandro Rubio <strong>ha emitido un comunicado en sus redes sociales para proteger a su hijo,<\/strong> <a class=\"hm-link ho-link\" href=\"https:\/\/www.hola.com\/actualidad\/20250829852806\/alejandra-rubio-y-carlo-costanzia-se-ponen-romanticos-en-la-playa-su-foto-mas-apasionada\/\" data-mrf-recirculation=\"article-body-link\" rel=\"nofollow noopener\" target=\"_blank\">fruto de su relaci\u00f3n con Carlo Costanzia<\/a>: \u00abBuenos d\u00edas. Vengo a dejar una cosita por aqu\u00ed en son de paz y con mucho amor\u00bb, ha comenzado diciendo la colaboradora de televisi\u00f3n en su escrito. Unas palabras que ha compartido horas despu\u00e9s de haber protagonizado <strong>un momento tenso con los reporteros<\/strong> de televisi\u00f3n que se acercaban a ella en el aeropuerto de Madrid.<\/p>\n<p> <img src=\"https:\/\/www.europesays.com\/es\/wp-content\/uploads\/2025\/09\/0447d4db43fa-alejandra-rubioe44c.jpg\"   width=\"1024\" height=\"574\" loading=\"lazy\" decoding=\"async\" alt=\"Alejandra Rubio en el programa Vamos a Ver\" fetchpriority=\"auto\" class=\"image ho-image\"\/>\u00a9 Mediaset<br \/>\nMomento tenso<\/p>\n<p id=\"e97BG99SodY\" data-wc=\"123\">Alejandra ha pedido respeto para su hijo despu\u00e9s de aterrizar en Madrid junto al peque\u00f1o y su pareja, Carlo Costanzia. La colaboradora caminaba por los pasillos del aeropuerto mientras empujaba el carrito del beb\u00e9 y, al ver las c\u00e1maras de televisi\u00f3n, ha pedido que no siguieran grabando porque hab\u00eda un menor delante.<strong>\u00a0La nieta de la recordada Teresa Campos ha vivido un momento desagradable<\/strong> con los periodistas que, sin enfocar al peque\u00f1o, segu\u00edan preguntando para obtener alguna declaraci\u00f3n, lo que ha provocado cierto malestar en Alejandra: \u00ab\u00a1No puedes grabarme mientras estoy con mi hijo!\u00bb, ha expresado con firmeza. Tras el desagradable encuentro, la colaboradora del programa &#8216;Vamos a ver&#8217;, ha emitido un comunicado con el fin de preservar la intimidad de su hijo.<\/p>\n<p> <img src=\"https:\/\/www.europesays.com\/es\/wp-content\/uploads\/2025\/08\/65fd1ee0e64d-aa43108025f9-dlu581324019.jpg\"   width=\"1024\" height=\"639\" loading=\"lazy\" decoding=\"async\" alt=\"Alejandra Rubio y Carlo Costanzia\" fetchpriority=\"auto\" class=\"image ho-image\"\/>\u00a9 GTRESAlejandra Rubio y Carlo Costanzia<br \/>\nEl comunicado<\/p>\n<p id=\"e6j57DN_Tgh\" data-wc=\"152\">Hola Buenos d\u00edas!! Vengo a dejar una cosita por aqu\u00ed en son de paz y con mucho amor. \u00abSer personaje p\u00fablico no se hereda\u00bb Esta frase se deja bastante clara en una sentencia del a\u00f1o 2023. Con lo cual, est\u00e1 prohibido que los medios capten la imagen de tus hijos, aunque nunca lleguen a publicarla. El Tribunal Supremo conden\u00f3 hace unos a\u00f1os la difusi\u00f3n de im\u00e1genes del hijo de unos conocidos actores en nuestro pa\u00eds. Fue indiferente que pixelaran la imagen de su hijo y que estuvieran en un sitio p\u00fablico. El hecho de captar, reproducir y publicar la imagen del menor y su vida privada, fueron motivos m\u00e1s que suficientes para condenar a la revista. Gracias, que teng\u00e1is un d\u00eda fant\u00e1stico. Pd: esta es una reflexi\u00f3n para que no se nos olvide cuidar en estas situaciones de nuestros hijos MENORES, porque nadie va a mirar por ellos m\u00e1s que sus padres.<\/p>\n<p> <img src=\"https:\/\/www.europesays.com\/es\/wp-content\/uploads\/2025\/09\/2111ba997a24-dlu586914015-1.jpg\"   width=\"1024\" height=\"682\" loading=\"lazy\" decoding=\"async\" alt=\"Alejandra Rubio y Carlo Costanzia en la boda de Paty S\u00e1nchez-Flores y Javier Millet en J\u00e1vea este s\u00e1bado \" fetchpriority=\"auto\" class=\"image ho-image\"\/>\u00a9 GTRES<\/p>\n<p id=\"eJ_j1gl3Qqr\" data-wc=\"94\">La \u00fanica hija de la m\u00edtica presentadora de Telemadrid y Telecinco\u00a0ha vuelto a primera l\u00ednea de la actualidad tras las declaraciones que ha hecho la madre de su novio, Mar Flores. <a class=\"hm-link ho-link\" href=\"https:\/\/www.hola.com\/actualidad\/20250910854663\/mar-flores-entrevista-definitiva-para-mi-alessandro-lequio-persona-no-existe\/\" data-mrf-recirculation=\"article-body-link\" rel=\"nofollow noopener\" target=\"_blank\">La exmodelo acaba de publicar sus memorias<\/a> en el libro Mar en calma (La Esfera de los Libros) donde cuenta su verdad y hace un repaso por vida. El contenido de sus p\u00e1ginas ha tenido una gran repercusi\u00f3n medi\u00e1tica y ha despertado el inter\u00e9s de los reporteros que estaban en el aeropuerto por conocer la opini\u00f3n de Alejandra y su hijo, Carlo. \u00a0\u00a0<\/p>\n<p> <img src=\"https:\/\/www.europesays.com\/es\/wp-content\/uploads\/2025\/09\/1af62edcb5f5-544364038185289285490300346955155154725278796n.jpg\"   width=\"576\" height=\"1024\" loading=\"lazy\" decoding=\"async\" alt=\"Media Image\" fetchpriority=\"auto\" class=\"image ho-image\"\/>\u00a9 alerubioc<\/p>\n","protected":false},"excerpt":{"rendered":"Alejandra Rubio ha querido dejar las cosas claras. La hija de Terelu Campos y Alejandro Rubio ha emitido&hellip;\n","protected":false},"author":2,"featured_media":106220,"comment_status":"","ping_status":"","sticky":false,"template":"","format":"standard","meta":{"footnotes":""},"categories":[91],"tags":[517,5617,253,146,147,25,24,23],"class_list":{"0":"post-106219","1":"post","2":"type-post","3":"status-publish","4":"format-standard","5":"has-post-thumbnail","7":"category-entretenimiento","8":"tag-actualidad","9":"tag-alejandra-rubio","10":"tag-discover","11":"tag-entertainment","12":"tag-entretenimiento","13":"tag-es","14":"tag-espana","15":"tag-spain"},"share_on_mastodon":{"url":"","error":""},"_links":{"self":[{"href":"https:\/\/www.europesays.com\/es\/wp-json\/wp\/v2\/posts\/106219","targetHints":{"allow":["GET"]}}],"collection":[{"href":"https:\/\/www.europesays.com\/es\/wp-json\/wp\/v2\/posts"}],"about":[{"href":"https:\/\/www.europesays.com\/es\/wp-json\/wp\/v2\/types\/post"}],"author":[{"embeddable":true,"href":"https:\/\/www.europesays.com\/es\/wp-json\/wp\/v2\/users\/2"}],"replies":[{"embeddable":true,"href":"https:\/\/www.europesays.com\/es\/wp-json\/wp\/v2\/comments?post=106219"}],"version-history":[{"count":0,"href":"https:\/\/www.europesays.com\/es\/wp-json\/wp\/v2\/posts\/106219\/revisions"}],"wp:featuredmedia":[{"embeddable":true,"href":"https:\/\/www.europesays.com\/es\/wp-json\/wp\/v2\/media\/106220"}],"wp:attachment":[{"href":"https:\/\/www.europesays.com\/es\/wp-json\/wp\/v2\/media?parent=106219"}],"wp:term":[{"taxonomy":"category","embeddable":true,"href":"https:\/\/www.europesays.com\/es\/wp-json\/wp\/v2\/categories?post=106219"},{"taxonomy":"post_tag","embeddable":true,"href":"https:\/\/www.europesays.com\/es\/wp-json\/wp\/v2\/tags?post=106219"}],"curies":[{"name":"wp","href":"https:\/\/api.w.org\/{rel}","templated":true}]}}