{"id":106223,"date":"2025-09-10T20:00:12","date_gmt":"2025-09-10T20:00:12","guid":{"rendered":"https:\/\/www.europesays.com\/es\/106223\/"},"modified":"2025-09-10T20:00:12","modified_gmt":"2025-09-10T20:00:12","slug":"petro-sospecha-que-el-ataque-de-estados-unidos-a-la-lancha-se-produjo-en-aguas-de-trinidad-y-tobago-y-le-pide-recuperar-los-cadaveres","status":"publish","type":"post","link":"https:\/\/www.europesays.com\/es\/106223\/","title":{"rendered":"Petro sospecha que el ataque de Estados Unidos a la lancha se produjo en aguas de Trinidad y Tobago y le pide recuperar los cad\u00e1veres"},"content":{"rendered":"<p class=\"\">Gustavo Petro le ha pedido por tel\u00e9fono a la primera ministra de Trinidad y Tobago que busque los cad\u00e1veres de los tripulantes de<a href=\"https:\/\/elpais.com\/america\/2025-09-05\/el-misterio-de-una-lancha-pulverizada-por-un-misil-en-medio-del-caribe.html\" target=\"_self\" rel=\"nofollow noopener\" title=\"https:\/\/elpais.com\/america\/2025-09-05\/el-misterio-de-una-lancha-pulverizada-por-un-misil-en-medio-del-caribe.html\"> la lancha que fue atacada por Estados Unidos<\/a>, seg\u00fan ha contado la mandataria. El presidente de Colombia le ha dicho a Kamla Persad-Bissessar que sospecha que la muerte de los tripulantes se produjo en aguas de la rep\u00fablica caribe\u00f1a, por lo que podr\u00eda tratarse de un crimen a manos del ej\u00e9rcito estadounidense que deber\u00eda ser investigado. Persad-Bissessar le ha respondido que no va a hacer la pesquisa y ha felicitado a la Casa Blanca por la acci\u00f3n. <\/p>\n<p class=\"\">Estados Unidos ha desplegado desde hace tres semanas<a href=\"https:\/\/elpais.com\/america-colombia\/2025-09-03\/petro-condena-el-ataque-de-estados-unidos-a-una-lancha-cerca-de-venezuela-si-esto-es-verdad-es-un-asesinato-en-cualquier-parte-del-mundo.html\" target=\"_self\" rel=\"nofollow noopener\" title=\"https:\/\/elpais.com\/america-colombia\/2025-09-03\/petro-condena-el-ataque-de-estados-unidos-a-una-lancha-cerca-de-venezuela-si-esto-es-verdad-es-un-asesinato-en-cualquier-parte-del-mundo.html\"> buques de guerra y un submarino nuclear<\/a> en aguas internacionales, en el l\u00edmite con el territorio venezolano. Donald Trump y Marco Rubio, el secretario de Estado, aseguran que el contingente tiene como objetivo luchar contra el tr\u00e1fico de drogas que llega a su pa\u00eds desde distintos puntos de Sudam\u00e9rica, pero la realidad es que tambi\u00e9n est\u00e1 sirviendo para presionar al Gobierno de Venezuela. El presidente Nicol\u00e1s Maduro sostiene que se trata de una excusa para invadir su pa\u00eds y derrocarlo -Rubio ha repetido varias veces que Maduro comanda un c\u00e1rtel y que debe responder ante la justicia norteamericana-. <\/p>\n<p class=\"\">La semana pasada, la flota hundi\u00f3 con un misil una lancha que hab\u00eda partido de costas venezolanas. Las once personas que iban a bordo, y que seg\u00fan Estados Unidos pertenec\u00edan al grupo criminal El Tren de Aragua y transportaban droga, murieron en el acto. El ej\u00e9rcito americano supuestamente pod\u00eda atacarles de manera frontal, como si de un acto de guerra se tratase, gracias a que esa banda ha sido incluida en la <a href=\"https:\/\/crsreports.congress.gov\/product\/pdf\/IF\/IF10613\" target=\"_blank\" rel=\"nofollow noopener\" title=\"https:\/\/crsreports.congress.gov\/product\/pdf\/IF\/IF10613\">lista de Organizaciones Terroristas Extranjeras <\/a>(FTO, por sus siglas en ingl\u00e9s). Expertos legales han cuestionado que pueda darse una orden de ese tipo, puesto que podr\u00eda tratarse de un asunto del que deber\u00edan ocuparse las fuerzas del orden y no los militares (en el caso de que hubiera ocurrido en aguas internacionales, como sostiene la Casa Blanca, el tema entre en un debate jur\u00eddico m\u00e1s complejo). <\/p>\n<p class=\"\">Petro a\u00f1ade a la ecuaci\u00f3n una interrogante. Si el ataque se produjo en aguas de Trinidad y Tobago, este pa\u00eds tiene la obligaci\u00f3n de investigar el asunto y procesar a los culpables llegado el caso. Sobre la operaci\u00f3n militar estadounidense hay muy poca informaci\u00f3n. No se sabe si los tripulantes fueron apercibidos o si se les dio oportunidad de rendirse. Tampoco se han aportado pruebas que demuestren que cargaban drogas o estuvieran cometiendo un delito flagrante. <\/p>\n<p class=\"\"><a href=\"https:\/\/www.nytimes.com\/2025\/09\/10\/us\/trump-drug-boat-venezuela-strike.html?smid=nytcore-ios-share&amp;referringSource=articleShare\" target=\"_blank\" rel=\"nofollow noopener\" title=\"https:\/\/www.nytimes.com\/2025\/09\/10\/us\/trump-drug-boat-venezuela-strike.html?smid=nytcore-ios-share&amp;referringSource=articleShare\">El New York Times ha aportado nuevos datos<\/a> este mi\u00e9rcoles. Seg\u00fan funcionarios estadounidenses, el barco alter\u00f3 su rumbo y aparentemente dio la vuelta antes de ser atacado, ya que las personas que iban a bordo hab\u00edan avistado la aeronave militar que los persegu\u00eda. Esas mismas fuentes sostienen que el misil que impact\u00f3 contra la lancha, un momento que ha sido revelado en v\u00eddeo, no fue el primer disparo, sino que antes se produjeron m\u00e1s.<\/p>\n","protected":false},"excerpt":{"rendered":"Gustavo Petro le ha pedido por tel\u00e9fono a la primera ministra de Trinidad y Tobago que busque los&hellip;\n","protected":false},"author":2,"featured_media":106224,"comment_status":"","ping_status":"","sticky":false,"template":"","format":"standard","meta":{"footnotes":""},"categories":[42],"tags":[36810,889,17,18,1803,629,13,14,16858,69,3916,11,61,62,63,64,19,20,1804,36809,9,1194,10,15,16,26957,36811,12,36808,21,22,1192,65,66,67],"class_list":{"0":"post-106223","1":"post","2":"type-post","3":"status-publish","4":"format-standard","5":"has-post-thumbnail","7":"category-internacional","8":"tag-aguas-territoriales","9":"tag-america","10":"tag-breaking-news","11":"tag-breakingnews","12":"tag-colombia","13":"tag-estados-unidos","14":"tag-featured-news","15":"tag-featurednews","16":"tag-gobierno-colombia","17":"tag-guerra","18":"tag-gustavo-petro","19":"tag-headlines","20":"tag-internacional","21":"tag-international","22":"tag-international-news","23":"tag-internationalnews","24":"tag-latest-news","25":"tag-latestnews","26":"tag-latinoamerica","27":"tag-lucha-antidroga","28":"tag-news","29":"tag-nicolas-maduro","30":"tag-noticias","31":"tag-noticias-destacadas","32":"tag-noticiasdestacadas","33":"tag-presidencia-colombia","34":"tag-presidente-colombia","35":"tag-titulares","36":"tag-trinidad-y-tobago","37":"tag-ultimas-noticias","38":"tag-ultimasnoticias","39":"tag-venezuela","40":"tag-world","41":"tag-world-news","42":"tag-worldnews"},"share_on_mastodon":{"url":"","error":""},"_links":{"self":[{"href":"https:\/\/www.europesays.com\/es\/wp-json\/wp\/v2\/posts\/106223","targetHints":{"allow":["GET"]}}],"collection":[{"href":"https:\/\/www.europesays.com\/es\/wp-json\/wp\/v2\/posts"}],"about":[{"href":"https:\/\/www.europesays.com\/es\/wp-json\/wp\/v2\/types\/post"}],"author":[{"embeddable":true,"href":"https:\/\/www.europesays.com\/es\/wp-json\/wp\/v2\/users\/2"}],"replies":[{"embeddable":true,"href":"https:\/\/www.europesays.com\/es\/wp-json\/wp\/v2\/comments?post=106223"}],"version-history":[{"count":0,"href":"https:\/\/www.europesays.com\/es\/wp-json\/wp\/v2\/posts\/106223\/revisions"}],"wp:featuredmedia":[{"embeddable":true,"href":"https:\/\/www.europesays.com\/es\/wp-json\/wp\/v2\/media\/106224"}],"wp:attachment":[{"href":"https:\/\/www.europesays.com\/es\/wp-json\/wp\/v2\/media?parent=106223"}],"wp:term":[{"taxonomy":"category","embeddable":true,"href":"https:\/\/www.europesays.com\/es\/wp-json\/wp\/v2\/categories?post=106223"},{"taxonomy":"post_tag","embeddable":true,"href":"https:\/\/www.europesays.com\/es\/wp-json\/wp\/v2\/tags?post=106223"}],"curies":[{"name":"wp","href":"https:\/\/api.w.org\/{rel}","templated":true}]}}