{"id":106225,"date":"2025-09-10T20:01:09","date_gmt":"2025-09-10T20:01:09","guid":{"rendered":"https:\/\/www.europesays.com\/es\/106225\/"},"modified":"2025-09-10T20:01:09","modified_gmt":"2025-09-10T20:01:09","slug":"el-congreso-tumba-la-reduccion-de-la-jornada-laboral-con-los-votos-de-pp-vox-y-junts-espana","status":"publish","type":"post","link":"https:\/\/www.europesays.com\/es\/106225\/","title":{"rendered":"El Congreso tumba la reducci\u00f3n de la jornada laboral con los votos de PP, Vox y Junts | Espa\u00f1a"},"content":{"rendered":"<p class=\"\">Tras un debate muy crispado, con un enfrentamiento in\u00e9dito hasta ahora entre el Gobierno y Junts, las derechas han unido este mi\u00e9rcoles sus votos en el Congreso para tumbar <a href=\"https:\/\/elpais.com\/espana\/2025-09-03\/diaz-reconoce-las-dificultades-para-salvar-la-reduccion-de-jornada-y-se-saca-la-presion-de-encima-no-es-el-gobierno-el-que-falla.html\" target=\"_self\" rel=\"nofollow noopener\" title=\"https:\/\/elpais.com\/espana\/2025-09-03\/diaz-reconoce-las-dificultades-para-salvar-la-reduccion-de-jornada-y-se-saca-la-presion-de-encima-no-es-el-gobierno-el-que-falla.html\">la reducci\u00f3n de la jornada laboral a 37,5 horas<\/a> semanales, proyecto nuclear del ministerio que dirige Yolanda D\u00edaz. PP, Vox, Junts y UPN han dado luz verde a las enmiendas a la totalidad de la ley presentadas por el partido de Carles Puigdemont, los populares y Vox, que han salido adelante con 178 apoyos (frente a 170 noes) y ha propiciado la primera gran derrota parlamentaria de la coalici\u00f3n este curso. <\/p>\n<p class=\"\">En una intervenci\u00f3n dur\u00edsima contra Junts, un socio de investidura al que el Ejecutivo necesita para sostener la legislatura, D\u00edaz ha subido el tono como nunca al afear a los catalanes su rechazo a la norma, acus\u00e1ndoles de \u201ccolocarse en contra de la historia de su pueblo\u201d y \u201cde lo que quiere\u201d la mayor\u00eda de sus votantes. \u201cSe\u00f1ora Nogueras\u201d, se ha dirigido de manera reiterada la vicepresidenta a la portavoz de Junts, \u201custedes hoy creen que est\u00e1n representando el independentismo catal\u00e1n. No es verdad, representan los intereses de la patronal espa\u00f1ola en sus sectores m\u00e1s reaccionarios\u201d, ha atacado en la v\u00edspera de la Diada la titular de Trabajo, que durante meses hab\u00eda evitado esa confrontaci\u00f3n p\u00fablica para dar espacio a las negociaciones. Frente a la ofensiva de la vicepresidenta, y despu\u00e9s de seguir muy atento su grupo cada uno de los embates de D\u00edaz, M\u00edriam Nogueras ha respondido igualmente dura. \u201cSu \u00fanico argumento es situarnos a nosotros a la derecha y lo hacen porque no tiene datos ni fundamentos para defender lo indefendible\u201d, ha arremetido. <\/p>\n<p class=\"\">El debate en el hemiciclo se ha producido tras la <a href=\"https:\/\/elpais.com\/economia\/2025-09-10\/los-sindicatos-protestan-en-51-ciudades-por-el-rechazo-de-la-derecha-a-reducir-la-jornada.html\" target=\"_self\" rel=\"nofollow noopener\" title=\"https:\/\/elpais.com\/economia\/2025-09-10\/los-sindicatos-protestan-en-51-ciudades-por-el-rechazo-de-la-derecha-a-reducir-la-jornada.html\">protesta convocada por los sindicatos<\/a> frente al Congreso y con la presencia de los l\u00edderes de UGT, Pepe Alv\u00e1rez; y CC OO, Unai Sordo, en la tribuna de invitados. Todos los ministros de Sumar han arropado a la vicepresidenta en su intervenci\u00f3n, pero solo F\u00e9lix Bola\u00f1os, por el PSOE, ha acudido a escucharla unos minutos. La CEOE, por su parte, ha \u201cagradecido\u201d a los grupos por el rechazo a la norma, \u201cplenamente coherente con la ausencia de resultados en el di\u00e1logo social\u201d.<\/p>\n<p class=\"\">\u201cUsted est\u00e1 representando al capital. El Gobierno de Espa\u00f1a est\u00e1 representando a las gentes trabajadoras catalanas. Usted no se pone del lado del trabajador o el aut\u00f3nomo, sino de quien hoy en Espa\u00f1a se est\u00e1 forrando\u201c, ha criticado la l\u00edder de Sumar en un discurso dirigido fundamentalmente a la diputada de Junts y despu\u00e9s de enumerar una serie de datos sobre la <a href=\"https:\/\/elpais.com\/economia\/2025-07-24\/espana-supera-por-primera-vez-los-22-millones-de-trabajadores.html\" target=\"_self\" rel=\"nofollow noopener\" title=\"https:\/\/elpais.com\/economia\/2025-07-24\/espana-supera-por-primera-vez-los-22-millones-de-trabajadores.html\">bonanza del mercado laboral espa\u00f1ol y catal\u00e1n<\/a>, como el r\u00e9cord de 3,4 millones de aut\u00f3nomos. \u201cEl ultimo debate sobre la reducci\u00f3n de la jornada laboral fue hace 42 a\u00f1os. \u00bfCree que la Espa\u00f1a de 1983, en la que usted ten\u00eda tres a\u00f1os, es la Espa\u00f1a en la que trabajamos y vivimos hoy?\u201c, le ha preguntado la responsable de Trabajo. <\/p>\n<p class=\"\">\u201cLas personas que suben la persiana cada d\u00eda no deben de dar cr\u00e9dito de su ignorancia de la realidad catalana. Quiz\u00e1s yo ten\u00eda tres a\u00f1os, pero yo vivo en Catalu\u00f1a y usted no\u201d, le ha respondido una enfadada Nogueras, que <a href=\"https:\/\/elpais.com\/espana\/2025-09-08\/junts-traslada-a-yolanda-diaz-su-rechazo-a-la-reduccion-de-la-jornada-laboral.html\" target=\"_self\" rel=\"nofollow noopener\" title=\"https:\/\/elpais.com\/espana\/2025-09-08\/junts-traslada-a-yolanda-diaz-su-rechazo-a-la-reduccion-de-la-jornada-laboral.html\">el lunes traslad\u00f3 oficialmente a Trabajo<\/a> que mantendr\u00edan su rechazo a la ley. <\/p>\n<p class=\"\">\u201cSe equivocan. Con esta votaci\u00f3n no est\u00e1n defendiendo al aut\u00f3nomo, al carnicero, sino los intereses de Mercadona y de las grandes empresas\u201d, ha rematado D\u00edaz. \u201dLas encuestas la sit\u00faan en un lugar residual. Si alg\u00fan d\u00eda quiere hablar con respeto de Catalu\u00f1a, del tejido productivo y la clase trabajadora, nosotros estaremos ah\u00ed\u201c, ha concluido el rifirrafe la portavoz de Junts. \u201dEl trabajo est\u00e1 avanzado en muchos folios, empecemos ma\u00f1ana\u00bb, ha recogido el guante en el cierre del debate la vicepresidenta.<\/p>\n<p><img alt=\"Yolanda D\u00edaz, este mi\u00e9rcoles durante su intervenci\u00f3n en el Congreso. \" decoding=\"auto\" class=\"_re lazyload a_m-h\" height=\"276\"  width=\"414\"  src=\"https:\/\/www.europesays.com\/es\/wp-content\/uploads\/2025\/09\/S4Z7UBZZPBF5PLNMMTEOGDFP7M.jpg\" loading=\"lazy\"\/>Yolanda D\u00edaz, este mi\u00e9rcoles durante su intervenci\u00f3n en el Congreso. Claudio \u00c1lvarez<\/p>\n<p class=\"\">Por el PP, Juan Bravo ha tachado la ley sobre la reducci\u00f3n de jornada de \u201cciencia ficci\u00f3n\u201d. \u201cLa gente no es tonta. Como por arte de magia vamos a trabajar menos y cobrar lo mismo. Trabajemos la mitad y cobremos el doble, o el triple\u201d, ha ironizado el vicesecretario de Hacienda de los populares, partido que, como Vox, ha presentado su propia enmienda a la totalidad. \u201cDejen de enga\u00f1ar a los espa\u00f1oles, convoquen elecciones y som\u00e9tanse a las urnas\u201d, ha proclamado en su primera intervenci\u00f3n el diputado de la formaci\u00f3n ultra Jos\u00e9 Mar\u00eda Figaredo. <\/p>\n<p class=\"\">\u201cBien que siento el inter\u00e9s, es iron\u00eda, que muestra el PP por esta materia\u201d, ha contestado D\u00edaz a Bravo antes de calificar su voto en contra de \u201cbofetada sonora\u201d a los 12,5 millones de trabajadores que se ver\u00edan beneficiados por la reducci\u00f3n. <\/p>\n<p>Golpe al Gobierno<\/p>\n<p class=\"\">Aunque el varapalo es importante para el Ejecutivo, la coalici\u00f3n lleva d\u00edas preparando el terreno para la derrota.<b> <\/b>El <a href=\"https:\/\/elpais.com\/espana\/2025-09-10\/el-gobierno-afronta-el-primer-gran-reves-del-curso-politico-tras-el-rechazo-de-las-derechas-a-reducir-la-jornada-laboral.html\" target=\"_self\" rel=\"nofollow noopener\" title=\"https:\/\/elpais.com\/espana\/2025-09-10\/el-gobierno-afronta-el-primer-gran-reves-del-curso-politico-tras-el-rechazo-de-las-derechas-a-reducir-la-jornada-laboral.html\">Gobierno busca minimizar el da\u00f1o<\/a>, asegura que este asunto \u201cmoviliza\u201d a la ciudadan\u00eda y argumenta que esta misma semana han sacado adelante otros avances importantes, como el decreto de permisos aprobado 24 horas antes. El golpe, con todo, afecta particularmente al departamento de D\u00edaz, que ha convertido esta medida en bandera central de Sumar y hab\u00eda fiado buena parte de su <a href=\"https:\/\/elpais.com\/espana\/2024-12-05\/sumar-fia-su-rearme-a-la-reduccion-de-la-jornada-laboral.html\" target=\"_self\" rel=\"nofollow noopener\" title=\"https:\/\/elpais.com\/espana\/2024-12-05\/sumar-fia-su-rearme-a-la-reduccion-de-la-jornada-laboral.html\">rearme a la aprobaci\u00f3n de la ley<\/a>. La vicepresidenta ya ha anunciado que seguir\u00e1 trabajando para sacar adelante, al menos, la parte de la norma que se refiere al registro horario.<\/p>\n<p class=\"\">\u201cNos quieren deprimidos, nos van a encontrar luchando\u201d, ha zanjado la vicepresidenta. \u201cHoy vamos a perder esta votaci\u00f3n, pero la reducci\u00f3n de la jornada y la subida de salarios ya la hemos ganado en la calle\u201d.<\/p>\n<p class=\"\">El proyecto rechazado este mi\u00e9rcoles en el Congreso era fruto de meses de negociaciones del Ministerio de Trabajo con sindicatos y patronales. El texto empezaba respondiendo a la <a href=\"https:\/\/elpais.com\/espana\/2023-10-23\/psoe-y-sumar-acercan-posturas-para-pactar-la-reduccion-de-la-jornada-laboral-a-375-horas-semanales-y-cerrar-un-acuerdo-de-gobierno.html\" target=\"_self\" rel=\"nofollow noopener\" title=\"https:\/\/elpais.com\/espana\/2023-10-23\/psoe-y-sumar-acercan-posturas-para-pactar-la-reduccion-de-la-jornada-laboral-a-375-horas-semanales-y-cerrar-un-acuerdo-de-gobierno.html\">principal promesa electoral de Sumar, recogida despu\u00e9s en el acuerdo de coalici\u00f3n<\/a>: cambiar el art\u00edculo 34 del Estatuto de los Trabajadores, que es el que establece que la jornada ordinaria m\u00e1xima semanal es de 40 horas. Inicialmente planteaba dos recortes, a 38 horas y media en 2024 y a 37 y media en 2025. La dilaci\u00f3n de las conversaciones en el di\u00e1logo social acab\u00f3 borrando el paso intermedio y <a href=\"https:\/\/www.congreso.es\/public_oficiales\/L15\/CONG\/BOCG\/A\/BOCG-15-A-58-1.PDF\" rel=\"nofollow noopener\" target=\"_blank\">en el texto que lleg\u00f3 al Congreso<\/a> solo cristalizaba el objetivo final.<\/p>\n<p>Registro horario<\/p>\n<p class=\"\">El proyecto del ministerio, respaldado por los sindicatos y rechazado por las patronales, no se limitaba a ese recorte de jornada. Es m\u00e1s, el nombre formal de la norma es proyecto de ley para la reducci\u00f3n de la duraci\u00f3n m\u00e1xima de la jornada ordinaria de trabajo y la garant\u00eda del registro de jornada y el derecho a la desconexi\u00f3n. Empezando por ese \u00faltimo elemento, Trabajo planteaba un cambi\u00f3 del art\u00edculo 20 bis del Estatuto, el que regula el derecho de los trabajadores a la intimidad en relaci\u00f3n con el entorno digital y a <a href=\"https:\/\/elpais.com\/economia\/2024-01-21\/problemas-para-conciliar-y-organizarse-la-vida-los-motivos-detras-de-la-infelicidad-de-la-mayoria-de-los-trabajadores.html\" rel=\"nofollow noopener\" target=\"_blank\">la desconexi\u00f3n<\/a>. La propuesta profundiza en esa idea: fijaba como irrenunciable el derecho a la desconexi\u00f3n, establec\u00eda el deber empresarial de garantizarlo y precisaba que la no atenci\u00f3n de la comunicaci\u00f3n fuera de la jornada laboral \u201cno podr\u00e1 generar consecuencias negativas\u201d al empleado.<\/p>\n<p class=\"\">La otra pata de la ley era el refuerzo del registro horario, una baza negociadora que no ha dado resultados a Trabajo. D\u00edaz ven\u00eda amenazando con que <a href=\"https:\/\/elpais.com\/economia\/2024-10-11\/el-gobierno-endurecera-el-registro-horario-de-los-trabajadores-aunque-el-recorte-de-la-jornada-no-prospere-en-el-parlamento.html\" rel=\"nofollow noopener\" target=\"_blank\">lo endurecer\u00eda<\/a> con un reglamento (seg\u00fan el ministerio esta parte no necesita convalidaci\u00f3n parlamentaria) si el paquete completo fracasaba en el Parlamento, como ha terminado sucediendo. Si D\u00edaz cumple lo prometido \u2014y que los sindicatos <a href=\"https:\/\/elpais.com\/economia\/2025-09-08\/los-sindicatos-se-manifestaran-mientras-se-vota-la-reduccion-de-jornada-para-presionar-a-junts.html\" rel=\"nofollow noopener\" target=\"_blank\">le reclaman<\/a>\u2014, el registro horario pasar\u00e1 a ser obligatoriamente digital y se impedir\u00e1n por tanto las anotaciones en papel que, seg\u00fan los especialistas, <a href=\"https:\/\/elpais.com\/economia\/2024-01-24\/mi-jefe-manipula-el-registro-de-jornada-coleccion-de-trampas-empresariales-en-el-control-del-tiempo-de-trabajo.html\" rel=\"nofollow noopener\" target=\"_blank\">tanto fraude generan<\/a>.<\/p>\n<p class=\"\">Adem\u00e1s, Trabajo propone un sistema interoperable al estilo de las cotizaciones a la Seguridad Social, de manera que Inspecci\u00f3n pueda auditar los horarios cuando le parezca oportuno. Por \u00faltimo, el departamento plantea una multiplicaci\u00f3n de las sanciones, un recargo en los castigos que s\u00ed exigir\u00eda tramitaci\u00f3n parlamentaria, ya que la elevaci\u00f3n de las multas est\u00e1 regulada en la Ley de Infracciones y Sanciones del Orden Social (LISOS), y cualquier cambio en esta norma requerir\u00eda la aprobaci\u00f3n de una mayor\u00eda parlamentaria.<\/p>\n<p class=\"\">La idea del ministerio es que en vez de darse un \u00fanico castigo por empresa incumplidora, independientemente del n\u00famero de empleados, con el nuevo reglamento la compa\u00f1\u00eda afronte una sanci\u00f3n por cada trabajador en el que haya habido incumplimientos. Este es un problema que afecta al menos a medio mill\u00f3n de empleados. Seg\u00fan los \u00faltimos datos de la Encuesta de Poblaci\u00f3n Activa, 420.300 trabajadores no cobran ni una de sus horas extra y 71.400 solo reciben emolumentos por una parte de las horas de m\u00e1s que laboran.<\/p>\n","protected":false},"excerpt":{"rendered":"Tras un debate muy crispado, con un enfrentamiento in\u00e9dito hasta ahora entre el Gobierno y Junts, las derechas&hellip;\n","protected":false},"author":2,"featured_media":106226,"comment_status":"","ping_status":"","sticky":false,"template":"","format":"standard","meta":{"footnotes":""},"categories":[8],"tags":[17,18,4456,25,24,13,14,582,11,4451,3837,19,20,4455,9,10,15,16,1699,3905,23,4453,12,21,22,4454],"class_list":{"0":"post-106225","1":"post","2":"type-post","3":"status-publish","4":"format-standard","5":"has-post-thumbnail","7":"category-espana","8":"tag-breaking-news","9":"tag-breakingnews","10":"tag-congreso-diputados","11":"tag-es","12":"tag-espana","13":"tag-featured-news","14":"tag-featurednews","15":"tag-gobierno","16":"tag-headlines","17":"tag-jornada-laboral","18":"tag-juntsxcat","19":"tag-latest-news","20":"tag-latestnews","21":"tag-ministerio-de-trabajo-y-economia-social","22":"tag-news","23":"tag-noticias","24":"tag-noticias-destacadas","25":"tag-noticiasdestacadas","26":"tag-psoe","27":"tag-sindicatos","28":"tag-spain","29":"tag-sumar","30":"tag-titulares","31":"tag-ultimas-noticias","32":"tag-ultimasnoticias","33":"tag-yolanda-diaz"},"share_on_mastodon":{"url":"","error":""},"_links":{"self":[{"href":"https:\/\/www.europesays.com\/es\/wp-json\/wp\/v2\/posts\/106225","targetHints":{"allow":["GET"]}}],"collection":[{"href":"https:\/\/www.europesays.com\/es\/wp-json\/wp\/v2\/posts"}],"about":[{"href":"https:\/\/www.europesays.com\/es\/wp-json\/wp\/v2\/types\/post"}],"author":[{"embeddable":true,"href":"https:\/\/www.europesays.com\/es\/wp-json\/wp\/v2\/users\/2"}],"replies":[{"embeddable":true,"href":"https:\/\/www.europesays.com\/es\/wp-json\/wp\/v2\/comments?post=106225"}],"version-history":[{"count":0,"href":"https:\/\/www.europesays.com\/es\/wp-json\/wp\/v2\/posts\/106225\/revisions"}],"wp:featuredmedia":[{"embeddable":true,"href":"https:\/\/www.europesays.com\/es\/wp-json\/wp\/v2\/media\/106226"}],"wp:attachment":[{"href":"https:\/\/www.europesays.com\/es\/wp-json\/wp\/v2\/media?parent=106225"}],"wp:term":[{"taxonomy":"category","embeddable":true,"href":"https:\/\/www.europesays.com\/es\/wp-json\/wp\/v2\/categories?post=106225"},{"taxonomy":"post_tag","embeddable":true,"href":"https:\/\/www.europesays.com\/es\/wp-json\/wp\/v2\/tags?post=106225"}],"curies":[{"name":"wp","href":"https:\/\/api.w.org\/{rel}","templated":true}]}}