{"id":106228,"date":"2025-09-10T20:03:09","date_gmt":"2025-09-10T20:03:09","guid":{"rendered":"https:\/\/www.europesays.com\/es\/106228\/"},"modified":"2025-09-10T20:03:09","modified_gmt":"2025-09-10T20:03:09","slug":"el-beach-handball-y-otro-ano-de-crecimiento-en-el-contexto-regional","status":"publish","type":"post","link":"https:\/\/www.europesays.com\/es\/106228\/","title":{"rendered":"El Beach Handball y otro a\u00f1o de crecimiento en el contexto regional"},"content":{"rendered":"<p>La Etapa Regional masculina se jug\u00f3 en Chivilcoy y los equipos Sub 14 y 16 de la Escuela Municipal de Handball cayeron en sus finales ante el due\u00f1o de casa. Las chicas se la jugaron en Mercedes pero cedieron ante las locales.<\/p>\n<p>En diferentes locaciones y un par de jornadas tan intensas como atractivas, se desarroll\u00f3 la Etapa Regional de Beach Handball de los Juegos Bonaerenses, el certamen Deportivo y cultural m\u00e1s relevante de la provincia de Buenos Aires.<\/p>\n<p>Y en ese marco, los equipos de Pilar dieron muestras de un importante progreso en referencia a a\u00f1os anteriores. Construyeron buenas producciones, aunque finalmente no lograron el objetivo de clasificar a la siguiente instancia del torneo.<\/p>\n<p>\u201cFueron jornadas muy exigentes y nuestros chicos y chicas demostraron un gran nivel y que esta disciplina, que crece a pasos agigantados en todo el pa\u00eds, tambi\u00e9n lo hace en Pilar. Felicitaciones a nuestros equipos y sus profesores porque han completado otra competencia muy interesante\u201d, destac\u00f3 el director general de Deportes, Fernando Trillo.<\/p>\n<p>El certamen masculino se <strong>desarroll\u00f3<\/strong> en la ciudad de Chivilcoy y hasta all\u00ed, Pilar lleg\u00f3 con representativos en las categor\u00edas Sub 14 y Sub 16 que completaron interesantes performances.<\/p>\n<p>En la divisi\u00f3n <strong>Sub 14<\/strong>, nuestro distrito estuvo representado por el equipo de la <strong>Escuela Municipal<\/strong> <strong>de Handball<\/strong>. La escuadra local le hizo frente al gran candidato, Chivilcoy, mostr\u00f3 un nivel m\u00e1s que relevante en su juego. Finalmente, los due\u00f1os de casa se impusieron ajustadamente por 2 sets a 0, con parciales de 11-10 y 14-13.<\/p>\n<p>M\u00e1s tarde, la escuadra de la categor\u00eda <strong>Sub 16<\/strong> de la <strong>Escuela Municipal de Handball<\/strong>, debut\u00f3 con victoria por 2 a 0 frente a Mercedes 2 a 0 y en al final cay\u00f3 2 a 0 frente a un Chivilcoy descansado ya que hab\u00eda quedado libre en la ronda anterior.<\/p>\n<p>\u201cNos se nos dio la clasificaci\u00f3n, pero fue una muy buena experiencia para nuestros equipos\u201d, destac\u00f3 el profesor Maximiliano Almir\u00f3n, DT de las formaciones pilarenses.<\/p>\n<p>Muy buena por su parte, la competencia <strong>femenina<\/strong> se llev\u00f3 a cabo en la ciudad de Mercedes y Pilar dio pelea con el buen equipo de la categor\u00eda <strong>Sub 16<\/strong> de la <strong>Escuela Municipal de Handball<\/strong>.<\/p>\n<p>Las dirigidas por la profesora Camila Duhau hicieron un muy buen encuentro pero cedieron 2 sets a 0 ante el due\u00f1o de casa y vieron trunca su ilusi\u00f3n de seguir avanzando en los Juegos Bonaerenses.<\/p>\n","protected":false},"excerpt":{"rendered":"La Etapa Regional masculina se jug\u00f3 en Chivilcoy y los equipos Sub 14 y 16 de la Escuela&hellip;\n","protected":false},"author":2,"featured_media":106229,"comment_status":"","ping_status":"","sticky":false,"template":"","format":"standard","meta":{"footnotes":""},"categories":[278],"tags":[517,376,168,25,24,375,31185,23,167],"class_list":{"0":"post-106228","1":"post","2":"type-post","3":"status-publish","4":"format-standard","5":"has-post-thumbnail","7":"category-balonmano","8":"tag-actualidad","9":"tag-balonmano","10":"tag-deportes","11":"tag-es","12":"tag-espana","13":"tag-handball","14":"tag-juegos-bonaerenses","15":"tag-spain","16":"tag-sports"},"share_on_mastodon":{"url":"","error":""},"_links":{"self":[{"href":"https:\/\/www.europesays.com\/es\/wp-json\/wp\/v2\/posts\/106228","targetHints":{"allow":["GET"]}}],"collection":[{"href":"https:\/\/www.europesays.com\/es\/wp-json\/wp\/v2\/posts"}],"about":[{"href":"https:\/\/www.europesays.com\/es\/wp-json\/wp\/v2\/types\/post"}],"author":[{"embeddable":true,"href":"https:\/\/www.europesays.com\/es\/wp-json\/wp\/v2\/users\/2"}],"replies":[{"embeddable":true,"href":"https:\/\/www.europesays.com\/es\/wp-json\/wp\/v2\/comments?post=106228"}],"version-history":[{"count":0,"href":"https:\/\/www.europesays.com\/es\/wp-json\/wp\/v2\/posts\/106228\/revisions"}],"wp:featuredmedia":[{"embeddable":true,"href":"https:\/\/www.europesays.com\/es\/wp-json\/wp\/v2\/media\/106229"}],"wp:attachment":[{"href":"https:\/\/www.europesays.com\/es\/wp-json\/wp\/v2\/media?parent=106228"}],"wp:term":[{"taxonomy":"category","embeddable":true,"href":"https:\/\/www.europesays.com\/es\/wp-json\/wp\/v2\/categories?post=106228"},{"taxonomy":"post_tag","embeddable":true,"href":"https:\/\/www.europesays.com\/es\/wp-json\/wp\/v2\/tags?post=106228"}],"curies":[{"name":"wp","href":"https:\/\/api.w.org\/{rel}","templated":true}]}}