{"id":106234,"date":"2025-09-10T20:08:07","date_gmt":"2025-09-10T20:08:07","guid":{"rendered":"https:\/\/www.europesays.com\/es\/106234\/"},"modified":"2025-09-10T20:08:07","modified_gmt":"2025-09-10T20:08:07","slug":"la-vuelta-ciclista-a-espana-pasara-por-san-lorenzo-de-el-escorial-en-su-penultima-etapa-el-proximo-sabado-13","status":"publish","type":"post","link":"https:\/\/www.europesays.com\/es\/106234\/","title":{"rendered":"La Vuelta Ciclista a Espa\u00f1a pasar\u00e1 por San Lorenzo de El Escorial en su pen\u00faltima etapa el pr\u00f3ximo s\u00e1bado 13"},"content":{"rendered":"<p>La <a href=\"https:\/\/www.lavuelta.es\/es\" target=\"_blank\" rel=\"noopener nofollow\">Vuelta Ciclista a Espa\u00f1a 2025<\/a> pasar\u00e1 por San Lorenzo de El Escorial<strong> el pr\u00f3ximo s\u00e1bado 13 de septiembre,<\/strong> en la etapa que coronar\u00e1 en la Bola del Mundo, en el Puerto de Navacerrada.<\/p>\n<p>Los corredores<strong> entrar\u00e1n en el municipio por la carretera de la Estaci\u00f3n entre las 14:08 y 14:15<\/strong> para enfilar <strong>por la calle Juan de Toledo hacia la carretera de Guadarrama<\/strong> y salir de la localidad alrededor de las 14:20 horas.<\/p>\n<p>Aunque el paso de los corredores en este tramo de la etapa se espera que sea uniforme y con poca diferencia entre los m\u00e1s r\u00e1pidos y los m\u00e1s lentos, <strong>se producir\u00e1n cortes breves de tr\u00e1fico, que pueden ocasionar molestias a los vecinos.<\/strong><\/p>\n<p>Especialmente en el caso de las <strong>urbanizaciones, Felipe II y La Pizarra<\/strong>, los conductores van a encontrar la <strong>incorporaci\u00f3n a la carretera de Guadarrama cortada por unos minutos<\/strong> por lo que les pedimos planifiquen sus desplazamientos en otro horario si es posible y, en caso de verse detenidos en esa franja, tengan paciencia porque la circulaci\u00f3n se abrir\u00e1 en unos minutos.<\/p>\n<p><a href=\"https:\/\/www.lavuelta.es\/es\/etapa-20\" target=\"_blank\" rel=\"noopener nofollow\">Consulta aqu\u00ed el horario de la etapa<\/a><\/p>\n","protected":false},"excerpt":{"rendered":"La Vuelta Ciclista a Espa\u00f1a 2025 pasar\u00e1 por San Lorenzo de El Escorial el pr\u00f3ximo s\u00e1bado 13 de&hellip;\n","protected":false},"author":2,"featured_media":106235,"comment_status":"","ping_status":"","sticky":false,"template":"","format":"standard","meta":{"footnotes":""},"categories":[273],"tags":[313,312,168,25,24,23,167],"class_list":{"0":"post-106234","1":"post","2":"type-post","3":"status-publish","4":"format-standard","5":"has-post-thumbnail","7":"category-ciclismo","8":"tag-ciclismo","9":"tag-cycling","10":"tag-deportes","11":"tag-es","12":"tag-espana","13":"tag-spain","14":"tag-sports"},"share_on_mastodon":{"url":"","error":""},"_links":{"self":[{"href":"https:\/\/www.europesays.com\/es\/wp-json\/wp\/v2\/posts\/106234","targetHints":{"allow":["GET"]}}],"collection":[{"href":"https:\/\/www.europesays.com\/es\/wp-json\/wp\/v2\/posts"}],"about":[{"href":"https:\/\/www.europesays.com\/es\/wp-json\/wp\/v2\/types\/post"}],"author":[{"embeddable":true,"href":"https:\/\/www.europesays.com\/es\/wp-json\/wp\/v2\/users\/2"}],"replies":[{"embeddable":true,"href":"https:\/\/www.europesays.com\/es\/wp-json\/wp\/v2\/comments?post=106234"}],"version-history":[{"count":0,"href":"https:\/\/www.europesays.com\/es\/wp-json\/wp\/v2\/posts\/106234\/revisions"}],"wp:featuredmedia":[{"embeddable":true,"href":"https:\/\/www.europesays.com\/es\/wp-json\/wp\/v2\/media\/106235"}],"wp:attachment":[{"href":"https:\/\/www.europesays.com\/es\/wp-json\/wp\/v2\/media?parent=106234"}],"wp:term":[{"taxonomy":"category","embeddable":true,"href":"https:\/\/www.europesays.com\/es\/wp-json\/wp\/v2\/categories?post=106234"},{"taxonomy":"post_tag","embeddable":true,"href":"https:\/\/www.europesays.com\/es\/wp-json\/wp\/v2\/tags?post=106234"}],"curies":[{"name":"wp","href":"https:\/\/api.w.org\/{rel}","templated":true}]}}