{"id":106240,"date":"2025-09-10T20:12:17","date_gmt":"2025-09-10T20:12:17","guid":{"rendered":"https:\/\/www.europesays.com\/es\/106240\/"},"modified":"2025-09-10T20:12:17","modified_gmt":"2025-09-10T20:12:17","slug":"cayetano-martinez-de-irujo-se-une-a-alessandro-lequio-contra-mar-flores-por-su-autobiografia","status":"publish","type":"post","link":"https:\/\/www.europesays.com\/es\/106240\/","title":{"rendered":"Cayetano Mart\u00ednez de Irujo se une a Alessandro Lequio contra Mar Flores por su autobiograf\u00eda"},"content":{"rendered":"<p>La autobiograf\u00eda de Mar Flores, publicada el 10 de septiembre de 2025 por La Esfera de los libros, ha tra\u00eddo mucha cola. Mar en calma, que as\u00ed se llama, relata los buenos y malos momentos vividos por la modelo, que <b>aprovecha para ajustar cuentas principalmente con dos ex que le hicieron mucho da\u00f1o<\/b>. Por un lado, el padre de su hijo mayor, Carlo Costanzia, y por otro, Alessandro Lequio.<\/p>\n<p>Carlo Costanzia no ha dicho nada, mientras que Lequio no esper\u00f3 a que saliera el libro para cargar contra Mar Flores tras leer lo que dec\u00eda de \u00e9l en una entrevista con <a href=\"https:\/\/www.revistavanityfair.es\/articulos\/mar-flores-yo-no-he-sentido-verguenza-lo-que-me-ha-dado-es-pena-de-que-mi-madre-se-avergonzara-de-mi\" target=\"_blank\" rel=\"nofollow noopener\">Vanity Fair<\/a>. El italiano se\u00f1al\u00f3 en Vamos a ver que \u00ab<b><a href=\"https:\/\/www.huffingtonpost.es\/life\/lequio-estalla-mar-flores-ataques-biografia-mar-flores-miente-reinventa-suyo-memoria-creatividad-frenos.html\" target=\"_blank\" rel=\"nofollow noopener\">Mar Flores no miente, reinvienta. Lo suyo no es memoria, es creatividad sin frenos<\/a><\/b>. Debe ser agotador, realmente agotador, tener que inventarse una vida entera cada vez que te pregunten por la verdad. <b>Mar Flores tiene una imaginaci\u00f3n tan activa que perfectamente podr\u00eda escribir ficci\u00f3n<\/b>. La pena es que crea que puede escribir una autobiograf\u00eda\u00bb.<\/p>\n<p><img decoding=\"async\" loading=\"lazy\" src=\"https:\/\/img2.huffingtonpost.es\/files\/image_720\/uploads\/2025\/09\/08\/mar-flores-y-alessandro-lequio.jpeg\" width=\"720\" height=\"0\"  data-full-src=\"https:\/\/www.europesays.com\/es\/wp-content\/uploads\/2025\/09\/mar-flores-y-alessandro-lequio.jpeg\" \/><\/p>\n<p>            \u00a0<\/p>\n<p>        Mar Flores y Alessandro Lequio.Getty Images<\/p>\n<p>Y su vivencia con Lequio conecta con Cayetano Mart\u00ednez de Irujo porque <b>cuando se publicaron las fotos de Mar Flores con el arist\u00f3crata en la cama, ella sal\u00eda con el conde de Salvatierra<\/b>. Ese esc\u00e1ndalo termin\u00f3 con una relaci\u00f3n que hab\u00eda dado un paso enorme cuando se permiti\u00f3 a Mar Flores acudir a la boda de Eugenia Mart\u00ednez de Irujo y Fran Rivera en octubre de 1998. All\u00ed conoci\u00f3 a la duquesa de Alba, su entonces suegra.<\/p>\n<p>Cayetano no recuerda con tanto cari\u00f1o a Mar Flores<\/p>\n<p>Parec\u00eda que la relaci\u00f3n tendr\u00eda futuro, pero despu\u00e9s de las fotos con Lequio, aunque fueran del pasado, ya no se pudo hacer nada. Pese a ello, <b>la modelo habla bien del hijo de la duquesa de Alba y en el libro se\u00f1ala que espere que le recuerde con cari\u00f1o<\/b>, recordando adem\u00e1s que ella le ayud\u00f3 a \u00abrecuperarse de un problema que ten\u00eda en aquel momento\u00bb.<\/p>\n<p><img decoding=\"async\" loading=\"lazy\" src=\"https:\/\/img2.huffingtonpost.es\/files\/image_720\/uploads\/2022\/12\/09\/63931a3b724aa.jpeg\" width=\"720\" height=\"0\"  data-full-src=\"https:\/\/www.europesays.com\/es\/wp-content\/uploads\/2025\/09\/63931a3b724aa.jpeg\" \/><\/p>\n<p>            \u00a0<\/p>\n<p>        Mar Flores y Cayetano Mart\u00ednez de Irujo cuando estaban juntosGTRES<\/p>\n<p>\u00bfPero le recuerda \u00e9l con cari\u00f1o? No lo parece teniendo en cuenta la conversaci\u00f3n telef\u00f3nica de Cayetano Mart\u00ednez de Irujo con el programa Espejo P\u00fablico, donde <b>no fue especialmente amable con la que fue su pareja<\/b> a finales de los a\u00f1os 90.<\/p>\n<p>Preguntado sobre si le daba miedo lo que pudiera decir Mar Flores sobre \u00e9l en su libro, dej\u00f3 claro que no y que adem\u00e1s miente e inventa, aline\u00e1ndose as\u00ed con la opini\u00f3n de Lequio: \u00ab\u00bfTemer de qu\u00e9? No tengo miedo ninguno, pero vamos, es que no tengo nada que opinar sobre Mar Flores. <b>No s\u00e9 qu\u00e9 puede contar porque como es una chica que miente tanto y que inventa tanto, nunca sabes<\/b>. \u00bfYo qu\u00e9 quieres que espere de este libro? No tengo opini\u00f3n, ni de Mar Flores, ni de su libro\u00bb.<\/p>\n","protected":false},"excerpt":{"rendered":"La autobiograf\u00eda de Mar Flores, publicada el 10 de septiembre de 2025 por La Esfera de los libros,&hellip;\n","protected":false},"author":2,"featured_media":106241,"comment_status":"","ping_status":"","sticky":false,"template":"","format":"standard","meta":{"footnotes":""},"categories":[174],"tags":[15908,261,255,146,147,25,24,256,9892,23],"class_list":{"0":"post-106240","1":"post","2":"type-post","3":"status-publish","4":"format-standard","5":"has-post-thumbnail","7":"category-famosos","8":"tag-alessandro-lequio","9":"tag-cayetano-martinez-de-irujo","10":"tag-celebrities","11":"tag-entertainment","12":"tag-entretenimiento","13":"tag-es","14":"tag-espana","15":"tag-famosos","16":"tag-mar-flores","17":"tag-spain"},"share_on_mastodon":{"url":"","error":""},"_links":{"self":[{"href":"https:\/\/www.europesays.com\/es\/wp-json\/wp\/v2\/posts\/106240","targetHints":{"allow":["GET"]}}],"collection":[{"href":"https:\/\/www.europesays.com\/es\/wp-json\/wp\/v2\/posts"}],"about":[{"href":"https:\/\/www.europesays.com\/es\/wp-json\/wp\/v2\/types\/post"}],"author":[{"embeddable":true,"href":"https:\/\/www.europesays.com\/es\/wp-json\/wp\/v2\/users\/2"}],"replies":[{"embeddable":true,"href":"https:\/\/www.europesays.com\/es\/wp-json\/wp\/v2\/comments?post=106240"}],"version-history":[{"count":0,"href":"https:\/\/www.europesays.com\/es\/wp-json\/wp\/v2\/posts\/106240\/revisions"}],"wp:featuredmedia":[{"embeddable":true,"href":"https:\/\/www.europesays.com\/es\/wp-json\/wp\/v2\/media\/106241"}],"wp:attachment":[{"href":"https:\/\/www.europesays.com\/es\/wp-json\/wp\/v2\/media?parent=106240"}],"wp:term":[{"taxonomy":"category","embeddable":true,"href":"https:\/\/www.europesays.com\/es\/wp-json\/wp\/v2\/categories?post=106240"},{"taxonomy":"post_tag","embeddable":true,"href":"https:\/\/www.europesays.com\/es\/wp-json\/wp\/v2\/tags?post=106240"}],"curies":[{"name":"wp","href":"https:\/\/api.w.org\/{rel}","templated":true}]}}