{"id":106242,"date":"2025-09-10T20:14:10","date_gmt":"2025-09-10T20:14:10","guid":{"rendered":"https:\/\/www.europesays.com\/es\/106242\/"},"modified":"2025-09-10T20:14:10","modified_gmt":"2025-09-10T20:14:10","slug":"de-frenetico-a-pura-basura-el-ultimo-secreto-el-esperado-regreso-de-dan-brown-que-agita-al-mundo-literario","status":"publish","type":"post","link":"https:\/\/www.europesays.com\/es\/106242\/","title":{"rendered":"De \u201cfren\u00e9tico\u201d a \u201cpura basura\u201d: El \u00daltimo Secreto, el esperado regreso de Dan Brown que agita al mundo literario"},"content":{"rendered":"<p class=\"article-body__paragraph\"><b>Jan Kratochvil, estudiante de la Polit\u00e9cnica de Praga, lleg\u00f3 a las 19.00 horas del pasado lunes 8 de septiembre para acomodarse frente al antiguo ayuntamiento de la capital checa<\/b>. Armado solo de una silla plegable, el mozuelo fue de los primeros en arribar, y as\u00ed asegur\u00f3 un buen lugar para lo que ocurrir\u00eda a la ma\u00f1ana siguiente. <\/p>\n<p class=\"article-body__paragraph\"><b>Al alba, a las 7 de la ma\u00f1ana., el lugar recibi\u00f3 a los cientos de fan\u00e1ticos que llegaron a adquirir un ejemplar del nuevo libro del popular escritor<\/b> <a href=\"https:\/\/es.wikipedia.org\/wiki\/Dan_Brown\" target=\"_self\" rel=\"nofollow noopener\" title=\"https:\/\/es.wikipedia.org\/wiki\/Dan_Brown\"><b>Dan Brown<\/b><\/a>, <a href=\"https:\/\/www.planetadelibros.com\/libro-el-ultimo-secreto\/421860\" target=\"_self\" rel=\"nofollow noopener\" title=\"https:\/\/www.planetadelibros.com\/libro-el-ultimo-secreto\/421860\"><b>El \u00faltimo secreto<\/b><\/a>. Los primeros cien lectores lo recibieron con una dedicatoria de Brown. Entre ellos Kratochvil. Este mi\u00e9rcoles 10 de septiembre llega a las librer\u00edas del mundo.<\/p>\n<p class=\"article-body__paragraph\">\u201cS\u00f3lo he le\u00eddo de \u00e9l<a href=\"https:\/\/es.wikipedia.org\/wiki\/El_c%C3%B3digo_Da_Vinci\" target=\"_self\" rel=\"nofollow noopener\" title=\"https:\/\/es.wikipedia.org\/wiki\/El_c%C3%B3digo_Da_Vinci\"><b> <\/b><b>El c\u00f3digo Da Vinci<\/b><\/a>, y me gust\u00f3 mucho. Escribe novelas polic\u00edacas incre\u00edbles, y \u00e9sta tiene lugar en Praga -dijo a Efe-. Ahora espero irme a la cama y esta noche me levantar\u00e9 y empezar\u00e9 a leerlo, aunque no creo que acabe en un d\u00eda\u00bb, a\u00f1adi\u00f3 visiblemente cansado.<\/p>\n<p><img alt=\"\" class=\"global-image\" decoding=\"async\"  src=\"https:\/\/www.europesays.com\/es\/wp-content\/uploads\/2025\/09\/COGHUWFGD5HMLJYV6XZITNTCNI.jpeg\"  fetchpriority=\"low\" loading=\"lazy\"\/>La fila de gente en Praga, esperando que el escritor Dan Brown les firme su ejemplar de la nueva novela, El \u00faltimo secreto. <\/p>\n<p class=\"article-body__paragraph\"><b>El hecho ejemplifica la devoci\u00f3n y la expectativa que ha generado el regreso del autor estadounidense, conocido mundialmente por <\/b><a href=\"https:\/\/es.wikipedia.org\/wiki\/El_c%C3%B3digo_Da_Vinci\" target=\"_self\" rel=\"nofollow noopener\" title=\"https:\/\/es.wikipedia.org\/wiki\/El_c%C3%B3digo_Da_Vinci\"><b> <\/b><b>El c\u00f3digo Da Vinci<\/b><\/a>. De hecho, en este nuevo libro retoma el personaje principal, el de <a href=\"https:\/\/es.wikipedia.org\/wiki\/Robert_Langdon\" rel=\"nofollow noopener\" title=\"https:\/\/es.wikipedia.org\/wiki\/Robert_Langdon\" target=\"_blank\"><b>Robert Langdon<\/b><\/a> un carism\u00e1tico profesor de simbolog\u00eda que ha protagonizado varias de sus novelas.<\/p>\n<p class=\"article-body__paragraph\">La novela se inicia en Praga, pues Robert Langdon asiste a una conferencia en aquella ciudad impartida por Katherine Solomon, una brillante neurocient\u00edfica con quien ha iniciado una relaci\u00f3n. Katherine est\u00e1 a punto de publicar un libro cuyos asombrosos descubrimientos sobre la naturaleza de la conciencia humana prometen desafiar siglos de creencias consolidadas. Pero un brutal asesinato desata el caos, y Katherine desaparece sin dejar rastro junto a su valioso manuscrito.<\/p>\n<p class=\"article-body__paragraph\">De ah\u00ed, se inicia una trama que -como en buena novela de Brown- incluye enormes castillos, imponentes iglesias, cementerios ancestrales, laber\u00ednticos pasajes subterr\u00e1neos, y por supuesto, un elemento conspirativo. Langdon debe recorrer Praga, una ciudad que ha guardado celosamente sus misterios durante siglos, mientras se enfrenta a fuerzas desconocidas. La capital de Rep\u00fablica Checa es un campo de batalla ins\u00f3lito para Robert, uno en el que no solo est\u00e1 en juego la vida de la persona que ama sino tambi\u00e9n un secreto que podr\u00eda cambiar el futuro de la humanidad.<\/p>\n<p><img alt=\"\" class=\"global-image\" decoding=\"async\"  src=\"https:\/\/www.europesays.com\/es\/wp-content\/uploads\/2025\/09\/XUJLVOVFJREHTFQAVI4C4FKU7Y.jpg\"  fetchpriority=\"low\" loading=\"lazy\"\/>Dan Brown <\/p>\n<p class=\"article-body__paragraph\">El \u00faltimo secreto se suma a la <b>exitosa serie de novelas protagonizadas por Robert Langdon<\/b>, como El c\u00f3digo Da Vinci, Origen , Inferno, El s\u00edmbolo perdido. Estos t\u00edtulos han consolidado a Dan Brown como uno de los autores m\u00e1s le\u00eddos del mundo, con m\u00e1s de <b>250 millones de ejemplares vendidos en un total de 56 idiomas<\/b>.<\/p>\n<p class=\"article-body__paragraph\">En un video compartido por Instagram, el mismo Brown coment\u00f3: <b>\u201cS\u00e9 que esta novela he llevado algo m\u00e1s de tiempo que la mayor\u00eda, pero piensen que, cuando la lean, entender\u00e1n por qu\u00e9\u201d. Esto, en referencia a que su \u00faltima novela fue <\/b><a href=\"https:\/\/es.wikipedia.org\/wiki\/Origen_(novela_de_Dan_Brown)\" rel=\"nofollow noopener\" title=\"Origen (novela de Dan Brown)\" target=\"_blank\"><b>Origen<\/b><\/a><b>,<\/b><b> en 2017. Hace 8 a\u00f1os.<\/b><\/p>\n<p class=\"article-body__paragraph\">\u00abEl \u00faltimo secreto es, con diferencia, la novela m\u00e1s meticulosamente trazada y ambiciosa que he escrito hasta ahora, y tambi\u00e9n la m\u00e1s entretenida. Escribir esta historia ha sido un inolvidable viaje de descubrimiento\u00bb, a\u00f1adi\u00f3.<\/p>\n<p><img alt=\"\" class=\"global-image\" decoding=\"async\"  src=\"https:\/\/www.europesays.com\/es\/wp-content\/uploads\/2025\/09\/5N6RT6KD5FGF3KKV7GGLMT6CGY.jpg\"  fetchpriority=\"low\" loading=\"lazy\"\/>Dan Brown El mundo habla<\/p>\n<p class=\"article-body__paragraph\">En los medios internacionales ya se ha le\u00eddo la novela, y se pueden encontrar los primeros comentarios. Desde Inglaterra, el c\u00e9lebre<b> The Guardian<\/b> se\u00f1al\u00f3: \u201cPrincipalmente, le da un toque de humor. Aqu\u00ed hay una trama que empieza densa y se vuelve m\u00e1s densa. Cada pocas p\u00e1ginas trae un final en suspenso, introducido por una descarga de puntos y comas o una serie de cursivas que te dejan con los ojos muy abiertos\u201d. Eso s\u00ed, el matutino tambi\u00e9n es bastante duro con Brown, lo cual no es de extra\u00f1ar puesto que los escritores comerciales no son el foco de sus rese\u00f1as, sino los literarios.<\/p>\n<p class=\"article-body__paragraph\">\u201cA estas alturas, ya se ha dicho todo lo necesario sobre la ineptitud de Brown como prosista, frase por frase. No teman: sigue sin esperanza. Podr\u00eda considerarse una broma metaficcional que, en una novela donde un adjetivo predilecto como \u2018elegante\u2019 puede aparecer en dos frases consecutivas\u201d.<\/p>\n<p class=\"article-body__paragraph\">Y cierra de manera bastante dura: \u201cEsta es una novela de Dan Brown. Es pura basura de principio a fin, nada tiene sentido, y la leer\u00e1s con total disfrute si te gusta este tipo de cosas. Bienvenido de nuevo, grandull\u00f3n\u201d.<\/p>\n<p><img alt=\"\" class=\"global-image\" decoding=\"async\"  src=\"https:\/\/www.europesays.com\/es\/wp-content\/uploads\/2025\/09\/GDMDSUFRFZCNVJVXBHCIF7F3SI.jpg\"  fetchpriority=\"low\" loading=\"lazy\"\/>inferno-dan-brown <\/p>\n<p class=\"article-body__paragraph\">Algo m\u00e1s generoso es<b> Los Angeles Times<\/b>: \u201cLa nueva novela de Brown es quiz\u00e1s su proyecto m\u00e1s ambicioso hasta la fecha: un thriller denso que tambi\u00e9n es una reflexi\u00f3n sobre la naturaleza y el posible futuro de la consciencia humana\u201d.<\/p>\n<p class=\"article-body__paragraph\">\u201cLo ha logrado al estilo browniano t\u00edpico: explotando la conciencia para convertirla en una herramienta potencial para dominar el mundo. Durante ocho a\u00f1os, Brown profundiz\u00f3, form\u00e1ndose en neurociencia de vanguardia y consultando con especialistas en la materia\u201d. <\/p>\n<p class=\"article-body__paragraph\"><b>Sobre este \u00faltimo punto, el autor se refiri\u00f3 al citado medio, explicando c\u00f3mo fue para \u00e9l instruirse sobre el tema, y qu\u00e9 fue lo que encontr\u00f3.<\/b> \u201cNecesitaba encontrar ese punto de inflexi\u00f3n que lo hiciera relevante para todos. Y descubr\u00ed que tenemos un modelo de conciencia obsoleto, del mismo modo que lo estaba el modelo geoc\u00e9ntrico del universo. Esta investigaci\u00f3n cambiar\u00e1 nuestra perspectiva sobre el mundo\u201d.<\/p>\n<p><img alt=\"\" class=\"global-image\" decoding=\"async\"  src=\"https:\/\/www.europesays.com\/es\/wp-content\/uploads\/2025\/09\/ERLXBDCR2REYZDCQETWKRR45PA.jpg\"  fetchpriority=\"low\" loading=\"lazy\"\/>Dan-brown <\/p>\n<p class=\"article-body__paragraph\">Por su parte, el se\u00f1ero <b>The New York Times<\/b> rese\u00f1\u00f3 de manera favorable: \u201cDebo decir que El \u00faltimo secreto me funcion\u00f3 menos como una novela polic\u00edaca basada en ideas o un ejercicio de pornograf\u00eda de viajes suave que como un testimonio melanc\u00f3lico del poder de la palabra impresa\u00bb.<\/p>\n<p class=\"article-body__paragraph\">\u201cBrown es, ante todo, un escritor de acci\u00f3n, y su h\u00e9roe, Robert Langdon, persigue constantemente a quien lo persigue con vehemencia, ya sea en Florencia, Roma, Barcelona o cualquier otro destino tur\u00edstico popular. Las casi 700 p\u00e1ginas de El \u00faltimo secreto zigzaguean a lo largo de un d\u00eda fren\u00e9tico, principalmente en Praga, durante el cual se disparan armas, se abren cerraduras, se descubren pasadizos ocultos y se revelan impactantes historias a la fuga. La trama, hiperactiva, se nutre de una prosa hiperventilada\u00bb.<\/p>\n<p class=\"article-body__paragraph\">\u201cPero una aventura de Dan Brown tambi\u00e9n se nutre de cierto tipo de combustible intelectual. Dado que Langdon es, de profesi\u00f3n, profesor (de simbolismo, en Harvard, por si hace falta recordarlo), sus aventuras est\u00e1n salpicadas, o mejor dicho, rellenas, de breves conferencias sobre una gran variedad de temas de historia, ciencia, filosof\u00eda y bienes ra\u00edces\u201d.<\/p>\n<p class=\"article-body__paragraph\">Y remata: \u201cQuiz\u00e1s sea mejor leer El \u00faltimo secreto como un artefacto de una civilizaci\u00f3n perdida, una evocaci\u00f3n nebulosa de una gloria literaria desvanecida. Me hizo sentir nostalgia de una \u00e9poca dorada en la que una sola obra escrita no solo pod\u00eda vender millones de ejemplares, sino tambi\u00e9n galvanizar la opini\u00f3n p\u00fablica, suscitar un debate furioso y dar un giro a la historia. En otras palabras, me hizo sentir nostalgia de El c\u00f3digo Da Vinci\u201d.<\/p>\n<p><img alt=\"\" class=\"global-image\" decoding=\"async\"  src=\"https:\/\/www.europesays.com\/es\/wp-content\/uploads\/2025\/09\/7H2X3L7ZOVA3DK7MX7MFCW6AJM.png\"  fetchpriority=\"low\" loading=\"lazy\"\/><\/p>\n","protected":false},"excerpt":{"rendered":"Jan Kratochvil, estudiante de la Polit\u00e9cnica de Praga, lleg\u00f3 a las 19.00 horas del pasado lunes 8 de&hellip;\n","protected":false},"author":2,"featured_media":106243,"comment_status":"","ping_status":"","sticky":false,"template":"","format":"standard","meta":{"footnotes":""},"categories":[172],"tags":[224,36812,36813,146,147,25,24,225,4161,5635,23],"class_list":{"0":"post-106242","1":"post","2":"type-post","3":"status-publish","4":"format-standard","5":"has-post-thumbnail","7":"category-libros","8":"tag-books","9":"tag-dan-brown","10":"tag-el-ultimo-secreto","11":"tag-entertainment","12":"tag-entretenimiento","13":"tag-es","14":"tag-espana","15":"tag-libros","16":"tag-libros-culto","17":"tag-planeta","18":"tag-spain"},"share_on_mastodon":{"url":"","error":""},"_links":{"self":[{"href":"https:\/\/www.europesays.com\/es\/wp-json\/wp\/v2\/posts\/106242","targetHints":{"allow":["GET"]}}],"collection":[{"href":"https:\/\/www.europesays.com\/es\/wp-json\/wp\/v2\/posts"}],"about":[{"href":"https:\/\/www.europesays.com\/es\/wp-json\/wp\/v2\/types\/post"}],"author":[{"embeddable":true,"href":"https:\/\/www.europesays.com\/es\/wp-json\/wp\/v2\/users\/2"}],"replies":[{"embeddable":true,"href":"https:\/\/www.europesays.com\/es\/wp-json\/wp\/v2\/comments?post=106242"}],"version-history":[{"count":0,"href":"https:\/\/www.europesays.com\/es\/wp-json\/wp\/v2\/posts\/106242\/revisions"}],"wp:featuredmedia":[{"embeddable":true,"href":"https:\/\/www.europesays.com\/es\/wp-json\/wp\/v2\/media\/106243"}],"wp:attachment":[{"href":"https:\/\/www.europesays.com\/es\/wp-json\/wp\/v2\/media?parent=106242"}],"wp:term":[{"taxonomy":"category","embeddable":true,"href":"https:\/\/www.europesays.com\/es\/wp-json\/wp\/v2\/categories?post=106242"},{"taxonomy":"post_tag","embeddable":true,"href":"https:\/\/www.europesays.com\/es\/wp-json\/wp\/v2\/tags?post=106242"}],"curies":[{"name":"wp","href":"https:\/\/api.w.org\/{rel}","templated":true}]}}