{"id":106246,"date":"2025-09-10T20:16:07","date_gmt":"2025-09-10T20:16:07","guid":{"rendered":"https:\/\/www.europesays.com\/es\/106246\/"},"modified":"2025-09-10T20:16:07","modified_gmt":"2025-09-10T20:16:07","slug":"system-of-a-down-anuncian-las-fechas-de-su-gira-europea","status":"publish","type":"post","link":"https:\/\/www.europesays.com\/es\/106246\/","title":{"rendered":"System Of A Down anuncian las fechas de su gira europea"},"content":{"rendered":"<p>Medios como New Musical Express o Kerrang! han estado dando pistas sobre que System Of A Down podr\u00edan anunciar una gira brit\u00e1nica y algunas fechas por Europa, aunque sin concretar cuando se iban a dar a conocer. Bien, pues la espera se ha terminado y, desgraciadamente, no se incluye ninguna visita a Espa\u00f1a entre las listadas.<\/p>\n<p>La gira reunir\u00e1 a <strong>System Of A Down, Queens Of The Stone Age<\/strong> y <strong>Acid Bath<\/strong>, y pasar\u00e1 por <strong>Estocolmo (29 junio), Par\u00eds (2 julio), Milan (6 julio), Berl\u00edn (8 julio), D\u00fcsseldorf (10 julio), Londres (13 julio) y Varsovia (18 julio).\u00a0<\/strong><\/p>\n<p>De todos modos, cabe la posibilidad de que el grupo participe en alg\u00fan festival a a\u00f1adir a esta lista, as\u00ed que de momento no descartemos que todav\u00eda podamos verles en nuestro pa\u00eds.<\/p>\n<p>En la imagen que se avanz\u00f3 dando pistas de esa posible gira se ve una imagen del globo terr\u00e1queo, lo cual dejaba intuir que ser\u00e1 una gira que coincide con los veinte a\u00f1os del lanzamiento de <strong>\u00abMezmerize\u00bb <\/strong>e <strong>\u00abHypnotize\u00bb<\/strong>, sus \u00faltimos discos hasta la fecha, publicados ambos en 2005.<\/p>\n","protected":false},"excerpt":{"rendered":"Medios como New Musical Express o Kerrang! han estado dando pistas sobre que System Of A Down podr\u00edan&hellip;\n","protected":false},"author":2,"featured_media":106247,"comment_status":"","ping_status":"","sticky":false,"template":"","format":"standard","meta":{"footnotes":""},"categories":[170],"tags":[146,147,25,24,184,185,23],"class_list":{"0":"post-106246","1":"post","2":"type-post","3":"status-publish","4":"format-standard","5":"has-post-thumbnail","7":"category-musica","8":"tag-entertainment","9":"tag-entretenimiento","10":"tag-es","11":"tag-espana","12":"tag-music","13":"tag-musica","14":"tag-spain"},"share_on_mastodon":{"url":"","error":""},"_links":{"self":[{"href":"https:\/\/www.europesays.com\/es\/wp-json\/wp\/v2\/posts\/106246","targetHints":{"allow":["GET"]}}],"collection":[{"href":"https:\/\/www.europesays.com\/es\/wp-json\/wp\/v2\/posts"}],"about":[{"href":"https:\/\/www.europesays.com\/es\/wp-json\/wp\/v2\/types\/post"}],"author":[{"embeddable":true,"href":"https:\/\/www.europesays.com\/es\/wp-json\/wp\/v2\/users\/2"}],"replies":[{"embeddable":true,"href":"https:\/\/www.europesays.com\/es\/wp-json\/wp\/v2\/comments?post=106246"}],"version-history":[{"count":0,"href":"https:\/\/www.europesays.com\/es\/wp-json\/wp\/v2\/posts\/106246\/revisions"}],"wp:featuredmedia":[{"embeddable":true,"href":"https:\/\/www.europesays.com\/es\/wp-json\/wp\/v2\/media\/106247"}],"wp:attachment":[{"href":"https:\/\/www.europesays.com\/es\/wp-json\/wp\/v2\/media?parent=106246"}],"wp:term":[{"taxonomy":"category","embeddable":true,"href":"https:\/\/www.europesays.com\/es\/wp-json\/wp\/v2\/categories?post=106246"},{"taxonomy":"post_tag","embeddable":true,"href":"https:\/\/www.europesays.com\/es\/wp-json\/wp\/v2\/tags?post=106246"}],"curies":[{"name":"wp","href":"https:\/\/api.w.org\/{rel}","templated":true}]}}