{"id":106248,"date":"2025-09-10T20:17:13","date_gmt":"2025-09-10T20:17:13","guid":{"rendered":"https:\/\/www.europesays.com\/es\/106248\/"},"modified":"2025-09-10T20:17:13","modified_gmt":"2025-09-10T20:17:13","slug":"la-nueva-pelicula-de-megan-montaner-despues-de-la-caza-irati-es-una-pelicula-de-accion-con-el-actor-de-la-casa-de-papel","status":"publish","type":"post","link":"https:\/\/www.europesays.com\/es\/106248\/","title":{"rendered":"La nueva pel\u00edcula de Megan Montaner despu\u00e9s de &#8216;La Caza Irati&#8217; es una pel\u00edcula de acci\u00f3n con el actor de &#8216;La casa de papel&#8217;"},"content":{"rendered":"<p data-journey-content=\"true\" data-node-id=\"3\" class=\"css-i9p093 emevuu60\">Tras un par\u00f3n obligado en 2024 por <a href=\"https:\/\/www.diezminutos.es\/famosos-corazon\/famosos-espanoles\/g42472743\/famosas-embarazadas\/\" target=\"_blank\" data-vars-ga-outbound-link=\"https:\/\/www.diezminutos.es\/famosos-corazon\/famosos-espanoles\/g42472743\/famosas-embarazadas\/\" data-vars-ga-ux-element=\"Hyperlink\" data-vars-ga-call-to-action=\"su segundo embarazo\" data-node-id=\"3.1\" class=\"body-link css-177bzfx emevuu60\" rel=\"nofollow noopener\">su segundo embarazo<\/a>, aunque no le impidi\u00f3 rodar <a href=\"https:\/\/www.diezminutos.es\/teleprograma\/series-tv\/a60355727\/entre-tierras-serie-netflix-donde-ver-capitulos-reparto\/\" target=\"_blank\" data-vars-ga-outbound-link=\"https:\/\/www.diezminutos.es\/teleprograma\/series-tv\/a60355727\/entre-tierras-serie-netflix-donde-ver-capitulos-reparto\/\" data-vars-ga-ux-element=\"Hyperlink\" data-vars-ga-call-to-action=\"la serie &#039;Entre Tierras&#039; de Antena 3\" data-node-id=\"3.3\" class=\"body-link css-177bzfx emevuu60\" rel=\"nofollow noopener\">la serie &#8216;Entre Tierras&#8217; de Antena 3<\/a>, Megan Montaner es una de las actrices destacadas del 2025. Si ya ha estrenado en cines &#8216;<a href=\"https:\/\/www.diezminutos.es\/estilo-de-vida\/ocio\/a64989072\/megan-montaner-hugo-silva-pelicula-la-buena-suerte-noches-del-botanico-primavera-sound\/\" target=\"_blank\" data-vars-ga-outbound-link=\"https:\/\/www.diezminutos.es\/estilo-de-vida\/ocio\/a64989072\/megan-montaner-hugo-silva-pelicula-la-buena-suerte-noches-del-botanico-primavera-sound\/\" data-vars-ga-ux-element=\"Hyperlink\" data-vars-ga-call-to-action=\"La buena suerte\" data-node-id=\"3.5\" class=\"body-link css-177bzfx emevuu60\" rel=\"nofollow noopener\">La buena suerte<\/a>&#8216;, una pel\u00edcula <a href=\"https:\/\/www.diezminutos.es\/teleprograma\/series-tv\/a64889783\/megan-montaner-pelicula-la-buena-suerte-hugo-silva-la-caza-reina-roja\/\" target=\"_blank\" data-vars-ga-outbound-link=\"https:\/\/www.diezminutos.es\/teleprograma\/series-tv\/a64889783\/megan-montaner-pelicula-la-buena-suerte-hugo-silva-la-caza-reina-roja\/\" data-vars-ga-ux-element=\"Hyperlink\" data-vars-ga-call-to-action=\"junto a Hugo Silva tan adictiva como &#039;Reina Roja&#039; o &#039;La Caza&#039;\" data-node-id=\"3.7\" class=\"body-link css-177bzfx emevuu60\" rel=\"nofollow noopener\">junto a Hugo Silva tan adictiva como &#8216;Reina Roja&#8217; o &#8216;La Caza&#8217;<\/a>, ahora ha sido una de las estrellas del Festval de Vitoria al presentar &#8216;<a href=\"https:\/\/www.diezminutos.es\/teleprograma\/series-tv\/a65409737\/megan-montaner-silvia-alonso-la-caza-irati-estreno-donde-ver-cuando-fecha-temporada-4-movistar-plus\/\" target=\"_blank\" data-vars-ga-outbound-link=\"https:\/\/www.diezminutos.es\/teleprograma\/series-tv\/a65409737\/megan-montaner-silvia-alonso-la-caza-irati-estreno-donde-ver-cuando-fecha-temporada-4-movistar-plus\/\" data-vars-ga-ux-element=\"Hyperlink\" data-vars-ga-call-to-action=\"La Caza Irati\" data-node-id=\"3.9\" class=\"body-link css-177bzfx emevuu60\" rel=\"nofollow noopener\">La Caza Irati<\/a>&#8216;, la cuarta temporada de una serie de detectives que empez\u00f3 en TVE, y donde <a href=\"https:\/\/www.diezminutos.es\/teleprograma\/series-tv\/a66008295\/megan-montaner-silvia-alonso-pelicula-juntas-la-caza-irati-senor-dame-paciencia\/\" target=\"_blank\" data-vars-ga-outbound-link=\"https:\/\/www.diezminutos.es\/teleprograma\/series-tv\/a66008295\/megan-montaner-silvia-alonso-pelicula-juntas-la-caza-irati-senor-dame-paciencia\/\" data-vars-ga-ux-element=\"Hyperlink\" data-vars-ga-call-to-action=\"vuelve a trabajar con Silvia Alonso\" data-node-id=\"3.11\" class=\"body-link css-177bzfx emevuu60\" rel=\"nofollow noopener\">vuelve a trabajar con Silvia Alonso<\/a>. Tras <a href=\"https:\/\/www.diezminutos.es\/teleprograma\/series-tv\/a44311850\/la-caza-serie-guadiana-netflix\/\" target=\"_blank\" data-vars-ga-outbound-link=\"https:\/\/www.diezminutos.es\/teleprograma\/series-tv\/a44311850\/la-caza-serie-guadiana-netflix\/\" data-vars-ga-ux-element=\"Hyperlink\" data-vars-ga-call-to-action=\"un paso exitoso por Netflix\" data-node-id=\"3.13\" class=\"body-link css-177bzfx emevuu60\" rel=\"nofollow noopener\">un paso exitoso por Netflix<\/a>, ha regresado a <a href=\"https:\/\/clk.tradedoubler.com\/click?p=357743&amp;a=3281752&amp;epi=dzmes|xid:{xid}&amp;url=https%3A%2F%2Fwww.movistarplus.es%2Fseries%2Fdonde-ver\" target=\"_blank\" data-vars-ga-outbound-link=\"https:\/\/www.movistarplus.es\/series\/donde-ver\" data-vars-ga-ux-element=\"Hyperlink\" data-vars-ga-call-to-action=\"Movistar Plus\" data-vars-ga-product-id=\"ced5ce36-e8b4-4ad4-85b4-775184b9decb\" rel=\"nofollow noopener\" data-node-id=\"3.15\" data-href=\"https:\/\/www.movistarplus.es\/series\/donde-ver\" data-product-url=\"https:\/\/www.movistarplus.es\/series\/donde-ver\" data-affiliate=\"true\" data-affiliate-url=\"https:\/\/clk.tradedoubler.com\/click?p=357743&amp;a=3281752&amp;epi=dzmes|xid:{xid}&amp;url=https%3A%2F%2Fwww.movistarplus.es%2Fseries%2Fdonde-ver\" data-affiliate-network=\"{&quot;site_id&quot;:&quot;b22e688a-7e22-416b-81d8-c6bfbd6717c5&quot;,&quot;metadata&quot;:{&quot;trackonomics&quot;:{&quot;network_name&quot;:&quot;td&quot;}},&quot;network&quot;:{&quot;name&quot;:&quot;Trackonomics&quot;},&quot;product_metadata&quot;:{&quot;b22e688a-7e22-416b-81d8-c6bfbd6717c5&quot;:{&quot;network_name&quot;:&quot;td&quot;,&quot;link&quot;:&quot;https:\/\/clk.tradedoubler.com\/click?p=357743&amp;a=3281752&amp;epi={subid}&amp;url=https%3A%2F%2Fwww.movistarplus.es%2Fseries%2Fdonde-ver&quot;}},&quot;afflink_redirect&quot;:&quot;\/_p\/afflink\/xqdT\/movistarplus-temporada-final-del-thriller-criminal&quot;}\" data-vars-ga-product-price=\"0,00\u00a0$\" data-vars-ga-product-retailer-id=\"26ca8777-c09c-47a0-b706-6f9fba496fb6\" data-vars-ga-link-treatment=\"(not set) | (not set)\" class=\"body-link product-links css-177bzfx e1aq0z090\">Movistar Plus<\/a> como <a href=\"https:\/\/www.diezminutos.es\/teleprograma\/series-tv\/a65909356\/la-caza-irati-serie-estreno-reparto-donde-ver-movistar-plus\/\" target=\"_blank\" data-vars-ga-outbound-link=\"https:\/\/www.diezminutos.es\/teleprograma\/series-tv\/a65909356\/la-caza-irati-serie-estreno-reparto-donde-ver-movistar-plus\/\" data-vars-ga-ux-element=\"Hyperlink\" data-vars-ga-call-to-action=\"la serie espa\u00f1ola m\u00e1s esperada del a\u00f1o\" data-node-id=\"3.17\" class=\"body-link css-177bzfx emevuu60\" rel=\"nofollow noopener\">la serie espa\u00f1ola m\u00e1s esperada del a\u00f1o<\/a>.<\/p>\n<p data-journey-content=\"true\" data-node-id=\"6\" class=\"css-i9p093 emevuu60\"><a href=\"https:\/\/clk.tradedoubler.com\/click?p=357743&amp;a=3281752&amp;epi=dzmes|xid:{xid}&amp;url=https%3A%2F%2Fwww.movistarplus.es%2Fseries%2Fdonde-ver\" target=\"_blank\" data-vars-ga-outbound-link=\"https:\/\/www.movistarplus.es\/series\/donde-ver\" data-vars-ga-call-to-action=\"Ver &#039;La Caza Irati&#039; en Movistar Plus\" rel=\"nofollow noopener\" data-vars-ga-ux-element=\"Hyperlink\" data-vars-ga-product-id=\"ced5ce36-e8b4-4ad4-85b4-775184b9decb\" data-node-id=\"6.0\" data-href=\"https:\/\/www.movistarplus.es\/series\/donde-ver\" data-product-url=\"https:\/\/www.movistarplus.es\/series\/donde-ver\" data-affiliate=\"true\" data-affiliate-url=\"https:\/\/clk.tradedoubler.com\/click?p=357743&amp;a=3281752&amp;epi=dzmes|xid:{xid}&amp;url=https%3A%2F%2Fwww.movistarplus.es%2Fseries%2Fdonde-ver\" data-affiliate-network=\"{&quot;site_id&quot;:&quot;b22e688a-7e22-416b-81d8-c6bfbd6717c5&quot;,&quot;metadata&quot;:{&quot;trackonomics&quot;:{&quot;network_name&quot;:&quot;td&quot;}},&quot;network&quot;:{&quot;name&quot;:&quot;Trackonomics&quot;},&quot;product_metadata&quot;:{&quot;b22e688a-7e22-416b-81d8-c6bfbd6717c5&quot;:{&quot;network_name&quot;:&quot;td&quot;,&quot;link&quot;:&quot;https:\/\/clk.tradedoubler.com\/click?p=357743&amp;a=3281752&amp;epi={subid}&amp;url=https%3A%2F%2Fwww.movistarplus.es%2Fseries%2Fdonde-ver&quot;}},&quot;afflink_redirect&quot;:&quot;\/_p\/afflink\/xqdT\/movistarplus-temporada-final-del-thriller-criminal&quot;}\" data-vars-ga-product-price=\"0,00\u00a0$\" data-vars-ga-product-retailer-id=\"26ca8777-c09c-47a0-b706-6f9fba496fb6\" data-vars-ga-link-treatment=\"(not set) | (not set)\" class=\"body-btn-link product-links-button css-1yd3z1 e1aq0z090\">Ver &#8216;La Caza Irati&#8217; en Movistar Plus<\/a><\/p>\n<p><img draggable=\"true\" alt=\"felix gomez, megan montaner y silvia alonso en 'la caza irati'\" title=\"felix gomez, megan montaner y silvia alonso en 'la caza irati'\" loading=\"lazy\" width=\"2560\" height=\"1707\" decoding=\"async\" data-nimg=\"1\" style=\"color:transparent;width:100%;height:auto;\"   src=\"https:\/\/www.europesays.com\/es\/wp-content\/uploads\/2025\/09\/la-caza-irati-estreno-68af016a2a461.jpg\" class=\"css-0 e1g79fud0\"\/><\/p>\n<p>Movistar+<\/p>\n<p data-journey-content=\"true\" data-node-id=\"9\" class=\"css-i9p093 emevuu60\">Pero si eres de los que han devorado los ocho cap\u00edtulos de &#8216;La Caza Irati&#8217; y te has quedado con ganas de seguir viendo a Megan Montaner, en solo unos d\u00edas se estrena en cines &#8216;<strong data-node-id=\"9.1\">Ya no quedan junglas<\/strong>&#8216;, su nueva pel\u00edcula. <\/p>\n<p>&#8216;Ya no quedan junglas&#8217; es la pel\u00edcula de acci\u00f3n de Megan Montaner que llega a los cines<img draggable=\"true\" alt=\"megan montaner\" title=\"megan montaner\" loading=\"lazy\" width=\"1920\" height=\"1280\" decoding=\"async\" data-nimg=\"1\" style=\"color:transparent;width:100%;height:auto;\"   src=\"https:\/\/www.europesays.com\/es\/wp-content\/uploads\/2025\/09\/dl-u578828-024-68344e935cca6.jpg\" class=\"css-0 e1g79fud0\"\/><\/p>\n<p>Jesus Briones<\/p>\n<p data-journey-content=\"true\" data-node-id=\"15\" class=\"css-i9p093 emevuu60\">Tras el \u00e9xito de &#8216;La Caza Irati&#8217;, Megan Montaner vuelve a los cines con un papel destacado en <strong data-node-id=\"15.1\">\u2018Ya no quedan junglas\u2019<\/strong>, un thriller de acci\u00f3n y venganza que llegar\u00e1 a los cines de toda Espa\u00f1a el pr\u00f3ximo 26 de septiembre de 2025. Es el <strong data-node-id=\"15.3\">debut cinematogr\u00e1fico como director de Luis Gabriel Berist\u00e1in<\/strong>, un veterano director de fotograf\u00eda con experiencia en producciones como &#8216;Hawai 5.0&#8217; y &#8216;MacGyver&#8217;.<\/p>\n<p>La adaptaci\u00f3n est\u00e1 basada en la novela hom\u00f3nima &#8216;<strong data-node-id=\"15.8\">Ya no quedan junglas adonde regresar&#8217;<\/strong>, de Carlos Augusto Casas, autor cuyo libro fue galardonado en el g\u00e9nero negro. El guion es obra de <strong data-node-id=\"15.10\">Juma Fodde<\/strong>, quien ya tiene experiencia previa en thrillers tensos como &#8216;<a href=\"https:\/\/www.diezminutos.es\/famosos-corazon\/famosos-espanoles\/a19821732\/belen-rueda-festival-de-malaga-no-dormiras\/\" target=\"_blank\" data-vars-ga-outbound-link=\"https:\/\/www.diezminutos.es\/famosos-corazon\/famosos-espanoles\/a19821732\/belen-rueda-festival-de-malaga-no-dormiras\/\" data-vars-ga-ux-element=\"Hyperlink\" data-vars-ga-call-to-action=\"No dormir\u00e1s\" data-node-id=\"15.12\" class=\"body-link css-177bzfx emevuu60\" rel=\"nofollow noopener\">No dormir\u00e1s<\/a>&#8216;. Cuenta con respaldo de RTVE y Prime Video, por lo que se podr\u00e1 ver en las dos plataformas tras su paso por salas.<\/p>\n<p><img draggable=\"true\" alt=\"ron perlman y natti natasha en 'ya no quedan junglas'\" title=\"Ron Perlman y Natti Natasha en 'Ya no quedan junglas'\" loading=\"lazy\" width=\"5325\" height=\"3000\" decoding=\"async\" data-nimg=\"1\" style=\"color:transparent;width:100%;height:auto;\"   src=\"https:\/\/www.europesays.com\/es\/wp-content\/uploads\/2025\/09\/ya-no-quedan-junglas-ron-perlman-y-natti-natasha-687e0436a3ea2.jpg\" class=\"css-0 e1g79fud0\"\/><\/p>\n<p>Universal Pictures<\/p>\n<p data-journey-content=\"true\" data-node-id=\"18\" class=\"css-i9p093 emevuu60\">En &#8216;Ya no quedan junglas&#8217;, Theo, apodado &#8216;el Gentleman&#8217; y encarnado por Ron Perlman, es un exsoldado estadounidense cuya vida gira en torno a recuerdos dolorosos y encuentros semanales con Olga, una prostituta. Cuando ella es asesinada, comienza una b\u00fasqueda implacable de justicia, mientras la inspectora <strong data-node-id=\"18.1\">Iborra<\/strong> (interpretada por Megan Montaner) y un despiadado asesino a sueldo llamado <strong data-node-id=\"18.3\">Herodes<\/strong> se cruzan en su camino. El relato explora los tres grandes ejes tem\u00e1ticos: el amor, la violencia y la venganza. <\/p>\n<p data-journey-content=\"true\" data-node-id=\"20\" class=\"css-i9p093 emevuu60\"><strong data-node-id=\"20.0\">Ron Perlman<\/strong>, en el rol central de Theo, es un actor de primera l\u00ednea conocido por producciones como &#8216;Hellboy&#8217; o &#8216;Blade II&#8217;. Completan el reparto nombres de gran peso como <strong data-node-id=\"20.2\">Dami\u00e1n Alc\u00e1zar<\/strong>, <strong data-node-id=\"20.4\">Karra Elejalde y <strong data-node-id=\"20.4.1\"><a href=\"https:\/\/www.diezminutos.es\/teleprograma\/series-tv\/a65006482\/matices-reparto-hovik-keuchkerian-serie-engancha-mas-reina-roja\/\" target=\"_blank\" data-vars-ga-outbound-link=\"https:\/\/www.diezminutos.es\/teleprograma\/series-tv\/a65006482\/matices-reparto-hovik-keuchkerian-serie-engancha-mas-reina-roja\/\" data-vars-ga-ux-element=\"Hyperlink\" data-vars-ga-call-to-action=\"Hovik Keuchkerian\" data-node-id=\"20.4.1.0\" class=\"body-link css-177bzfx emevuu60\" rel=\"nofollow noopener\">Hovik Keuchkerian<\/a><\/strong>, <\/strong>el protagonista de \u00a1Reina Roja&#8217; y que tambi\u00e9n vimos en &#8216;La Casa de Papel&#8217;.<\/p>\n<p data-journey-content=\"true\" data-node-id=\"22\" class=\"css-i9p093 emevuu60\"><a href=\"https:\/\/clk.tradedoubler.com\/click?p=357743&amp;a=3281752&amp;epi=dzmes|xid:{xid}&amp;url=https%3A%2F%2Fwww.movistarplus.es%2Fseries%2Fla-caza-irati-t4%2Fficha%3Ftipo%3DE%26id%3D3410154\" target=\"_blank\" data-vars-ga-outbound-link=\"https:\/\/www.movistarplus.es\/series\/la-caza-irati-t4\/ficha?tipo=E&amp;id=3410154\" data-vars-ga-call-to-action=\"Ver a Megan Montaner en &#039;La Caza Irati&#039;\" rel=\"nofollow noopener\" data-vars-ga-ux-element=\"Hyperlink\" data-vars-ga-product-id=\"06816c06-3a1e-437d-8a13-6a87a100b677\" data-node-id=\"22.0\" data-href=\"https:\/\/www.movistarplus.es\/series\/la-caza-irati-t4\/ficha?tipo=E&amp;id=3410154\" data-product-url=\"https:\/\/www.movistarplus.es\/series\/la-caza-irati-t4\/ficha?tipo=E&amp;id=3410154\" data-affiliate=\"true\" data-affiliate-url=\"https:\/\/clk.tradedoubler.com\/click?p=357743&amp;a=3281752&amp;epi=dzmes|xid:{xid}&amp;url=https%3A%2F%2Fwww.movistarplus.es%2Fseries%2Fla-caza-irati-t4%2Fficha%3Ftipo%3DE%26id%3D3410154\" data-affiliate-network=\"{&quot;site_id&quot;:&quot;b22e688a-7e22-416b-81d8-c6bfbd6717c5&quot;,&quot;metadata&quot;:{&quot;trackonomics&quot;:{&quot;network_name&quot;:&quot;td&quot;}},&quot;network&quot;:{&quot;name&quot;:&quot;Trackonomics&quot;},&quot;product_metadata&quot;:{&quot;b22e688a-7e22-416b-81d8-c6bfbd6717c5&quot;:{&quot;network_name&quot;:&quot;td&quot;,&quot;link&quot;:&quot;https:\/\/clk.tradedoubler.com\/click?p=357743&amp;a=3281752&amp;epi={subid}&amp;url=https%3A%2F%2Fwww.movistarplus.es%2Fseries%2Fla-caza-irati-t4%2Fficha%3Ftipo%3DE%26id%3D3410154&quot;}},&quot;afflink_redirect&quot;:&quot;\/_p\/afflink\/xqgI\/movistarplus-la-caza-irati-t4&quot;}\" data-vars-ga-product-price=\"0,00\u00a0$\" data-vars-ga-product-retailer-id=\"88fdf340-bd4b-4566-a5d8-9d533858f31a\" data-vars-ga-link-treatment=\"(not set) | (not set)\" class=\"body-btn-link product-links-button css-1yd3z1 e1aq0z090\">Ver a Megan Montaner en &#8216;La Caza Irati&#8217;<\/a><\/p>\n<p><img src=\"https:\/\/www.europesays.com\/es\/wp-content\/uploads\/2025\/09\/04c0b0af-4dfe-409a-8e0c-876f8f325877_1664867977.file\" alt=\"Headshot of Ignacio Herruzo Mart\u00ednez\" title=\"Headshot of Ignacio Herruzo Mart\u00ednez\" width=\"100%\" height=\"100%\" decoding=\"async\" loading=\"lazy\" class=\"css-o0wq4v ev8dhu53\"\/><\/p>\n<p>Ignacio es experto en cultura, pero desde hace m\u00e1s de 10 a\u00f1os se ha especializado en cine y series, tanto las que se estrenan en la gran pantalla como en las plataformas de streaming. Lo mismo te habla de los estrenos de Netflix, HBO Max o Amazon Prime Video, como que te cuenta la \u00faltima hora de \u2018Masterchef\u2019 o de cualquier otro programa de televisi\u00f3n. \u00a0\u00a0<\/p>\n<p>Con ya una larga experiencia como cr\u00edtico, conoce las mejores series y pel\u00edculas y le encanta verlas antes que t\u00fa para poder decirte si merecen la pena o no. Conoce todos los estrenos de la semana y le encanta recomendar series y pel\u00edculas a sus amigos, familiares y a los lectores, algo que ha ido haciendo en diferentes blogs personales y a trav\u00e9s de las redes sociales. Le gusta todo: sigue a grandes directores como Martin Scorsese, Quentin Tarantino o Steven Spielberg, y se sabe de memoria todo el universo de Marvel, Star Wars, El se\u00f1or de los anillos y el mundo Disney. \u00a0\u00a0\u00a0<\/p>\n<p>La cultura es su principal hobby y aunque se considera un cin\u00e9filo, tambi\u00e9n le encanta la m\u00fasica, sobre todo internacional, y los videojuegos, a los que dedica todo el tiempo que le deja el cine y las series, claro. El deporte es su otra pasi\u00f3n, que desarroll\u00f3 en sus inicios en el diario deportivo MARCA. \u00a0\u00a0Ignacio Herruzo es Graduado en Periodismo por la Universidad Rey Juan Carlos en 2012. Desde entonces no ha parado de escribir desde que comenz\u00f3 en 2013 en el grupo Hearst, donde ha ejercido de redactor en diferentes webs y revistas como Teleprograma, Supertele y Diez Minutos. \u00a0<\/p>\n","protected":false},"excerpt":{"rendered":"Tras un par\u00f3n obligado en 2024 por su segundo embarazo, aunque no le impidi\u00f3 rodar la serie &#8216;Entre&hellip;\n","protected":false},"author":2,"featured_media":106249,"comment_status":"","ping_status":"","sticky":false,"template":"","format":"standard","meta":{"footnotes":""},"categories":[169],"tags":[177,253,146,147,25,24,176,175,23],"class_list":{"0":"post-106248","1":"post","2":"type-post","3":"status-publish","4":"format-standard","5":"has-post-thumbnail","7":"category-cine","8":"tag-cine","9":"tag-discover","10":"tag-entertainment","11":"tag-entretenimiento","12":"tag-es","13":"tag-espana","14":"tag-film","15":"tag-movies","16":"tag-spain"},"share_on_mastodon":{"url":"","error":""},"_links":{"self":[{"href":"https:\/\/www.europesays.com\/es\/wp-json\/wp\/v2\/posts\/106248","targetHints":{"allow":["GET"]}}],"collection":[{"href":"https:\/\/www.europesays.com\/es\/wp-json\/wp\/v2\/posts"}],"about":[{"href":"https:\/\/www.europesays.com\/es\/wp-json\/wp\/v2\/types\/post"}],"author":[{"embeddable":true,"href":"https:\/\/www.europesays.com\/es\/wp-json\/wp\/v2\/users\/2"}],"replies":[{"embeddable":true,"href":"https:\/\/www.europesays.com\/es\/wp-json\/wp\/v2\/comments?post=106248"}],"version-history":[{"count":0,"href":"https:\/\/www.europesays.com\/es\/wp-json\/wp\/v2\/posts\/106248\/revisions"}],"wp:featuredmedia":[{"embeddable":true,"href":"https:\/\/www.europesays.com\/es\/wp-json\/wp\/v2\/media\/106249"}],"wp:attachment":[{"href":"https:\/\/www.europesays.com\/es\/wp-json\/wp\/v2\/media?parent=106248"}],"wp:term":[{"taxonomy":"category","embeddable":true,"href":"https:\/\/www.europesays.com\/es\/wp-json\/wp\/v2\/categories?post=106248"},{"taxonomy":"post_tag","embeddable":true,"href":"https:\/\/www.europesays.com\/es\/wp-json\/wp\/v2\/tags?post=106248"}],"curies":[{"name":"wp","href":"https:\/\/api.w.org\/{rel}","templated":true}]}}