{"id":106260,"date":"2025-09-10T20:23:09","date_gmt":"2025-09-10T20:23:09","guid":{"rendered":"https:\/\/www.europesays.com\/es\/106260\/"},"modified":"2025-09-10T20:23:09","modified_gmt":"2025-09-10T20:23:09","slug":"conservador-activista-charlie-kirk-grave-tras-ser-baleado-en-evento-universitario-en-utah","status":"publish","type":"post","link":"https:\/\/www.europesays.com\/es\/106260\/","title":{"rendered":"Conservador activista Charlie Kirk, grave tras ser baleado en evento universitario en Utah"},"content":{"rendered":"\n<p>OREM, Utah, EE.UU.\u00a0\u2014\u00a0OREM, Utah, EE.UU. (AP) \u2014 Charlie Kirk, director general y cofundador de la organizaci\u00f3n juvenil conservadora Turning Point USA, se encuentra en estado cr\u00edtico en un hospital despu\u00e9s de recibir un disparo el mi\u00e9rcoles en un evento en Utah, inform\u00f3 un oficial a The Associated Press.<\/p>\n<p>Un video del evento mostr\u00f3 a Kirk sangrando profusamente por una aparente herida de bala cerca de su cuello. Las autoridades dicen que un sospechoso est\u00e1 bajo custodia.<\/p>\n<p>\u201cEstamos confirmando que recibi\u00f3 un disparo y estamos orando por Charlie\u201d, dijo Aubrey Laitsch, gerente de relaciones p\u00fablicas de Turning Point USA.<\/p>\n<p>Videos publicados en redes sociales desde la Universidad del Valle de Utah muestran a Kirk hablando con un micr\u00f3fono mientras est\u00e1 sentado bajo una carpa blanca con los lemas \u201cEl Regreso Estadounidense\u201d y \u201cDemuestra que me equivoco\u201d. Se escucha un solo disparo y se puede ver a Kirk levantando su mano derecha mientras una gran cantidad de sangre brota del lado izquierdo de su cuello. Se oyen jadeos y gritos de los espectadores at\u00f3nitos antes de que la gente comience a correr.<\/p>\n<p>            <img class=\"image\" alt=\"ARCHIVO - El fundador de Turning Point USA, Charlie Kirk\"   width=\"1200\" height=\"800\" src=\"https:\/\/www.europesays.com\/es\/wp-content\/uploads\/2025\/09\/1757535788_320_\" decoding=\"async\" loading=\"lazy\"\/>         <\/p>\n<p>ARCHIVO &#8211; El fundador de Turning Point USA, Charlie Kirk, habla durante un mitin de campa\u00f1a, el 24 de octubre de 2024, en Las Vegas.<\/p>\n<p>(John Locher\/AP)<\/p>\n<p>La AP pudo confirmar que los videos fueron tomados en el patio del Centro Sorensen en el campus de la Universidad del Valle de Utah.<\/p>\n<p>Kirk estaba hablando en un debate organizado por su organizaci\u00f3n pol\u00edtica sin fines de lucro. El evento hab\u00eda sido recibido con opiniones divididas en el campus. Una petici\u00f3n en l\u00ednea que ped\u00eda a los administradores de la universidad que prohibieran la aparici\u00f3n de Kirk recibi\u00f3 casi 1.000 firmas. La universidad emiti\u00f3 un comunicado la semana pasada citando los derechos de la Primera Enmienda constitucional y afirmando su \u201ccompromiso con la libertad de expresi\u00f3n, la investigaci\u00f3n intelectual y el di\u00e1logo constructivo\u201d.<\/p>\n<p>La universidad dijo que se hab\u00eda disparado un \u201c\u00fanico tiro\u201d a Kirk y que un sospechoso estaba bajo custodia.<\/p>\n<p>El presidente Donald Trump y una serie de funcionarios electos republicanos y dem\u00f3cratas condenaron el tiroteo y ofrecieron oraciones por Kirk en las redes sociales.<\/p>\n<p>            <img class=\"image\" alt=\"ARCHIVO - Charlie Kirk, fundador de Turning Point USA,\"   width=\"1200\" height=\"800\" src=\"https:\/\/www.europesays.com\/es\/wp-content\/uploads\/2025\/09\/1757535789_477_\" decoding=\"async\" loading=\"lazy\"\/>         <\/p>\n<p>ARCHIVO &#8211; Charlie Kirk, fundador de Turning Point USA, habla durante la conferencia Turning Point Action, el 15 de julio de 2023, en West Palm Beach, Florida.<\/p>\n<p>(Lynne Sladky\/AP)<\/p>\n<p>\u201c\u00a1Todos debemos orar por Charlie Kirk, quien ha sido baleado. Un gran tipo de arriba a abajo. \u00a1DIOS LO BENDIGA!\u201d, public\u00f3 Trump en la red Truth Social.<\/p>\n<p>El tiroteo se produce en medio de un aumento de la violencia pol\u00edtica en Estados Unidos en todas las partes del espectro ideol\u00f3gico. Los ataques incluyen el asesinato de una legisladora estatal de Minnesota y su esposo en su casa en junio, el lanzamiento de bombas incendiarias en un desfile en Colorado para exigir que Ham\u00e1s libere a los rehenes de Israel, y un incendio provocado en la casa del gobernador de Pensilvania, quien es jud\u00edo, en abril. El m\u00e1s notorio de estos eventos es el tiroteo a Trump durante un mitin de campa\u00f1a el a\u00f1o pasado.<\/p>\n<p>El excongresista de Utah, Jason Chaffetz, un republicano que estaba en el evento, dijo en una entrevista en Fox News Channel que escuch\u00f3 un disparo y vio a Kirk retroceder.<\/p>\n<p>\u201cParec\u00eda que fue un disparo cercano\u201d, dijo Chaffetz, quien parec\u00eda conmocionado mientras hablaba.<\/p>\n<p>Se\u00f1al\u00f3 que hab\u00eda poca presencia policial en el evento y que Kirk ten\u00eda algo de seguridad, pero no suficiente.<\/p>\n<p>\u201cUtah es uno de los lugares m\u00e1s seguros del planeta\u201d, dijo. \u201cY por eso simplemente no tenemos este tipo de cosas\u201d.<\/p>\n<p>Turning Point fue fundada en los suburbios de Chicago en 2012 por Kirk, entonces de 18 a\u00f1os, y William Montgomery, un activista del tea party, para evangelizar en los campus universitarios a favor de impuestos bajos y un gobierno limitado. No fue un \u00e9xito inmediato.<\/p>\n<p>Pero el entusiasmo de Kirk por confrontar a los liberales en el \u00e1mbito acad\u00e9mico eventualmente gan\u00f3 a un conjunto influyente de financiadores conservadores.<\/p>\n<p>A pesar de las dudas iniciales, Turning Point respald\u00f3 con entusiasmo a Trump despu\u00e9s de que asegur\u00f3 la nominaci\u00f3n republicana en 2016. Kirk fue asistente personal de Donald Trump Jr., el hijo mayor del presidente, durante la campa\u00f1a electoral general.<\/p>\n<p>Pronto, Kirk lleg\u00f3 a ser una presencia regular en la televisi\u00f3n por cable, donde se adentr\u00f3 en las guerras culturales y elogi\u00f3 al entonces presidente. Trump y su hijo fueron igualmente efusivos y a menudo hablaban en las conferencias de Turning Point.<\/p>\n","protected":false},"excerpt":{"rendered":"OREM, Utah, EE.UU.\u00a0\u2014\u00a0OREM, Utah, EE.UU. (AP) \u2014 Charlie Kirk, director general y cofundador de la organizaci\u00f3n juvenil conservadora&hellip;\n","protected":false},"author":2,"featured_media":106261,"comment_status":"","ping_status":"","sticky":false,"template":"","format":"standard","meta":{"footnotes":""},"categories":[42],"tags":[36815,4574,17,18,385,36816,24925,36819,19697,933,13,14,11,36818,61,62,63,64,19,20,36817,9,10,15,16,13565,6773,12,21,22,2845,6807,36814,65,66,67],"class_list":{"0":"post-106260","1":"post","2":"type-post","3":"status-publish","4":"format-standard","5":"has-post-thumbnail","7":"category-internacional","8":"tag-baleado","9":"tag-bomba","10":"tag-breaking-news","11":"tag-breakingnews","12":"tag-casa","13":"tag-conservador-activista-charlie-kirk","14":"tag-disparo","15":"tag-espectro","16":"tag-estatal","17":"tag-evento","18":"tag-featured-news","19":"tag-featurednews","20":"tag-headlines","21":"tag-incendiario","22":"tag-internacional","23":"tag-international","24":"tag-international-news","25":"tag-internationalnews","26":"tag-latest-news","27":"tag-latestnews","28":"tag-legisladora","29":"tag-news","30":"tag-noticias","31":"tag-noticias-destacadas","32":"tag-noticiasdestacadas","33":"tag-politico","34":"tag-tiroteo","35":"tag-titulares","36":"tag-ultimas-noticias","37":"tag-ultimasnoticias","38":"tag-universidad","39":"tag-universitario","40":"tag-utah","41":"tag-world","42":"tag-world-news","43":"tag-worldnews"},"share_on_mastodon":{"url":"","error":""},"_links":{"self":[{"href":"https:\/\/www.europesays.com\/es\/wp-json\/wp\/v2\/posts\/106260","targetHints":{"allow":["GET"]}}],"collection":[{"href":"https:\/\/www.europesays.com\/es\/wp-json\/wp\/v2\/posts"}],"about":[{"href":"https:\/\/www.europesays.com\/es\/wp-json\/wp\/v2\/types\/post"}],"author":[{"embeddable":true,"href":"https:\/\/www.europesays.com\/es\/wp-json\/wp\/v2\/users\/2"}],"replies":[{"embeddable":true,"href":"https:\/\/www.europesays.com\/es\/wp-json\/wp\/v2\/comments?post=106260"}],"version-history":[{"count":0,"href":"https:\/\/www.europesays.com\/es\/wp-json\/wp\/v2\/posts\/106260\/revisions"}],"wp:featuredmedia":[{"embeddable":true,"href":"https:\/\/www.europesays.com\/es\/wp-json\/wp\/v2\/media\/106261"}],"wp:attachment":[{"href":"https:\/\/www.europesays.com\/es\/wp-json\/wp\/v2\/media?parent=106260"}],"wp:term":[{"taxonomy":"category","embeddable":true,"href":"https:\/\/www.europesays.com\/es\/wp-json\/wp\/v2\/categories?post=106260"},{"taxonomy":"post_tag","embeddable":true,"href":"https:\/\/www.europesays.com\/es\/wp-json\/wp\/v2\/tags?post=106260"}],"curies":[{"name":"wp","href":"https:\/\/api.w.org\/{rel}","templated":true}]}}