{"id":106277,"date":"2025-09-10T20:37:09","date_gmt":"2025-09-10T20:37:09","guid":{"rendered":"https:\/\/www.europesays.com\/es\/106277\/"},"modified":"2025-09-10T20:37:09","modified_gmt":"2025-09-10T20:37:09","slug":"las-memorias-de-gisele-pelicot-se-publicaran-en-2026-y-seran-un-mensaje-de-esperanza","status":"publish","type":"post","link":"https:\/\/www.europesays.com\/es\/106277\/","title":{"rendered":"Las memorias de Gis\u00e8le Pelicot se publicar\u00e1n en 2026 y ser\u00e1n \u201cun mensaje de esperanza\u201d"},"content":{"rendered":"<p><img alt=\"Las memorias de Gis\u00e8le Pelicot,\" class=\"global-image\" decoding=\"async\" fetchpriority=\"high\" height=\"1617\" loading=\"eager\" src=\"https:\/\/www.europesays.com\/es\/wp-content\/uploads\/2025\/09\/3NPKCBCO3NFFPBBPNNL44GCLL4.jpg\" width=\"2101\"\/>Las memorias de Gis\u00e8le Pelicot, s\u00edmbolo feminista tras un hist\u00f3rico juicio por violaci\u00f3n, se publicar\u00e1n en 2026 (Foto: EFE\/EPA\/Yoan Valat) <\/p>\n<p class=\"paragraph\">Las memorias de <b>Gis\u00e8le Pelicot<\/b>, convertida en icono feminista tras el macrojuicio por violaci\u00f3n que protagoniz\u00f3 en Francia, saldr\u00e1n a la venta el 17 de febrero de 2026 con el t\u00edtulo <b>Et la joie de vivre<\/b> (en espa\u00f1ol \u201cUn himno a la vida\u201d), anunciaron este mi\u00e9rcoles varias editoriales.<\/p>\n<p><a class=\"bajalibros-card bajalibros-card-free\" href=\"http:\/\/bajalibros.com\/?externalId=0142024BL\" rel=\"noopener noreferrer nofollow\" target=\"_blank\"><img decoding=\"async\" class=\"bajalibros-card-book-img\" src=\"https:\/\/www.europesays.com\/es\/wp-content\/uploads\/2025\/09\/ea322b33-2d2e-4393-a5b3-114c744ee672_cover.jpg\" alt=\"book img\"\/><\/p>\n<p class=\"bajalibros-card-book-info-title\">La verg\u00fcenza cambi\u00f3 de lado<\/p>\n<p class=\"bajalibros-card-book-info-author\">Por Equipo Leamos<\/p>\n<p class=\"bajalibros-card-book-type\">eBook<\/p>\n<p><\/a><\/p>\n<p class=\"paragraph\">Pelicot, de 72 a\u00f1os, fue aplaudida mundialmente el a\u00f1o pasado por su valent\u00eda al testificar p\u00fablicamente durante el juicio contra su exmarido, quien la drog\u00f3 durante una d\u00e9cada para violarla junto a decenas de desconocidos contactados por internet.<\/p>\n<p class=\"paragraph\">El libro se publicar\u00e1 en febrero en una veintena de idiomas y en varios pa\u00edses, entre ellos Francia, Estados Unidos y Espa\u00f1a, lo que refleja la notoriedad internacional del caso y del personaje.<\/p>\n<p><img alt=\"El libro &quot;Et la joie\" class=\"global-image\" decoding=\"async\" fetchpriority=\"low\" height=\"1742\" loading=\"lazy\" src=\"https:\/\/www.europesays.com\/es\/wp-content\/uploads\/2025\/09\/X24PG5EDZS6BB2V5EXQBNZH5CU.jpg\" width=\"2614\"\/>El libro \u00abEt la joie de vivre\u00bb narra la resiliencia de Pelicot y su lucha por cambiar la narrativa sobre la verg\u00fcenza (Foto: REUTERS\/Manon Cruz)<\/p>\n<p class=\"paragraph\">Tras el juicio celebrado a finales de 2024, <b>Gis\u00e8le<\/b> <b>Pelicot <\/b>\u201cnunca se expres\u00f3\u201d y \u201cdecidi\u00f3 contar su historia con sus propias palabras\u201d, indic\u00f3 la editorial francesa Flammarion. Ella \u201cquiere transmitir un <b>mensaje de esperanza <\/b>a todos aquellos que est\u00e1n pasando por momentos dif\u00edciles, as\u00ed como a quienes la apoyaron durante estas semanas de oto\u00f1o de 2024\u201d, a\u00f1adi\u00f3.<\/p>\n<p class=\"paragraph\">El relato, \u201ccuidadoso y conmovedor\u201d, escrito con la periodista y novelista <b>Judith Perrignon<\/b>, \u201cdesvela los resortes \u00edntimos de la incre\u00edble resiliencia de esta mujer tan reservada\u201d, seg\u00fan Flammarion. El libro \u201cbrindar\u00e1 consuelo y contribuir\u00e1 positivamente a modificar la narrativa sobre la verg\u00fcenza\u201d, insisti\u00f3 la editorial espa\u00f1ola Lumen.<\/p>\n<p class=\"paragraph\">Pelicot rechaz\u00f3 que el juicio se celebrara a puerta cerrada, renunciando as\u00ed a su derecho al anonimato, para que la \u201cverg\u00fcenza\u201d cambiara de bando. Su marido y medio centenar de hombres fueron condenados a hasta 20 a\u00f1os de prisi\u00f3n. La hija de Pelicot, <b>Caroline Darian<\/b>, public\u00f3 en 2022 un libro sobre el caso, <b>Y dej\u00e9 de llamarte pap\u00e1<\/b>.<\/p>\n<p class=\"paragraph\">Fuente: AFP<\/p>\n","protected":false},"excerpt":{"rendered":"Las memorias de Gis\u00e8le Pelicot, s\u00edmbolo feminista tras un hist\u00f3rico juicio por violaci\u00f3n, se publicar\u00e1n en 2026 (Foto:&hellip;\n","protected":false},"author":2,"featured_media":106278,"comment_status":"","ping_status":"","sticky":false,"template":"","format":"standard","meta":{"footnotes":""},"categories":[172],"tags":[224,28727,146,147,25,24,36824,225,36825,20206,23,36826],"class_list":{"0":"post-106277","1":"post","2":"type-post","3":"status-publish","4":"format-standard","5":"has-post-thumbnail","7":"category-libros","8":"tag-books","9":"tag-court","10":"tag-entertainment","11":"tag-entretenimiento","12":"tag-es","13":"tag-espana","14":"tag-lawyer","15":"tag-libros","16":"tag-mass-rape-trial","17":"tag-outdoor","18":"tag-spain","19":"tag-victim"},"share_on_mastodon":{"url":"","error":""},"_links":{"self":[{"href":"https:\/\/www.europesays.com\/es\/wp-json\/wp\/v2\/posts\/106277","targetHints":{"allow":["GET"]}}],"collection":[{"href":"https:\/\/www.europesays.com\/es\/wp-json\/wp\/v2\/posts"}],"about":[{"href":"https:\/\/www.europesays.com\/es\/wp-json\/wp\/v2\/types\/post"}],"author":[{"embeddable":true,"href":"https:\/\/www.europesays.com\/es\/wp-json\/wp\/v2\/users\/2"}],"replies":[{"embeddable":true,"href":"https:\/\/www.europesays.com\/es\/wp-json\/wp\/v2\/comments?post=106277"}],"version-history":[{"count":0,"href":"https:\/\/www.europesays.com\/es\/wp-json\/wp\/v2\/posts\/106277\/revisions"}],"wp:featuredmedia":[{"embeddable":true,"href":"https:\/\/www.europesays.com\/es\/wp-json\/wp\/v2\/media\/106278"}],"wp:attachment":[{"href":"https:\/\/www.europesays.com\/es\/wp-json\/wp\/v2\/media?parent=106277"}],"wp:term":[{"taxonomy":"category","embeddable":true,"href":"https:\/\/www.europesays.com\/es\/wp-json\/wp\/v2\/categories?post=106277"},{"taxonomy":"post_tag","embeddable":true,"href":"https:\/\/www.europesays.com\/es\/wp-json\/wp\/v2\/tags?post=106277"}],"curies":[{"name":"wp","href":"https:\/\/api.w.org\/{rel}","templated":true}]}}