{"id":106283,"date":"2025-09-10T20:40:06","date_gmt":"2025-09-10T20:40:06","guid":{"rendered":"https:\/\/www.europesays.com\/es\/106283\/"},"modified":"2025-09-10T20:40:06","modified_gmt":"2025-09-10T20:40:06","slug":"james-gunn-confirmo-la-historia-central-de-la-pelicula-superman-man-of-tomorrow","status":"publish","type":"post","link":"https:\/\/www.europesays.com\/es\/106283\/","title":{"rendered":"James Gunn confirm\u00f3 la historia central de la pel\u00edcula Superman: Man of Tomorrow"},"content":{"rendered":"<p class=\"article-body__paragraph\">El director <a href=\"https:\/\/www.lacuarta.com\/temas\/james-gunn\/\" target=\"_self\" rel=\"nofollow noopener\" title=\"https:\/\/www.lacuarta.com\/temas\/james-gunn\/\"><b>James Gunn<\/b><\/a> confirm\u00f3 en el show de Howard Stern que la nueva pel\u00edcula de <a href=\"https:\/\/www.lacuarta.com\/temas\/superman\/\" target=\"_blank\" rel=\"noreferrer nofollow noopener\" title=\"https:\/\/www.lacuarta.com\/temas\/superman\/\"><b>Superman<\/b><\/a> mostrar\u00e1 una alianza forzada entre el h\u00e9roe y su archienemigo.<\/p>\n<p class=\"article-body__paragraph\">\u201c<b>Es una historia sobre Lex Luthor y Superman teniendo que trabajar juntos en cierta medida contra una amenaza mucho, mucho mayor<\/b>\u201d, dijo Gunn.<\/p>\n<p class=\"article-body__paragraph\">La revelaci\u00f3n alimenta las especulaciones de los fans sobre la esperada inclusi\u00f3n de<b> Brainiac<\/b>, uno de los villanos c\u00f3smicos m\u00e1s ic\u00f3nicos de DC y que hasta ahora no ha aparecido en el cine.<\/p>\n<p class=\"article-body__paragraph\">Sin embargo, esta no ser\u00eda la primera vez que el personaje estuvo en la mira: en los a\u00f1os 90, Tim Burton plane\u00f3 una pel\u00edcula con Nicolas Cage como Superman que lo tendr\u00eda como antagonista principal, aunque nunca se concret\u00f3.<\/p>\n<p class=\"article-body__paragraph\">Adem\u00e1s, la pel\u00edcula Superman III originalmente iba a incluir a Brainiac como el gran villano, pero se descart\u00f3 por temas presupuestarios.<\/p>\n<p class=\"article-body__paragraph\">En el pasado, el propio Gunn ya hab\u00eda admitido que consider\u00f3 a Brainiac para la primera entrega antes de optar por otra direcci\u00f3n.<\/p>\n<p class=\"article-body__paragraph\">Consideren que la pel\u00edcula tendr\u00e1 tambi\u00e9n otros rostros. Jason Momoa interpretar\u00e1 a Lobo en Supergirl: Woman of Tomorrow, y su presencia podr\u00eda extenderse a Man of Tomorrow, dado su historial como amenaza intergal\u00e1ctica capaz de enfrentar kryptonianos.<\/p>\n<p class=\"article-body__paragraph\">En paralelo, Gunn elogi\u00f3 el fichaje de Milly Alcock como Supergirl, calific\u00e1ndolo como uno de sus mayores aciertos.<\/p>\n<p class=\"article-body__paragraph\">\u201cMilly Alcock podr\u00eda ser la mejor elecci\u00f3n de casting que he hecho en toda mi vida. Creo que est\u00e1 absolutamente impresionante en la pel\u00edcula\u201d, afirm\u00f3.<\/p>\n<p class=\"article-body__paragraph\">La pel\u00edcula ya tiene fecha de estreno confirmada: llegar\u00e1 a los cines el 9 de julio de 2027, prometiendo una de las alianzas m\u00e1s tensas del universo DC.<\/p>\n","protected":false},"excerpt":{"rendered":"El director James Gunn confirm\u00f3 en el show de Howard Stern que la nueva pel\u00edcula de Superman mostrar\u00e1&hellip;\n","protected":false},"author":2,"featured_media":106284,"comment_status":"","ping_status":"","sticky":false,"template":"","format":"standard","meta":{"footnotes":""},"categories":[169],"tags":[177,27578,146,147,25,24,176,835,175,23],"class_list":{"0":"post-106283","1":"post","2":"type-post","3":"status-publish","4":"format-standard","5":"has-post-thumbnail","7":"category-cine","8":"tag-cine","9":"tag-dc-studios","10":"tag-entertainment","11":"tag-entretenimiento","12":"tag-es","13":"tag-espana","14":"tag-film","15":"tag-james-gunn","16":"tag-movies","17":"tag-spain"},"share_on_mastodon":{"url":"","error":""},"_links":{"self":[{"href":"https:\/\/www.europesays.com\/es\/wp-json\/wp\/v2\/posts\/106283","targetHints":{"allow":["GET"]}}],"collection":[{"href":"https:\/\/www.europesays.com\/es\/wp-json\/wp\/v2\/posts"}],"about":[{"href":"https:\/\/www.europesays.com\/es\/wp-json\/wp\/v2\/types\/post"}],"author":[{"embeddable":true,"href":"https:\/\/www.europesays.com\/es\/wp-json\/wp\/v2\/users\/2"}],"replies":[{"embeddable":true,"href":"https:\/\/www.europesays.com\/es\/wp-json\/wp\/v2\/comments?post=106283"}],"version-history":[{"count":0,"href":"https:\/\/www.europesays.com\/es\/wp-json\/wp\/v2\/posts\/106283\/revisions"}],"wp:featuredmedia":[{"embeddable":true,"href":"https:\/\/www.europesays.com\/es\/wp-json\/wp\/v2\/media\/106284"}],"wp:attachment":[{"href":"https:\/\/www.europesays.com\/es\/wp-json\/wp\/v2\/media?parent=106283"}],"wp:term":[{"taxonomy":"category","embeddable":true,"href":"https:\/\/www.europesays.com\/es\/wp-json\/wp\/v2\/categories?post=106283"},{"taxonomy":"post_tag","embeddable":true,"href":"https:\/\/www.europesays.com\/es\/wp-json\/wp\/v2\/tags?post=106283"}],"curies":[{"name":"wp","href":"https:\/\/api.w.org\/{rel}","templated":true}]}}