{"id":106287,"date":"2025-09-10T20:42:23","date_gmt":"2025-09-10T20:42:23","guid":{"rendered":"https:\/\/www.europesays.com\/es\/106287\/"},"modified":"2025-09-10T20:42:23","modified_gmt":"2025-09-10T20:42:23","slug":"muere-un-hombre-en-sevilla-al-que-el-virus-del-nilo-dejo-tetraplejico","status":"publish","type":"post","link":"https:\/\/www.europesays.com\/es\/106287\/","title":{"rendered":"Muere un hombre en Sevilla al que el virus del Nilo dej\u00f3 tetrapl\u00e9jico"},"content":{"rendered":"<p>Un hombre de 66 a\u00f1os ha fallecido este martes en Gelves (Sevilla) en el Hospital Mu\u00f1oz Cari\u00f1anos de Sevilla, donde ingres\u00f3 el 24 de agosto de 2024 tras ser picado por un mosquito que le transmiti\u00f3 el <strong><a href=\"https:\/\/www.libertaddigital.com\/ciencia-tecnologia\/salud\/2025-08-11\/virus-del-nilo-occidental-que-es-como-se-transmite-y-como-prevenirlo-7285118\/\" rel=\"nofollow noopener\" target=\"_blank\">virus del Nilo<\/a><\/strong> y lo dej\u00f3 tetrapl\u00e9jico.<\/p>\n<p>Seg\u00fan ha explicado su esposa y se refleja en los informes m\u00e9dicos, el hombre acudi\u00f3 el a\u00f1o pasado a Urgencias del hospital Virgen del Roc\u00edo con fiebre y malestar general, y le realizaron una radiograf\u00eda y una anal\u00edtica, aunque fue enviado a su casa porque la doctora que le atendi\u00f3 solo apreci\u00f3 <strong>\u00abpicos de infecci\u00f3n no graves\u00bb<\/strong>.<\/p>\n<p>Pocas horas despu\u00e9s volvieron al hospital porque ten\u00eda sangre en la traqueotom\u00eda que ten\u00eda a ra\u00edz de una operaci\u00f3n de c\u00e1ncer de garganta, pero no le volvieron a hacer an\u00e1lisis porque hab\u00eda pasado poco tiempo. Tras suministrarle paracetamol porque ten\u00eda m\u00e1s de 39 grados de fiebre, lo enviaron de nuevo a su casa, aunque tuvo que volver de nuevo al hospital en un ambulancia porque, seg\u00fan su esposa <strong>hab\u00eda perdido movilidad<\/strong> y estaba \u00abr\u00edgido\u00bb.<\/p>\n<p>El paciente estuvo ingresado<strong> 32 d\u00edas en la UCI sin movilidad en las piernas<\/strong> hasta que fue dado de alta el 25 de noviembre. El informe de alta cita que sufr\u00eda \u00abpar\u00e1lisis fl\u00e1cida con tetraplejia y par\u00e1lisis facial bilateral\u00bb, con dependencia 24 horas de ventilaci\u00f3n mec\u00e1nica \u00abtras infecci\u00f3n por virus del Nilo\u00bb. Su esposa ha concretado que desde hace un a\u00f1o ha ingresado cuatro veces en el hospital, hasta su fallecimiento anoche, y que ten\u00eda \u00abel c\u00e1ncer controlado, y era completamente aut\u00f3nomo\u00bb<\/p>\n","protected":false},"excerpt":{"rendered":"Un hombre de 66 a\u00f1os ha fallecido este martes en Gelves (Sevilla) en el Hospital Mu\u00f1oz Cari\u00f1anos de&hellip;\n","protected":false},"author":2,"featured_media":106288,"comment_status":"","ping_status":"","sticky":false,"template":"","format":"standard","meta":{"footnotes":""},"categories":[92],"tags":[25,24,165,10848,15511,166,1171,23,11214,1372],"class_list":{"0":"post-106287","1":"post","2":"type-post","3":"status-publish","4":"format-standard","5":"has-post-thumbnail","7":"category-salud","8":"tag-es","9":"tag-espana","10":"tag-health","11":"tag-informativos","12":"tag-mosquito","13":"tag-salud","14":"tag-sevilla","15":"tag-spain","16":"tag-uci","17":"tag-virus-del-nilo"},"share_on_mastodon":{"url":"","error":""},"_links":{"self":[{"href":"https:\/\/www.europesays.com\/es\/wp-json\/wp\/v2\/posts\/106287","targetHints":{"allow":["GET"]}}],"collection":[{"href":"https:\/\/www.europesays.com\/es\/wp-json\/wp\/v2\/posts"}],"about":[{"href":"https:\/\/www.europesays.com\/es\/wp-json\/wp\/v2\/types\/post"}],"author":[{"embeddable":true,"href":"https:\/\/www.europesays.com\/es\/wp-json\/wp\/v2\/users\/2"}],"replies":[{"embeddable":true,"href":"https:\/\/www.europesays.com\/es\/wp-json\/wp\/v2\/comments?post=106287"}],"version-history":[{"count":0,"href":"https:\/\/www.europesays.com\/es\/wp-json\/wp\/v2\/posts\/106287\/revisions"}],"wp:featuredmedia":[{"embeddable":true,"href":"https:\/\/www.europesays.com\/es\/wp-json\/wp\/v2\/media\/106288"}],"wp:attachment":[{"href":"https:\/\/www.europesays.com\/es\/wp-json\/wp\/v2\/media?parent=106287"}],"wp:term":[{"taxonomy":"category","embeddable":true,"href":"https:\/\/www.europesays.com\/es\/wp-json\/wp\/v2\/categories?post=106287"},{"taxonomy":"post_tag","embeddable":true,"href":"https:\/\/www.europesays.com\/es\/wp-json\/wp\/v2\/tags?post=106287"}],"curies":[{"name":"wp","href":"https:\/\/api.w.org\/{rel}","templated":true}]}}