{"id":106289,"date":"2025-09-10T20:43:14","date_gmt":"2025-09-10T20:43:14","guid":{"rendered":"https:\/\/www.europesays.com\/es\/106289\/"},"modified":"2025-09-10T20:43:14","modified_gmt":"2025-09-10T20:43:14","slug":"letizia-abre-el-curso-con-una-declaracion-de-intenciones-apoyo-decidido-a-la-mujer-y-compromiso-frente-a-la-violencia","status":"publish","type":"post","link":"https:\/\/www.europesays.com\/es\/106289\/","title":{"rendered":"Letizia abre el curso con una declaraci\u00f3n de intenciones: apoyo decidido a la mujer y compromiso frente a la violencia"},"content":{"rendered":"<p>Tras semanas de vacaciones interrumpidas para <a href=\"https:\/\/www.revistavanityfair.es\/articulos\/felipe-y-letizia-visitaran-las-zonas-afectadas-por-los-incendios-y-anuncian-ayudas-a-los-proyectos-de-recuperacion\" rel=\"nofollow noopener\" target=\"_blank\">visitar junto al rey<\/a> a las zonas m\u00e1s afectadas por los incendios y despedir a sus hijas, <a href=\"https:\/\/www.revistavanityfair.es\/articulos\/princesa-leonor-biografia-edad-infancia-estudios-ejercito-aficiones\" rel=\"nofollow noopener\" target=\"_blank\">Leonor<\/a> instalada en la <a href=\"https:\/\/www.revistavanityfair.es\/galerias\/la-princesa-leonor-comienza-su-formacion-en-el-ejercito-del-aire-todas-las-imagenes\" rel=\"nofollow noopener\" target=\"_blank\">Academia General del Aire de San Javier<\/a>, en Murcia, y <a href=\"https:\/\/www.revistavanityfair.es\/articulos\/la-infanta-sofia-universidad-en-lisboa-residencia-clases\" rel=\"nofollow noopener\" target=\"_blank\">Sof\u00eda adapt\u00e1ndose<\/a> a la vida en Lisboa para comenzar sus clases en el Forward College, la <a href=\"https:\/\/www.revistavanityfair.es\/realeza\/reina-letizia\" rel=\"nofollow noopener\" target=\"_blank\">reina Letizia<\/a> abre el curso con una declaraci\u00f3n intenciones: <strong>su apoyo decidido a la mujer y su compromiso frente a la violencia<\/strong>.<\/p>\n<p>La ministra de Igualdad, Ana Redondo, la reina Letizia y la alcaldesa de Torrelodones, Almudena Negro, antes del coloquio \u2018Mujeres, deporte y sociedad\u2019 en la Casa de la Cultura Paco de Luc\u00eda de Torrelodones, Madrid.<\/p>\n<p>Europa Press Entertainment\/Getty Images<\/p>\n<p>En su r<a href=\"https:\/\/www.revistavanityfair.es\/articulos\/reina-letizia-comienza-el-curso-nuevas-companeras-desafios-de-rosa-lerchundi-y-marta-carazo\" rel=\"nofollow noopener\" target=\"_blank\">egreso a la agenda de la Casa Real<\/a> con la incorporaci\u00f3n de <strong>Marta Carazo<\/strong> como jefa de la secretar\u00eda de la Reina\u00a0y <strong>Rosa Lerchundi<\/strong> como nueva directora de Comunicaci\u00f3n de la Casa Real, la reina ha asistido esta ma\u00f1ana en la en la Casa de la Cultura\u00a0Paco de Luc\u00eda de Torrelodones al coloquio <strong>\u2018Mujer, deporte y sociedad\u2019<\/strong> que se celebra con motivo de la segunda edici\u00f3n del torneo solidario de baloncesto <strong>Challenge 40 Basket<\/strong> cuyo objetivo es alertar sobre la mutilaci\u00f3n genital femenina y otras violencias hacia las mujeres. Organizado por el Ayuntamiento de Torrelodones, la Federaci\u00f3n de Baloncesto de Madrid, la Federaci\u00f3n Espa\u00f1ola de Baloncesto, el Club BT Torrelodones, HM Hospitales y la Comunidad de Madrid, el Challenge 40 Basket combina deporte \u2014est\u00e1 dirigido a mayores de 40 a\u00f1os, reunir\u00e1 a aficionados y leyendas del baloncesto espa\u00f1ol del Real Madrid y del Estudiantes\u2014 y solidaridad, ya que la recaudaci\u00f3n de fondos ser\u00e1 para Save a Girl Save a Generation, una ong que lucha contra <strong>la mutilaci\u00f3n genital femenina y otras formas de violencia de g\u00e9nero en \u00c1frica<\/strong>. En concreto, seg\u00fan informa la Casa Real, para el proyecto Save in Nairobi que proporciona refugio y apoyo psicol\u00f3gico y herramientas para desarrollar un oficio a mujer v\u00edctimas de violencia de g\u00e9nero a Kenia. Puede que sea casualidad (o su forma de insistir en que este es uno de sus grandes prop\u00f3sitos como reina), pero el jueves la reina preside la <strong>III edici\u00f3n del Congreso sobre Trata de Seres Humanos<\/strong> organizado por la Asociaci\u00f3n Betania que abordar\u00e1 la prostituci\u00f3n y la trata, y plantear\u00e1 distintas estrategias para buscar la erradicaci\u00f3n de este tipo de explotaci\u00f3n hacia las mujeres.<\/p>\n","protected":false},"excerpt":{"rendered":"Tras semanas de vacaciones interrumpidas para visitar junto al rey a las zonas m\u00e1s afectadas por los incendios&hellip;\n","protected":false},"author":2,"featured_media":106290,"comment_status":"","ping_status":"","sticky":false,"template":"","format":"standard","meta":{"footnotes":""},"categories":[91],"tags":[146,147,25,24,1887,11440,36827,1027,23],"class_list":{"0":"post-106289","1":"post","2":"type-post","3":"status-publish","4":"format-standard","5":"has-post-thumbnail","7":"category-entretenimiento","8":"tag-entertainment","9":"tag-entretenimiento","10":"tag-es","11":"tag-espana","12":"tag-familia-real-espanola","13":"tag-letizia-ortiz","14":"tag-looks-reina-letizia","15":"tag-realeza","16":"tag-spain"},"share_on_mastodon":{"url":"","error":""},"_links":{"self":[{"href":"https:\/\/www.europesays.com\/es\/wp-json\/wp\/v2\/posts\/106289","targetHints":{"allow":["GET"]}}],"collection":[{"href":"https:\/\/www.europesays.com\/es\/wp-json\/wp\/v2\/posts"}],"about":[{"href":"https:\/\/www.europesays.com\/es\/wp-json\/wp\/v2\/types\/post"}],"author":[{"embeddable":true,"href":"https:\/\/www.europesays.com\/es\/wp-json\/wp\/v2\/users\/2"}],"replies":[{"embeddable":true,"href":"https:\/\/www.europesays.com\/es\/wp-json\/wp\/v2\/comments?post=106289"}],"version-history":[{"count":0,"href":"https:\/\/www.europesays.com\/es\/wp-json\/wp\/v2\/posts\/106289\/revisions"}],"wp:featuredmedia":[{"embeddable":true,"href":"https:\/\/www.europesays.com\/es\/wp-json\/wp\/v2\/media\/106290"}],"wp:attachment":[{"href":"https:\/\/www.europesays.com\/es\/wp-json\/wp\/v2\/media?parent=106289"}],"wp:term":[{"taxonomy":"category","embeddable":true,"href":"https:\/\/www.europesays.com\/es\/wp-json\/wp\/v2\/categories?post=106289"},{"taxonomy":"post_tag","embeddable":true,"href":"https:\/\/www.europesays.com\/es\/wp-json\/wp\/v2\/tags?post=106289"}],"curies":[{"name":"wp","href":"https:\/\/api.w.org\/{rel}","templated":true}]}}