{"id":106329,"date":"2025-09-10T21:11:11","date_gmt":"2025-09-10T21:11:11","guid":{"rendered":"https:\/\/www.europesays.com\/es\/106329\/"},"modified":"2025-09-10T21:11:11","modified_gmt":"2025-09-10T21:11:11","slug":"pedro-sanchez-presidira-la-botadura-de-la-primera-fragata-f-110-en-ferrol-la-voz-de-galicia","status":"publish","type":"post","link":"https:\/\/www.europesays.com\/es\/106329\/","title":{"rendered":"Pedro S\u00e1nchez presidir\u00e1 la botadura de la primera fragata F-110 en Ferrol &#8211; La Voz de Galicia"},"content":{"rendered":"<ol>\n<li><a href=\"https:\/\/news.google.com\/rss\/articles\/CBMi4AFBVV95cUxPV1hqcnNmREhfdXRuRzBXT3NWTjFuX0xQMFpMRTF0el9heFVBNUU1S3otZXhaVlR1MWc2X0g1cUx1MkFUTjB2cTZCNEV4bW4xT3VhekJ1ei05RU5LZlJZdkhZUVhyN2tSaXdTdUlQTUo5OTM0Ukx2eVdXV05weWVaU2NtMVlFTGhQaUVrbllqaDRSSi11cnpvUFBZVTVtMU5LN0U3alBMbFJ1RVRYRjhKTjdZenNnVkNOS0ZZUThQc0JEYmVLS19nQ2cza2dBeWhQWDVaTFNic2x0ZXZ0V2EtTdIB_AFBVV95cUxQMUhnRF9RU0RBRWV6RzlEbWpaMzZoVGM3NDA5eTZ2akpzNWxqZWYtX0lNWFdndGhvUERQR200VGZjbXk1V3hKT1VGbmd2N3ljNFd6LUVNZGhDNmFWSTBVaElBQmpyeGh6R1dubExuRTBYMGR5R2R0Tkl6b0VyOXFISHhDalN5V3ZUTnBaVVNfdFp4bjVGdkRRMm1lTW1PVWxLdGdRcUtfYWZGOWFXaEk2c2h5MGk2bEFTRHY0czNJNlE2cjlfcHlFaEk4UnJfNWZUMF83UmQ1Y2lwalgtLU56Z3dURkpVVzZPQWJrcUtleVFXWVRkQjNBZmFyYkE?oc=5\" target=\"_blank\" rel=\"nofollow noopener\">Pedro S\u00e1nchez presidir\u00e1 la botadura de la primera fragata F-110 en Ferrol<\/a>&nbsp;&nbsp;La Voz de Galicia<\/li>\n<li><a href=\"https:\/\/news.google.com\/rss\/articles\/CBMixwFBVV95cUxPLVhlMjRnUklyQmpWcGctekJIOXVxMDQ2SkMyal9uU3F1OHVsMmhwOE5VTUVyb3d2dFhBbl9vUElPbEp4TWZqcldDZF9Xam1QVzhHRENsT0NhYXF6YXFUMFZyT09xUHAtY2RnT1RfbW1xanBlMjFOclQ4VHViLXJtTloydDhSVjFQT2ZFLWtEWEhFTXR1M00yR09LZVhOdUYtbFVkalJ2QlFrVXNYejRiY1RacS1IZlhMeGtlcFRtSk9YNHh0a0NR?oc=5\" target=\"_blank\" rel=\"nofollow noopener\">Rafael Seijo, director del programa de las fragatas F-110: \u00abSer\u00e1n unos de los buques escolta m\u00e1s equilibrados del mundo\u00bb<\/a>&nbsp;&nbsp;La Voz de Galicia<\/li>\n<li><a href=\"https:\/\/news.google.com\/rss\/articles\/CBMimAFBVV95cUxNVTVPcXlBUHMzR0hxdy1jeWlDUFJ5VjA2LUpJUzhSemQ4UUE3b3Z2ZWk5WS1QdXZRelVlck01RUJURS0temRyenM0ZUROQjF6ZFdHNGV4bG1UNjdTa0JSWGdzMmozUjNNUnhpcWFOY3BUeG1QYkhSNXpyZDZld0g1d042U0V5VHhLUkNROUhyem00UjNCcndWdw?oc=5\" target=\"_blank\" rel=\"nofollow noopener\">Sigue en en directo la botadura de la 1\u00aa fragata F-111 Bonifaz<\/a>&nbsp;&nbsp;navantia.es<\/li>\n<li><a href=\"https:\/\/news.google.com\/rss\/articles\/CBMi0gFBVV95cUxNdEJxX0VsU3VSTWxUcGQ1LU9KYThyVG1QTzdIa3U1cHNjTExGWUJMQzZPcWlRS2cxcE5CeUE0X1pfR1otSkJTeklLRkNzQm1KcHdPdTVsbmh0WWhLdVpxVHhLODZNakRWdWZfNVpoZjNXTFZVSC1IZGtJRzhnQUpuT3lnWWpQWlJ0VGlvSXNaTFNUNzBFMWt0bDI2MENKZU1ldUc4dW5JYUJsS2RxQkY1bFZfOV9oUWE3VzNQQ0wzTnZkcGN3eUFBWWFxd3ZVUXlJMFHSAdwBQVVfeXFMTjRGcjBlSkpCaEZNTUZLWjBZNVY2Wm8waFV6WUR4M09nc1Rmbm85R2N6V1VBRDJwc1duYUFrZzB0NTM0NUJLQWoxcVBnUE1HaE1rYjhqOTlLTzlMcXBWOC1pMnZJY3V0MElNa091bUE4YnZzdXRzRFRyczBDOU1TR181c2F0NlkzanZrS3BvdTdaNF9iUERDNkVWSFYwTERYczlSOFQ4UUtvU3lFZ1BLV3BOOXZHcXU2WkYtNGNKTjFiSWNtT2J6ZjZGeXhnSGpRUVlpdzhtdDFFRUtENg?oc=5\" target=\"_blank\" rel=\"nofollow noopener\">Navantia Ferrol bota este jueves la primera fragata F-110 para la Armada<\/a>&nbsp;&nbsp;esRadio<\/li>\n<li><a href=\"https:\/\/news.google.com\/rss\/articles\/CBMi1gFBVV95cUxQX1U1M3NDb3lyaFg5bHp6V0hzZ2RhU3JRQU95M1BJNUJueDhGMWt4MUh4eFZwakt4ZUppN3hfVkhNeVVVMjdoSGFaanIwUG9ZazdjQUhiUlViSzF5Z1AzSnc3bHhYSFc3MzBSYmo5b1ZxQ0VrdnJBNFd3NjVrUXRHd3AxSTFGa1pxd3N4V1BKMjMzY194a2h2YVFOMHNMa3V6Q1VaNVFDVG10ZGVyTTdZSXYya2JVdGZhcURJMFFlcnN1U2tnY0d5U3puV0ZweGZCUzQ1dHZn?oc=5\" target=\"_blank\" rel=\"nofollow noopener\">S\u00e1nchez participar\u00e1 ma\u00f1ana en la ceremonia de la botadura de la fragata F-111<\/a>&nbsp;&nbsp;La Vanguardia<\/li>\n<\/ol>\n","protected":false},"excerpt":{"rendered":"Pedro S\u00e1nchez presidir\u00e1 la botadura de la primera fragata F-110 en Ferrol&nbsp;&nbsp;La Voz de Galicia Rafael Seijo, director&hellip;\n","protected":false},"author":2,"featured_media":106330,"comment_status":"","ping_status":"","sticky":false,"template":"","format":"standard","meta":{"footnotes":""},"categories":[5],"tags":[17,18,25,24,13,14,7859,11,19,20,7835,20131,9,10,15,16,2959,11789,23,12,21,22,4454],"class_list":{"0":"post-106329","1":"post","2":"type-post","3":"status-publish","4":"format-standard","5":"has-post-thumbnail","7":"category-titulares","8":"tag-breaking-news","9":"tag-breakingnews","10":"tag-es","11":"tag-espana","12":"tag-featured-news","13":"tag-featurednews","14":"tag-ferrol-ciudad","15":"tag-headlines","16":"tag-latest-news","17":"tag-latestnews","18":"tag-margarita-robles","19":"tag-maritima","20":"tag-news","21":"tag-noticias","22":"tag-noticias-destacadas","23":"tag-noticiasdestacadas","24":"tag-pedro-sanchez","25":"tag-reina-sofia","26":"tag-spain","27":"tag-titulares","28":"tag-ultimas-noticias","29":"tag-ultimasnoticias","30":"tag-yolanda-diaz"},"share_on_mastodon":{"url":"","error":""},"_links":{"self":[{"href":"https:\/\/www.europesays.com\/es\/wp-json\/wp\/v2\/posts\/106329","targetHints":{"allow":["GET"]}}],"collection":[{"href":"https:\/\/www.europesays.com\/es\/wp-json\/wp\/v2\/posts"}],"about":[{"href":"https:\/\/www.europesays.com\/es\/wp-json\/wp\/v2\/types\/post"}],"author":[{"embeddable":true,"href":"https:\/\/www.europesays.com\/es\/wp-json\/wp\/v2\/users\/2"}],"replies":[{"embeddable":true,"href":"https:\/\/www.europesays.com\/es\/wp-json\/wp\/v2\/comments?post=106329"}],"version-history":[{"count":0,"href":"https:\/\/www.europesays.com\/es\/wp-json\/wp\/v2\/posts\/106329\/revisions"}],"wp:featuredmedia":[{"embeddable":true,"href":"https:\/\/www.europesays.com\/es\/wp-json\/wp\/v2\/media\/106330"}],"wp:attachment":[{"href":"https:\/\/www.europesays.com\/es\/wp-json\/wp\/v2\/media?parent=106329"}],"wp:term":[{"taxonomy":"category","embeddable":true,"href":"https:\/\/www.europesays.com\/es\/wp-json\/wp\/v2\/categories?post=106329"},{"taxonomy":"post_tag","embeddable":true,"href":"https:\/\/www.europesays.com\/es\/wp-json\/wp\/v2\/tags?post=106329"}],"curies":[{"name":"wp","href":"https:\/\/api.w.org\/{rel}","templated":true}]}}