{"id":106335,"date":"2025-09-10T21:15:09","date_gmt":"2025-09-10T21:15:09","guid":{"rendered":"https:\/\/www.europesays.com\/es\/106335\/"},"modified":"2025-09-10T21:15:09","modified_gmt":"2025-09-10T21:15:09","slug":"el-rcg-el-prat-acogera-un-torneo-del-circuito-europeo-en-mayo-de-2026","status":"publish","type":"post","link":"https:\/\/www.europesays.com\/es\/106335\/","title":{"rendered":"El RCG El Prat acoger\u00e1 un torneo del Circuito Europeo en mayo de 2026"},"content":{"rendered":"<p data-gtm-element-container=\"modulo-texto-link\" class=\"paragraph\">La celebraci\u00f3n de la Ryder Cup en Camiral en 2031 es ahora mismo una peque\u00f1a bola que va a ir cogiendo tama\u00f1o a medida que avance el tiempo para convertirse en algo gigantesco. De momento, la primera buena noticia ya es oficial.<\/p>\n<p data-gtm-element-container=\"modulo-texto-link\" class=\"paragraph\">Como resultado de los m\u00faltiples acuerdos que incluye el contrato de la Ryder Cup, se deben celebrar torneos del DP World Tour tanto en Camiral (cuando se acerque 2031) como en recorridos cercanos (estos primeros a\u00f1os) y el Real Club Golf El Prat estrenar\u00e1 la fiesta.<\/p>\n<p>El Estrella Damm Catalunya Championship se celebrar\u00e1 del 7 al 10 de mayo de 2026 en el Prat<\/p>\n<p data-gtm-element-container=\"modulo-texto-link\" class=\"paragraph\">El conocido recorrido rosa del club ahora situado en Terrassa -tras la ampliaci\u00f3n del aeropuerto de <a href=\"https:\/\/www.lavanguardia.com\/deportes\/resultados\/laliga-primera-division\/calendario\/barcelona\" target=\"_blank\" rel=\"noopener noreferrer nofollow\">Barcelona<\/a> tuvo que relocalizarse-, dise\u00f1ado por Greg Norman, acoger\u00e1 del 7 al 10 de mayo de 2026 el primer Estrella Damm Catalunya Championship, valedero para el Circuito Europeo.<\/p>\n<p data-gtm-element-container=\"modulo-texto-link\" class=\"paragraph\">El club catal\u00e1n acoger\u00e1 as\u00ed por und\u00e9cima vez un torneo de este nivel despu\u00e9s de haber sido sede ya en diez ocasiones del Open de Espa\u00f1a, el torneo m\u00e1s antiguo de la Europa Continental, con la presencia de figuras como Severiano Ballesteros o Sergio Garc\u00eda entre los participantes a lo largo de los a\u00f1os.<\/p>\n<p>        Lee tambi\u00e9n<\/p>\n<p>    Luis Buxeres<\/p>\n<p>             <img loading=\"lazy\" decoding=\"async\" data-full-src=\"https:\/\/www.lavanguardia.com\/uploads\/2025\/07\/25\/688366216c2b5.jpeg\" alt=\"Presentaci\u00f3n de la Ryder Cup 2031 en Camiral\" width=\"104\" height=\"108\" src=\"https:\/\/www.europesays.com\/es\/wp-content\/uploads\/2025\/09\/688366216c2b5.r_d.973-741.jpeg\" class=\"lazy\"\/><\/p>\n","protected":false},"excerpt":{"rendered":"La celebraci\u00f3n de la Ryder Cup en Camiral en 2031 es ahora mismo una peque\u00f1a bola que va&hellip;\n","protected":false},"author":2,"featured_media":106336,"comment_status":"","ping_status":"","sticky":false,"template":"","format":"standard","meta":{"footnotes":""},"categories":[275],"tags":[168,25,24,329,23,167],"class_list":{"0":"post-106335","1":"post","2":"type-post","3":"status-publish","4":"format-standard","5":"has-post-thumbnail","7":"category-golf","8":"tag-deportes","9":"tag-es","10":"tag-espana","11":"tag-golf","12":"tag-spain","13":"tag-sports"},"share_on_mastodon":{"url":"","error":""},"_links":{"self":[{"href":"https:\/\/www.europesays.com\/es\/wp-json\/wp\/v2\/posts\/106335","targetHints":{"allow":["GET"]}}],"collection":[{"href":"https:\/\/www.europesays.com\/es\/wp-json\/wp\/v2\/posts"}],"about":[{"href":"https:\/\/www.europesays.com\/es\/wp-json\/wp\/v2\/types\/post"}],"author":[{"embeddable":true,"href":"https:\/\/www.europesays.com\/es\/wp-json\/wp\/v2\/users\/2"}],"replies":[{"embeddable":true,"href":"https:\/\/www.europesays.com\/es\/wp-json\/wp\/v2\/comments?post=106335"}],"version-history":[{"count":0,"href":"https:\/\/www.europesays.com\/es\/wp-json\/wp\/v2\/posts\/106335\/revisions"}],"wp:featuredmedia":[{"embeddable":true,"href":"https:\/\/www.europesays.com\/es\/wp-json\/wp\/v2\/media\/106336"}],"wp:attachment":[{"href":"https:\/\/www.europesays.com\/es\/wp-json\/wp\/v2\/media?parent=106335"}],"wp:term":[{"taxonomy":"category","embeddable":true,"href":"https:\/\/www.europesays.com\/es\/wp-json\/wp\/v2\/categories?post=106335"},{"taxonomy":"post_tag","embeddable":true,"href":"https:\/\/www.europesays.com\/es\/wp-json\/wp\/v2\/tags?post=106335"}],"curies":[{"name":"wp","href":"https:\/\/api.w.org\/{rel}","templated":true}]}}