{"id":106339,"date":"2025-09-10T21:17:13","date_gmt":"2025-09-10T21:17:13","guid":{"rendered":"https:\/\/www.europesays.com\/es\/106339\/"},"modified":"2025-09-10T21:17:13","modified_gmt":"2025-09-10T21:17:13","slug":"salida-de-la-vuelta-a-espana-en-o-barco-en-medio-de-protestas-a-favor-de-palestina-la-voz-de-galicia","status":"publish","type":"post","link":"https:\/\/www.europesays.com\/es\/106339\/","title":{"rendered":"Salida de La Vuelta a Espa\u00f1a en O Barco, en medio de protestas a favor de Palestina &#8211; La Voz de Galicia"},"content":{"rendered":"<ol>\n<li><a href=\"https:\/\/news.google.com\/rss\/articles\/CBMi0wFBVV95cUxNdjdqdE5xYW1uN18zaWticVZ1MFVKV1JWeGlyMENONW83VlZ2SEdoUWV4aWpFUEtCRlBscGU5ZWJGU01GSm42Vl9kYWpabS1ta1FHQTdNRV91cUpHQlhaZFNxZEEwY0xrTGVWR2tUemJZSHl2RGVacmZpU1ZaT0doVElVYVA2OV9Qb1VsLXVnZFp2YTBsMXh2bGVRYnI2WV84d3lXbmN5M0FJVlNkTEg4M2dqbEVlTEhpYTNpc2NSc1oyLWpLQ19Nekc4d3pYTm1HeE9J?oc=5\" target=\"_blank\" rel=\"nofollow noopener\">Salida de La Vuelta a Espa\u00f1a en O Barco, en medio de protestas a favor de Palestina<\/a>&nbsp;&nbsp;La Voz de Galicia<\/li>\n<li><a href=\"https:\/\/news.google.com\/rss\/articles\/CBMingFBVV95cUxQeFE1cl9mYi1uXzVGUkViTEpESms4a0VRaE5XTVpzTHB1OUFOaFNIcnI3NVZDWnVoTVkwWDlKdzNwMDhoUXJ5MGV0ME5IQlZvSG5NUDBscjNuaE9Na3c5S0hwSEJZNHF0N040cmJtRjBSa3djdlQ0N21MT2JabERNeXhfa0JUMnl2cGZwVVI4N01aYVl3MkpZVXZMQWJaQdIBngFBVV95cUxPRUZ3X3BGRkN5MEdram1kaDY5QUgydzlXcDcxWllaamtLNmVHOEl1b21HX21lNjlFNHY0UGxUZjdoT2puSlFJRF9jMXNSQTdyYVFyOVNOb0tkVXZZbXlLY21yS1NUeDZYQW5PR3lHWXR0cENWOGtaTjVyVE85aW04Q2M3RmgzWTNhRG1BU09CV2p5bTJvSW5Bd0FwQy00QQ?oc=5\" target=\"_blank\" rel=\"nofollow noopener\">Un pelot\u00f3n entre el miedo, el caos y la incertidumbre: \u00abS\u00f3lo somos peones de una partida de ajedrez\u00bb<\/a>&nbsp;&nbsp;El Mundo<\/li>\n<li><a href=\"https:\/\/news.google.com\/rss\/articles\/CBMizAFBVV95cUxOZWtwTkZUMkQzblJVcGdhY0JQUVBBWlFyZE81cWdKcld2TUxVemtKXzdBSF9lcU8xN0pnbW41b01oMXladHRDQUZtX1MwakI1VWJGZFpyWjFTY0ltVnVZUjNvbkJNMUYxdDNCYWFQY2pLNnEyZ3BxWndfTzZ6cF96cm5JXzFOZjBkRGw2cFRVNWtqRVZCX1g4ckxFR3pBLVNsY2dWSlprTG5ScE1UdGNHYkVYSHUzTHF6TXppT1pvMlpwWmFVcGJ5aElYZHbSAegBQVVfeXFMT2FyOGhfN0NKbC1BREY5TFFrTl9fZkxCcGJEUXdNRG5vTThFVnREcDhRTldzWENyc1JKenB6anJvR1hsbnBQSlItTWgzMDlMSUhNdkVMckM0V0pJQWNqZFRiQzZlMFRSOUtYSjh4NVp1TC1RdVhDYUZuZ293cUdkN1JwZWdYZkJzQ2VvZm5NckhxMzFtYUpmSEpSdkp4Wkc0c252d2gzWGQ4SUpMRnpocTdjWlRWMXJNQmhPbDY0eVdKLU5zUkdQOEhtVnR6MGdpSWNrZlFTUVpiY0wxZllmVGc3ekl1MWZPaQ?oc=5\" target=\"_blank\" rel=\"nofollow noopener\">O Barco aguarda la salida de La Vuelta primando la seguridad<\/a>&nbsp;&nbsp;La Voz de Galicia<\/li>\n<li><a href=\"https:\/\/news.google.com\/rss\/articles\/CBMizwFBVV95cUxQNm5QeFZObEUwaEZzUlJVRklnLXF2VTBPc2FsUFhqYm00WEZyZ0pSZm9DWEg1VGtUbU9RZ2pFQXloMVhWdG9oekJGckpaZmVMaXVRVHBFWUNLVkZ3ek90RUUxVnFiTm55UGswUmdaT08wLU1RcmYwRGxXeElXX21PNGFHdjhEZTY1c3Y5OWFOTnhVYjVOZHYtV3M4d3Qtd2ZyNlVYWHdoX3dMS1JZRXNXNk5aWnk0ckRNaEt1TU9xYktGelJTbGk4ZE9XamZoLVU?oc=5\" target=\"_blank\" rel=\"nofollow noopener\">Una gran pintada con los nombres de ni\u00f1os gazat\u00edes asesinados por Israel recibe a La Vuelta a Espa\u00f1a en El Bierzo<\/a>&nbsp;&nbsp;elDiario.es<\/li>\n<li><a href=\"https:\/\/news.google.com\/rss\/articles\/CBMiswFBVV95cUxNYS11dU4za3BjbWN3UmpCaFNmNGV4QjllakxaUEtodG10RUVBYTQzTXZMandsT0R3ekpOS1pjdXVUdnVfb0otLUlselgtNXM3RmZvZFNUUV8zUWpMTzB2cndUaE9sV253UjlIa244bmp3UVNpd2VnZkhGakhSc0VUMjBRYkc4OHpEWTZlTWMzaVFvT1hEME9Ec1pRT2RYTk9WaE9oRWlES0VLeUMzQ0VQd3k5WQ?oc=5\" target=\"_blank\" rel=\"nofollow noopener\">Vecinos de Ponferrada se manifiestan por Palestina ante el paso de la vuelta ciclista<\/a>&nbsp;&nbsp;ABC<\/li>\n<\/ol>\n","protected":false},"excerpt":{"rendered":"Salida de La Vuelta a Espa\u00f1a en O Barco, en medio de protestas a favor de Palestina&nbsp;&nbsp;La Voz&hellip;\n","protected":false},"author":2,"featured_media":106340,"comment_status":"","ping_status":"","sticky":false,"template":"","format":"standard","meta":{"footnotes":""},"categories":[273],"tags":[313,312,168,25,24,36834,76,23,167,5411],"class_list":{"0":"post-106339","1":"post","2":"type-post","3":"status-publish","4":"format-standard","5":"has-post-thumbnail","7":"category-ciclismo","8":"tag-ciclismo","9":"tag-cycling","10":"tag-deportes","11":"tag-es","12":"tag-espana","13":"tag-o-barco-de-valdeorras","14":"tag-palestina","15":"tag-spain","16":"tag-sports","17":"tag-vuelta-a-espana"},"share_on_mastodon":{"url":"","error":""},"_links":{"self":[{"href":"https:\/\/www.europesays.com\/es\/wp-json\/wp\/v2\/posts\/106339","targetHints":{"allow":["GET"]}}],"collection":[{"href":"https:\/\/www.europesays.com\/es\/wp-json\/wp\/v2\/posts"}],"about":[{"href":"https:\/\/www.europesays.com\/es\/wp-json\/wp\/v2\/types\/post"}],"author":[{"embeddable":true,"href":"https:\/\/www.europesays.com\/es\/wp-json\/wp\/v2\/users\/2"}],"replies":[{"embeddable":true,"href":"https:\/\/www.europesays.com\/es\/wp-json\/wp\/v2\/comments?post=106339"}],"version-history":[{"count":0,"href":"https:\/\/www.europesays.com\/es\/wp-json\/wp\/v2\/posts\/106339\/revisions"}],"wp:featuredmedia":[{"embeddable":true,"href":"https:\/\/www.europesays.com\/es\/wp-json\/wp\/v2\/media\/106340"}],"wp:attachment":[{"href":"https:\/\/www.europesays.com\/es\/wp-json\/wp\/v2\/media?parent=106339"}],"wp:term":[{"taxonomy":"category","embeddable":true,"href":"https:\/\/www.europesays.com\/es\/wp-json\/wp\/v2\/categories?post=106339"},{"taxonomy":"post_tag","embeddable":true,"href":"https:\/\/www.europesays.com\/es\/wp-json\/wp\/v2\/tags?post=106339"}],"curies":[{"name":"wp","href":"https:\/\/api.w.org\/{rel}","templated":true}]}}