{"id":106349,"date":"2025-09-10T21:23:11","date_gmt":"2025-09-10T21:23:11","guid":{"rendered":"https:\/\/www.europesays.com\/es\/106349\/"},"modified":"2025-09-10T21:23:11","modified_gmt":"2025-09-10T21:23:11","slug":"las-voces-de-los-invitados-al-festival-internacional-de-literatura-de-cali-2025","status":"publish","type":"post","link":"https:\/\/www.europesays.com\/es\/106349\/","title":{"rendered":"las voces de los invitados al Festival Internacional de Literatura de Cali 2025"},"content":{"rendered":"<p>Desde hace una d\u00e9cada, el <b>Festival Internacional de Literatura Oiga, Mire, Lea,<\/b> que se celebra en el Valle del Cauca,\u00a0se ha consolidado como una apuesta singular y transformadora para acercar los libros y sus creadores a ciudadanos.<\/p>\n<p>El evento re\u00fane escritores nacionales e internacionales de alto nivel. Su sede principal es la Biblioteca Departamental Jorge Garc\u00e9s Borrero, aunque se extiende a varios municipios del departamento.<\/p>\n<p>La edici\u00f3n de este a\u00f1o, que se realiza del 10 al 14 de septiembre, cuenta con 12 autores internacionales y m\u00e1s de 60 escritores locales. En la agenda hay m\u00e1s de 130 actividades entre talleres, conversatorios y presentaciones de libros, dirigidas a p\u00fablicos de todas las edades y en diferentes lugares del departamento.<\/p>\n<p>Con el lema Voces que abrazan, el festival busca fortalecer la identidad cultural y fomentar el turismo literario en la regi\u00f3n. EL TIEMPO, a trav\u00e9s de su m\u00e1s reciente n\u00famero de Lecturas dominicales, habl\u00f3 con varios de los grandes invitados.<\/p>\n","protected":false},"excerpt":{"rendered":"Desde hace una d\u00e9cada, el Festival Internacional de Literatura Oiga, Mire, Lea, que se celebra en el Valle&hellip;\n","protected":false},"author":2,"featured_media":106350,"comment_status":"","ping_status":"","sticky":false,"template":"","format":"standard","meta":{"footnotes":""},"categories":[172],"tags":[224,146,147,25,24,4207,36839,225,34878,36838,23,5529],"class_list":{"0":"post-106349","1":"post","2":"type-post","3":"status-publish","4":"format-standard","5":"has-post-thumbnail","7":"category-libros","8":"tag-books","9":"tag-entertainment","10":"tag-entretenimiento","11":"tag-es","12":"tag-espana","13":"tag-las","14":"tag-lea","15":"tag-libros","16":"tag-mire","17":"tag-oiga","18":"tag-spain","19":"tag-voces"},"share_on_mastodon":{"url":"","error":""},"_links":{"self":[{"href":"https:\/\/www.europesays.com\/es\/wp-json\/wp\/v2\/posts\/106349","targetHints":{"allow":["GET"]}}],"collection":[{"href":"https:\/\/www.europesays.com\/es\/wp-json\/wp\/v2\/posts"}],"about":[{"href":"https:\/\/www.europesays.com\/es\/wp-json\/wp\/v2\/types\/post"}],"author":[{"embeddable":true,"href":"https:\/\/www.europesays.com\/es\/wp-json\/wp\/v2\/users\/2"}],"replies":[{"embeddable":true,"href":"https:\/\/www.europesays.com\/es\/wp-json\/wp\/v2\/comments?post=106349"}],"version-history":[{"count":0,"href":"https:\/\/www.europesays.com\/es\/wp-json\/wp\/v2\/posts\/106349\/revisions"}],"wp:featuredmedia":[{"embeddable":true,"href":"https:\/\/www.europesays.com\/es\/wp-json\/wp\/v2\/media\/106350"}],"wp:attachment":[{"href":"https:\/\/www.europesays.com\/es\/wp-json\/wp\/v2\/media?parent=106349"}],"wp:term":[{"taxonomy":"category","embeddable":true,"href":"https:\/\/www.europesays.com\/es\/wp-json\/wp\/v2\/categories?post=106349"},{"taxonomy":"post_tag","embeddable":true,"href":"https:\/\/www.europesays.com\/es\/wp-json\/wp\/v2\/tags?post=106349"}],"curies":[{"name":"wp","href":"https:\/\/api.w.org\/{rel}","templated":true}]}}