{"id":106353,"date":"2025-09-10T21:25:10","date_gmt":"2025-09-10T21:25:10","guid":{"rendered":"https:\/\/www.europesays.com\/es\/106353\/"},"modified":"2025-09-10T21:25:10","modified_gmt":"2025-09-10T21:25:10","slug":"lyric-video-de-lacuna-coil-estrella-negra-en-granada-horarios-del-kristonfest","status":"publish","type":"post","link":"https:\/\/www.europesays.com\/es\/106353\/","title":{"rendered":"Lyric v\u00eddeo de LACUNA COIL. ESTRELLA NEGRA en Granada. Horarios del Kristonfest."},"content":{"rendered":"<p>\u00a0<\/p>\n<p style=\"text-align: center;\"><strong><a href=\"#LACUNA\">Lyric v\u00eddeo de LACUNA COIL<\/a> \u2013 <a href=\"#ESTRELLA\">ESTRELLA NEGRA en Granada<\/a> \u2013 <a href=\"#Kristonfest\">Horarios del Kristonfest<\/a>.<\/strong><\/p>\n<p>A continuaci\u00f3n ten\u00e9is el nuevo lyric v\u00eddeo de <a href=\"https:\/\/www.facebook.com\/lacunacoil\" target=\"_blank\" rel=\"noopener nofollow\"><strong>LACUNA COIL<\/strong><\/a> \u201cIn Nomine Patris\u201d.<\/p>\n<p>El 14 de febrero vio la luz a trav\u00e9s de Century Media el nuevo disco de <a href=\"https:\/\/www.facebook.com\/lacunacoil\" target=\"_blank\" rel=\"noopener nofollow\"><strong>LACUNA COIL<\/strong><\/a> \u201cSleepless Empire\u201d.<\/p>\n<p>El pr\u00f3ximo 16 de octubre de 2025<strong>\u00a0<\/strong><a href=\"https:\/\/lacunacoil.com\/\" target=\"_blank\" rel=\"noopener nofollow\"><strong>LACUNA COIL<\/strong><\/a>\u00a0estar\u00e1n en La Riviera de Madrid, el 18 en la Custom de Sevilla, y el 20 en la Apolo de Barcelona.<\/p>\n<p><a href=\"https:\/\/www.madnesslive.es\/es\/pagina\/289-lacuna-coil-regresan-a-espana-en-octubre-con-sleepless-empire\" target=\"_blank\" rel=\"noopener nofollow\">Entradas e informaci\u00f3n, aqu\u00ed<\/a>.<\/p>\n<p>Todos los detalles sobre \u201cSleepless Empire\u201d en esta <a href=\"https:\/\/www.rafabasa.com\/2024\/10\/02\/lacuna-coil-k-k-s-priest-vinodium\/#LACUNA_COIL\" target=\"_blank\" rel=\"noopener nofollow\">noticia<\/a> y otro adelanto en <a href=\"https:\/\/www.rafabasa.com\/2025\/01\/09\/lacuna-coil-exodus-bullet\/#LACUNA_COIL\" target=\"_blank\" rel=\"noopener nofollow\">esta<\/a>.<\/p>\n<p><img fetchpriority=\"high\" decoding=\"async\" src=\"https:\/\/www.europesays.com\/es\/wp-content\/uploads\/2025\/09\/lacuna2019_4.jpg\" alt=\"LACUNA COIL\" width=\"500\" height=\"750\"\/><\/p>\n<p>\u00a0<\/p>\n<p><strong>ESTRELLA NEGRA<\/strong> tocar\u00e1n el 4 de octubre en la sala Track\u2019s Club de Granada acompa\u00f1ados por ESKOBULA.<\/p>\n<p>A finales del pasado a\u00f1o editaron su nuevo disco \u201cLa profec\u00eda\u201d. Ten\u00e9is todos los detalles en esta <a href=\"https:\/\/www.rafabasa.com\/2024\/10\/29\/estrella-negra-lanzaron-la-profecia-os-recordamos-detalles-de-la-banda-malaguena-y-su-album\/\" target=\"_blank\" rel=\"noopener nofollow\">noticia<\/a>.<\/p>\n<p>En este <a href=\"https:\/\/www.rafabasa.com\/2024\/11\/05\/estrella-negra-entrevista-sobre-su-album-la-profecia-y-mas\/\" target=\"_blank\" rel=\"noopener nofollow\">enlace<\/a> pod\u00e9is leer nuestra \u00faltima entrevista con la banda.<\/p>\n<p>Nuestra cr\u00edtica del disco <a href=\"https:\/\/www.rafabasa.com\/2024\/10\/17\/critica-del-cd-de-estrella-negra-la-profecia\/\" target=\"_blank\" rel=\"noopener nofollow\">aqu\u00ed<\/a>.<\/p>\n<p>M\u00e1s sobre la banda en este <a href=\"https:\/\/www.rafabasa.com\/2021\/05\/09\/fear-factory-johnny-solinger-estrella-negra\/#ESTRELLA_NEGRA\" target=\"_blank\" rel=\"noopener nofollow\">noticia<\/a>.<\/p>\n<p><img loading=\"lazy\" decoding=\"async\" src=\"https:\/\/www.europesays.com\/es\/wp-content\/uploads\/2025\/09\/estrella_negra2024_1.jpg\" alt=\"ESTRELLA NEGRA\" width=\"500\" height=\"417\"\/><\/p>\n<p>\u00a0<\/p>\n<p>La pr\u00f3xima entrega del festival <strong>Kristonfest<\/strong> se celebrar\u00e1 el 20 de septiembre en la sala Santana 27 de Bilbao.<\/p>\n<p>Estas son las bandas participantes y horarios:<\/p>\n<ul>\n<li>Apertura de puertas y taquillas 19:00h<\/li>\n<li>STONED JESUS 19:30h<\/li>\n<li>MOTORPSYCHO 21:00h<\/li>\n<li>COLOUR HAZE 22:45h<\/li>\n<\/ul>\n<p>M\u00e1s detalles en este <a href=\"https:\/\/l.facebook.com\/l.php?u=http%3A%2F%2Fwww.kristonfest.com%2F%3Ffbclid%3DIwZXh0bgNhZW0CMTAAAR7J0lDbPyU6BtZ45jhyvCQn4ldBoR4-FLTEg9y9TTEQIveaqmFl0xELO8M99A_aem_ZL9lLrYHJM58xGp6nS7mGg&amp;h=AT1T_ht8IEf4CeOSqJ0f6VvD8Te7XkcGnPsV7NUSr9GLqLaPBK06Xtrnp3Kc5xwUQFcPzlvzqAaFmcKh8c2lCR3f3n9ENfMb6lLkoFZA2N1gUSg6prInvRjx3NnUBOWCgmK8DyXlXa9B3GQk&amp;__tn__=-UK-R&amp;c%5b0%5d=AT3NZIzLMnhwgoUJsFIh3XVk6_5fd4Q-5Ir658kStBf-8nVGGugwTupNftz4MUFIUJioGsODe9yE0PQdC0B2bZIgemZlu1LJbRC4GesKgZzxVprUclaNKUX347fnRPHNd8XMDeHSZYtkGVaGYrvR7Ur-CYNlEHPpxOe1uLAoZRjt1PuHgynMngiMvfxoVWdeA1ZgKUhmd2kmMSrYTSIie4sOJzrF\" target=\"_blank\" rel=\"noopener nofollow\">enlace<\/a>.<\/p>\n<p align=\"center\"><strong>Sigue el\u00a0<a href=\"https:\/\/whatsapp.com\/channel\/0029VaCprxVBA1f555USvT2O\" target=\"_blank\" rel=\"nofollow noopener\">Canal de RAFABASA.COM en WhatsApp<\/a>, donde encontrar\u00e1s todas nuestras novedades al instante<\/strong><\/p>\n<p>\u00a0<\/p>\n<p>\u00a0<\/p>\n","protected":false},"excerpt":{"rendered":"\u00a0 Lyric v\u00eddeo de LACUNA COIL \u2013 ESTRELLA NEGRA en Granada \u2013 Horarios del Kristonfest. A continuaci\u00f3n ten\u00e9is&hellip;\n","protected":false},"author":2,"featured_media":106354,"comment_status":"","ping_status":"","sticky":false,"template":"","format":"standard","meta":{"footnotes":""},"categories":[170],"tags":[146,147,25,24,36840,36841,36842,184,185,23],"class_list":{"0":"post-106353","1":"post","2":"type-post","3":"status-publish","4":"format-standard","5":"has-post-thumbnail","7":"category-musica","8":"tag-entertainment","9":"tag-entretenimiento","10":"tag-es","11":"tag-espana","12":"tag-estrella-negra","13":"tag-kristonfest","14":"tag-lacuna-coil","15":"tag-music","16":"tag-musica","17":"tag-spain"},"share_on_mastodon":{"url":"","error":""},"_links":{"self":[{"href":"https:\/\/www.europesays.com\/es\/wp-json\/wp\/v2\/posts\/106353","targetHints":{"allow":["GET"]}}],"collection":[{"href":"https:\/\/www.europesays.com\/es\/wp-json\/wp\/v2\/posts"}],"about":[{"href":"https:\/\/www.europesays.com\/es\/wp-json\/wp\/v2\/types\/post"}],"author":[{"embeddable":true,"href":"https:\/\/www.europesays.com\/es\/wp-json\/wp\/v2\/users\/2"}],"replies":[{"embeddable":true,"href":"https:\/\/www.europesays.com\/es\/wp-json\/wp\/v2\/comments?post=106353"}],"version-history":[{"count":0,"href":"https:\/\/www.europesays.com\/es\/wp-json\/wp\/v2\/posts\/106353\/revisions"}],"wp:featuredmedia":[{"embeddable":true,"href":"https:\/\/www.europesays.com\/es\/wp-json\/wp\/v2\/media\/106354"}],"wp:attachment":[{"href":"https:\/\/www.europesays.com\/es\/wp-json\/wp\/v2\/media?parent=106353"}],"wp:term":[{"taxonomy":"category","embeddable":true,"href":"https:\/\/www.europesays.com\/es\/wp-json\/wp\/v2\/categories?post=106353"},{"taxonomy":"post_tag","embeddable":true,"href":"https:\/\/www.europesays.com\/es\/wp-json\/wp\/v2\/tags?post=106353"}],"curies":[{"name":"wp","href":"https:\/\/api.w.org\/{rel}","templated":true}]}}