{"id":106369,"date":"2025-09-10T21:34:29","date_gmt":"2025-09-10T21:34:29","guid":{"rendered":"https:\/\/www.europesays.com\/es\/106369\/"},"modified":"2025-09-10T21:34:29","modified_gmt":"2025-09-10T21:34:29","slug":"los-ciclistas-acuerdan-que-pararan-las-etapas-de-la-vuelta-si-ven-su-seguridad-en-riesgo","status":"publish","type":"post","link":"https:\/\/www.europesays.com\/es\/106369\/","title":{"rendered":"Los ciclistas acuerdan que parar\u00e1n las etapas de La Vuelta si ven su seguridad en riesgo"},"content":{"rendered":"<p class=\"article-text\">\n        La CPA (Asociaci\u00f3n Internacional de Ciclistas Profesionales), el sindicato mayoritario de corredores, acord\u00f3 en la pasada etapa de La Vuelta que parar\u00e1n la jornada de este mi\u00e9rcoles si ven su seguridad en riesgo. <a href=\"https:\/\/www.eurosport.es\/ciclismo\/vuelta-a-espana\/2025\/protestas-palestina-escalada-violencia-corredores-quejas-peloton-jonas-gregaard-daan-hoole-orina-chinchetas-votacion-cpa-neutralizacion_sto23220273\/story.shtml\" target=\"_blank\" data-mrf-recirculation=\"links-noticia\" class=\"link\" rel=\"nofollow noopener\">Seg\u00fan informa Eurosport<\/a>, votaron los 23 equipos presentes en la carrera y decidieron continuar, pero como la salvaguarda de detener la competici\u00f3n si hay sucesos graves que alteren la carrera.\n    <\/p>\n<p class=\"article-text\">\n        De momento, una gran pintada con los nombres de ni\u00f1os gazat\u00edes asesinados por Israel ha recibido a La Vuelta a Espa\u00f1a en El Bierzo. El martes la etapa se detuvo ocho kil\u00f3metros antes de lo previsto <a href=\"https:\/\/www.eldiario.es\/galicia\/masiva-protesta-propalestina-galicia-obliga-adelantar-ocho-kilometros-meta-vuelta-espana_1_12589828.html\" target=\"_blank\" data-mrf-recirculation=\"links-noticia\" class=\"link\" rel=\"nofollow noopener\">por el tama\u00f1o de las protestas en Galicia.<\/a>\n    <\/p>\n<p class=\"article-text\">\n        M\u00e1s de mil polic\u00edas se desplegar\u00e1n este fin de semana en Madrid para velar por la seguridad de la Vuelta Ciclista a Espa\u00f1a ante las protestas que se est\u00e1n sucediendo por la participaci\u00f3n del equipo Israel Premier Tech mientras contin\u00faan los ataques sobre la poblaci\u00f3n palestina.\n    <\/p>\n<p>    <a href=\"https:\/\/elbierzo.eldiario.es\/comarca\/gran-pintada-nombres-ninos-gazaties-asesinados-israel-recibe-vuelta-espana-bierzo_1_12592090.html?_gl=1*ixxbee*_gcl_au*MTA2NDA3NjI1LjE3NTUyNzE2ODg.*_ga*MTQ1Nzg1MTQ3Ny4xNzU0OTA3NDgz*_ga_4RZPWREGF3*czE3NTc0Nzk5MDIkbzY5JGcxJHQxNzU3NTA4NzI5JGo2MCRsMCRoMA..\" data-mrf-recirculation=\"saber-mas-abajo\" data-dl-event=\"saber-mas-abajo\" rel=\"nofollow noopener\" target=\"_blank\"><\/p>\n<p class=\"know-more__title\">Una gran pintada con los nombres de ni\u00f1os gazat\u00edes asesinados por Israel recibe a La Vuelta a Espa\u00f1a en El Bierzo\n<\/p>\n<p>            <\/a><\/p>\n<p class=\"article-text\">\n        Este dispositivo especial contar\u00e1 en concreto con la colaboraci\u00f3n de 1.100 polic\u00edas nacionales y otros 400 guardias civiles, seg\u00fan se ha acordado en la reuni\u00f3n de seguridad que ha mantenido este mi\u00e9rcoles el delegado del Gobierno en Madrid, Francisco Mart\u00edn, con representantes de las Fuerzas y Cuerpos de Seguridad, incluyendo adem\u00e1s polic\u00edas locales de los municipios por los que discurrir\u00e1n las etapas.\n    <\/p>\n","protected":false},"excerpt":{"rendered":"La CPA (Asociaci\u00f3n Internacional de Ciclistas Profesionales), el sindicato mayoritario de corredores, acord\u00f3 en la pasada etapa de&hellip;\n","protected":false},"author":2,"featured_media":106370,"comment_status":"","ping_status":"","sticky":false,"template":"","format":"standard","meta":{"footnotes":""},"categories":[5],"tags":[6886,17,18,2838,25,24,7167,13,14,11,19,20,9,10,15,16,36843,1288,585,688,23,12,21,22,36624,1357],"class_list":{"0":"post-106369","1":"post","2":"type-post","3":"status-publish","4":"format-standard","5":"has-post-thumbnail","7":"category-titulares","8":"tag-acuerdan","9":"tag-breaking-news","10":"tag-breakingnews","11":"tag-ciclistas","12":"tag-es","13":"tag-espana","14":"tag-etapas","15":"tag-featured-news","16":"tag-featurednews","17":"tag-headlines","18":"tag-latest-news","19":"tag-latestnews","20":"tag-news","21":"tag-noticias","22":"tag-noticias-destacadas","23":"tag-noticiasdestacadas","24":"tag-pararan","25":"tag-riesgo","26":"tag-seguridad","27":"tag-si","28":"tag-spain","29":"tag-titulares","30":"tag-ultimas-noticias","31":"tag-ultimasnoticias","32":"tag-ven","33":"tag-vuelta"},"share_on_mastodon":{"url":"","error":""},"_links":{"self":[{"href":"https:\/\/www.europesays.com\/es\/wp-json\/wp\/v2\/posts\/106369","targetHints":{"allow":["GET"]}}],"collection":[{"href":"https:\/\/www.europesays.com\/es\/wp-json\/wp\/v2\/posts"}],"about":[{"href":"https:\/\/www.europesays.com\/es\/wp-json\/wp\/v2\/types\/post"}],"author":[{"embeddable":true,"href":"https:\/\/www.europesays.com\/es\/wp-json\/wp\/v2\/users\/2"}],"replies":[{"embeddable":true,"href":"https:\/\/www.europesays.com\/es\/wp-json\/wp\/v2\/comments?post=106369"}],"version-history":[{"count":0,"href":"https:\/\/www.europesays.com\/es\/wp-json\/wp\/v2\/posts\/106369\/revisions"}],"wp:featuredmedia":[{"embeddable":true,"href":"https:\/\/www.europesays.com\/es\/wp-json\/wp\/v2\/media\/106370"}],"wp:attachment":[{"href":"https:\/\/www.europesays.com\/es\/wp-json\/wp\/v2\/media?parent=106369"}],"wp:term":[{"taxonomy":"category","embeddable":true,"href":"https:\/\/www.europesays.com\/es\/wp-json\/wp\/v2\/categories?post=106369"},{"taxonomy":"post_tag","embeddable":true,"href":"https:\/\/www.europesays.com\/es\/wp-json\/wp\/v2\/tags?post=106369"}],"curies":[{"name":"wp","href":"https:\/\/api.w.org\/{rel}","templated":true}]}}