{"id":106379,"date":"2025-09-10T21:40:08","date_gmt":"2025-09-10T21:40:08","guid":{"rendered":"https:\/\/www.europesays.com\/es\/106379\/"},"modified":"2025-09-10T21:40:08","modified_gmt":"2025-09-10T21:40:08","slug":"la-crono-de-valladolid-recortada-a-12-km-para-una-mayor-proteccion","status":"publish","type":"post","link":"https:\/\/www.europesays.com\/es\/106379\/","title":{"rendered":"La crono de Valladolid, recortada a 12 km \u201cpara una mayor protecci\u00f3n\u201d"},"content":{"rendered":"<p class=\"\">La contrarreloj de <a href=\"https:\/\/as.com\/ciclismo\/vuelta_espana\/\" target=\"_self\" rel=\"nofollow noopener\" title=\"https:\/\/as.com\/ciclismo\/vuelta_espana\/\">La Vuelta<\/a> en Valladolid de este jueves sufre una importante modificaci\u00f3n. <b>De los 27,2 km que deb\u00edan recorrer los protagonistas finalmente tan solo ser\u00e1 12,2 km<\/b> los que compondr\u00e1n esta 18\u00aa jornada. Este jueves <a href=\"https:\/\/as.com\/ciclismo\/vuelta_espana\/la-vuelta-pide-un-sos-n\/\" target=\"_self\" rel=\"nofollow noopener\" title=\"https:\/\/as.com\/ciclismo\/vuelta_espana\/la-vuelta-pide-un-sos-n\/\"><b>est\u00e1 prevista una numerosa presencia de manifestantes<\/b><\/a><b> a favor de Palestina y en contra de la participaci\u00f3n del equipo Israel<\/b>. Siendo la contrarreloj una modalidad m\u00e1s vulnerable, al rodar cada corredor en solitario, <b>se toma esta medida para <\/b><a href=\"https:\/\/as.com\/ciclismo\/vuelta_espana\/la-corredores-se-protegen-pararan-las-etapas-o-incluso-la-vuelta-entera-n\/\" target=\"_self\" rel=\"nofollow noopener\" title=\"https:\/\/as.com\/ciclismo\/vuelta_espana\/la-corredores-se-protegen-pararan-las-etapas-o-incluso-la-vuelta-entera-n\/\"><b>poder abarcar la seguridad del recorrido en su totalidad.<\/b><\/a><\/p>\n<p><img decoding=\"async\" src=\"https:\/\/www.europesays.com\/es\/wp-content\/uploads\/2025\/09\/EUURXBUYVBCQBBYXWOSNZME6CY.jpg\" alt=\"La crono de Valladolid, recortada a 12 km \u201cpara una mayor protecci\u00f3n\u201d\" height=\"759\" width=\"1152\"   loading=\"lazy\"\/><\/p>\n<p class=\"\"><b>\u201cCon el objetivo de dotar de una mayor protecci\u00f3n el desarrollo de la etapa, la organizaci\u00f3n de La Vuelta<\/b>, en coordinaci\u00f3n con el Ayuntamiento de Valladolid y tras consultarlo con el Colegio de Comisarios ha decidido que la etapa contrarreloj de ma\u00f1ana se dispute sobre un recorrido de 12,2 km, <b>manteniendo la salida y la meta inicialmente previstas\u201d,<\/b> cuenta La Vuelta en un comunicado emitido a las 21:00. <\/p>\n<p class=\"\"><b>A las 14:35 arrancar\u00e1 el primer corredor<\/b>, Oscar Riesebeek, mientras <a href=\"https:\/\/as.com\/ciclismo\/vuelta_espana\/vingegaard-puedo-estar-contento-de-como-fue-el-dia-n\/\" target=\"_self\" rel=\"nofollow noopener\" title=\"https:\/\/as.com\/ciclismo\/vuelta_espana\/vingegaard-puedo-estar-contento-de-como-fue-el-dia-n\/\">que el que cerrar\u00e1 la jornada ser\u00e1 Jonas Vingegaard<\/a>, partiendo a las 17:17. Un recorte que cambia de gran manera una etapa que se antojaba, <b>y antoja pese a todo, decisiva para el devenir de esta Vuelta con el citado dan\u00e9s y Almeida, el pen\u00faltimo en realizar los 12,2 km, <\/b>separados en estos momentos por 50\u2033 en la general.<\/p>\n<p>Podemos pide bloquear la etapa<\/p>\n<p class=\"\">Los pol\u00edticos tampoco han contribuido a relajar el clima de tensi\u00f3n.<b> Pablo Fern\u00e1ndez, secretario de Organizaci\u00f3n y coportavoz de Podemos<\/b>, hizo un llamamiento a que se <b>\u201cbloquee\u201d la contrarreloj y a \u201cimpedir\u201d que la etapa concluya.<\/b> El tambi\u00e9n procurador en las Cortes de Castilla y Le\u00f3n calific\u00f3 como \u201cuna aut\u00e9ntica verg\u00fcenza\u201d que la Vuelta y la UCI permitan <b>\u201cque se limpie la imagen de este genocidio\u201d. <\/b><\/p>\n<p>Noticias relacionadas<\/p>\n<p class=\"\">A la par, la Justicia ha comenzado a actuar. <b>El juez de la Audiencia Nacional Santiago Pedraz<\/b> ha consultado a la <b>Fiscal\u00eda <\/b>si es competente para investigar la denuncia presentada por una asociaci\u00f3n (Acci\u00f3n y Comunicaci\u00f3n sobre Oriente Medio) sobre un <b>presunto delito de odio en las protestas contra el Israel<\/b>. Una acci\u00f3n que abarcar\u00eda a la red RESCOP\/BDS y a formaciones como EH Bildu, Podemos, Izquierda Unida y Sumar e, incluso, contra el director deportivo de La Vuelta, Kiko Garc\u00eda. <\/p>\n<p class=\"\"><b>\u00a1Tus opiniones importan!<\/b> Comenta en los art\u00edculos y suscr\u00edbete gratis a nuestra <a href=\"https:\/\/asfan.as.com\/newsletters\/\" target=\"_blank\" rel=\"nofollow noopener\" title=\"https:\/\/asfan.as.com\/newsletters\/\">newsletter<\/a> y a las alertas informativas en la <a href=\"https:\/\/as.com\/aplicacion-de-as-n\/\" target=\"_blank\" rel=\"nofollow noopener\" title=\"https:\/\/as.com\/aplicacion-de-as-n\/\">App<\/a> o el canal de <a href=\"https:\/\/www.whatsapp.com\/channel\/0029VaAasdA7j6g745nz9M10\" target=\"_blank\" rel=\"nofollow noopener\" title=\"https:\/\/www.whatsapp.com\/channel\/0029VaAasdA7j6g745nz9M10\">WhatsApp<\/a>. \u00bfBuscas licenciar contenido? Haz clic <a href=\"https:\/\/profesional.elpais.com\/soluciones-sindicacion?utm_medium=interno&amp;utm_source=crosslinking&amp;utm_campaign=sindicacion_as_pie_articulos\" target=\"_blank\" rel=\"nofollow noopener\" title=\"https:\/\/profesional.elpais.com\/soluciones-sindicacion?utm_medium=interno&amp;utm_source=crosslinking&amp;utm_campaign=sindicacion_as_pie_articulos\">aqu\u00ed<\/a><\/p>\n","protected":false},"excerpt":{"rendered":"La contrarreloj de La Vuelta en Valladolid de este jueves sufre una importante modificaci\u00f3n. De los 27,2 km&hellip;\n","protected":false},"author":2,"featured_media":106380,"comment_status":"","ping_status":"","sticky":false,"template":"","format":"standard","meta":{"footnotes":""},"categories":[273],"tags":[313,312,168,25,24,23,167],"class_list":{"0":"post-106379","1":"post","2":"type-post","3":"status-publish","4":"format-standard","5":"has-post-thumbnail","7":"category-ciclismo","8":"tag-ciclismo","9":"tag-cycling","10":"tag-deportes","11":"tag-es","12":"tag-espana","13":"tag-spain","14":"tag-sports"},"share_on_mastodon":{"url":"","error":""},"_links":{"self":[{"href":"https:\/\/www.europesays.com\/es\/wp-json\/wp\/v2\/posts\/106379","targetHints":{"allow":["GET"]}}],"collection":[{"href":"https:\/\/www.europesays.com\/es\/wp-json\/wp\/v2\/posts"}],"about":[{"href":"https:\/\/www.europesays.com\/es\/wp-json\/wp\/v2\/types\/post"}],"author":[{"embeddable":true,"href":"https:\/\/www.europesays.com\/es\/wp-json\/wp\/v2\/users\/2"}],"replies":[{"embeddable":true,"href":"https:\/\/www.europesays.com\/es\/wp-json\/wp\/v2\/comments?post=106379"}],"version-history":[{"count":0,"href":"https:\/\/www.europesays.com\/es\/wp-json\/wp\/v2\/posts\/106379\/revisions"}],"wp:featuredmedia":[{"embeddable":true,"href":"https:\/\/www.europesays.com\/es\/wp-json\/wp\/v2\/media\/106380"}],"wp:attachment":[{"href":"https:\/\/www.europesays.com\/es\/wp-json\/wp\/v2\/media?parent=106379"}],"wp:term":[{"taxonomy":"category","embeddable":true,"href":"https:\/\/www.europesays.com\/es\/wp-json\/wp\/v2\/categories?post=106379"},{"taxonomy":"post_tag","embeddable":true,"href":"https:\/\/www.europesays.com\/es\/wp-json\/wp\/v2\/tags?post=106379"}],"curies":[{"name":"wp","href":"https:\/\/api.w.org\/{rel}","templated":true}]}}