{"id":106389,"date":"2025-09-10T21:47:07","date_gmt":"2025-09-10T21:47:07","guid":{"rendered":"https:\/\/www.europesays.com\/es\/106389\/"},"modified":"2025-09-10T21:47:07","modified_gmt":"2025-09-10T21:47:07","slug":"david-broncano-para-los-pies-al-hombre-magico-de-la-revuelta-tras-los-comentarios-de-algunos-padres-por-no-mandar-a-los-ninos-a-dormir","status":"publish","type":"post","link":"https:\/\/www.europesays.com\/es\/106389\/","title":{"rendered":"David Broncano para los pies al hombre m\u00e1gico de &#8216;La Revuelta&#8217; tras los comentarios de algunos padres por no mandar a los ni\u00f1os a dormir"},"content":{"rendered":"<p class=\"c-paragraph\">Parece que los ni\u00f1os hacen caso al hombre m\u00e1gico de <a href=\"https:\/\/www.20minutos.es\/tags\/temas\/la-revuelta.html\" title=\"La Revuelta\" rel=\"nofollow noopener\" target=\"_blank\">La Revuelta<\/a>\u00a0cuando es la hora de irse a la cama. Y es que, despu\u00e9s de que <b>este martes les pidiera que se quedaran despiertos para no perder audiencia<\/b>, <a href=\"https:\/\/www.20minutos.es\/tags\/personas\/broncano.html\" title=\"David Broncano\" rel=\"nofollow noopener\" target=\"_blank\">David Broncano<\/a> le pidi\u00f3 que no lo hiciera m\u00e1s porque han recibido comentarios de algunos padres.<\/p>\n<p class=\"c-paragraph\">No es <a href=\"https:\/\/www.20minutos.es\/tags\/instituciones-empresas\/los-lunnis.html\" title=\"Los Lunnis\" rel=\"nofollow noopener\" target=\"_blank\">Los Lunnis<\/a>, pero Pepe Mac\u00edas, quien da vida al personaje, se ha convertido en una figura indispensable para mandar a los ni\u00f1os a dormir. Y as\u00ed se puede comprobar con <b>las consecuencias que tuvieron sus palabras<\/b>.<\/p>\n<p class=\"c-paragraph\">\u00abPeques, el descanso est\u00e1 sobrevalorado. <b>Ocho horas de sue\u00f1o est\u00e1 muy bien, pero la audiencia quiz\u00e1 es m\u00e1s importante<\/b>. Acostaros dentro de una hora y ya recuperar\u00e9is el sue\u00f1o ma\u00f1ana en clase de mates\u00bb, fue lo que dijo el martes el hombre m\u00e1gico.<\/p>\n<p class=\"c-paragraph\">Y este mi\u00e9rcoles, parec\u00eda que iba en el mismo sentido: \u00abNo ten\u00e9is que iros a dormir\u00bb. Aun as\u00ed, el presentador le interrumpi\u00f3 de repente:\u00a0\u00ab<b>Paradlo hoy<\/b>\u00ab.<\/p>\n<p class=\"c-paragraph\">\u00abDijimos el otro d\u00eda que los ni\u00f1os no se acostasen para no perder audiencia\u00bb, record\u00f3 el c\u00f3mico. \u00abY esto es real, <b>padres y madres de Espa\u00f1a dici\u00e9ndonos &#8216;c\u00f3mo hab\u00e9is hecho eso, desgraciados<\/b>, ahora al ni\u00f1o no le acuesta nadie\u00bb.<\/p>\n<p class=\"c-paragraph\">Tras este comentario, Pepe Mac\u00edas cambi\u00f3 su discurso. \u00abPeques, ma\u00f1ana es el d\u00eda en el que podr\u00e1s descansar si tienes aud\u00edmetro, porque te tienes que quedar un par de horas m\u00e1s. Y, <b>si no tienes aud\u00edmetro, a la cama<\/b>\u00ab, matiz\u00f3, haciendo un chiste con los dispositivos que tienen algunas casas que sirven para medir la audiencia.<\/p>\n","protected":false},"excerpt":{"rendered":"Parece que los ni\u00f1os hacen caso al hombre m\u00e1gico de La Revuelta\u00a0cuando es la hora de irse a&hellip;\n","protected":false},"author":2,"featured_media":106390,"comment_status":"","ping_status":"","sticky":false,"template":"","format":"standard","meta":{"footnotes":""},"categories":[171],"tags":[13289,146,147,25,24,366,36847,36846,528,23,214],"class_list":{"0":"post-106389","1":"post","2":"type-post","3":"status-publish","4":"format-standard","5":"has-post-thumbnail","7":"category-tv","8":"tag-broncano","9":"tag-entertainment","10":"tag-entretenimiento","11":"tag-es","12":"tag-espana","13":"tag-hombre","14":"tag-magico","15":"tag-pies","16":"tag-revuelta","17":"tag-spain","18":"tag-tv"},"share_on_mastodon":{"url":"","error":""},"_links":{"self":[{"href":"https:\/\/www.europesays.com\/es\/wp-json\/wp\/v2\/posts\/106389","targetHints":{"allow":["GET"]}}],"collection":[{"href":"https:\/\/www.europesays.com\/es\/wp-json\/wp\/v2\/posts"}],"about":[{"href":"https:\/\/www.europesays.com\/es\/wp-json\/wp\/v2\/types\/post"}],"author":[{"embeddable":true,"href":"https:\/\/www.europesays.com\/es\/wp-json\/wp\/v2\/users\/2"}],"replies":[{"embeddable":true,"href":"https:\/\/www.europesays.com\/es\/wp-json\/wp\/v2\/comments?post=106389"}],"version-history":[{"count":0,"href":"https:\/\/www.europesays.com\/es\/wp-json\/wp\/v2\/posts\/106389\/revisions"}],"wp:featuredmedia":[{"embeddable":true,"href":"https:\/\/www.europesays.com\/es\/wp-json\/wp\/v2\/media\/106390"}],"wp:attachment":[{"href":"https:\/\/www.europesays.com\/es\/wp-json\/wp\/v2\/media?parent=106389"}],"wp:term":[{"taxonomy":"category","embeddable":true,"href":"https:\/\/www.europesays.com\/es\/wp-json\/wp\/v2\/categories?post=106389"},{"taxonomy":"post_tag","embeddable":true,"href":"https:\/\/www.europesays.com\/es\/wp-json\/wp\/v2\/tags?post=106389"}],"curies":[{"name":"wp","href":"https:\/\/api.w.org\/{rel}","templated":true}]}}