{"id":106402,"date":"2025-09-10T21:55:12","date_gmt":"2025-09-10T21:55:12","guid":{"rendered":"https:\/\/www.europesays.com\/es\/106402\/"},"modified":"2025-09-10T21:55:12","modified_gmt":"2025-09-10T21:55:12","slug":"von-der-leyen-rompe-tabues-con-gaza-arropa-a-ucrania-y-defiende-el-acuerdo-con-trump-europa-esta-en-lucha","status":"publish","type":"post","link":"https:\/\/www.europesays.com\/es\/106402\/","title":{"rendered":"Von der Leyen rompe tab\u00faes con Gaza, arropa a Ucrania y defiende el acuerdo con Trump: \u00abEuropa est\u00e1 en lucha\u00bb"},"content":{"rendered":"<p class=\"c-paragraph\">La <a href=\"https:\/\/www.20minutos.es\/tags\/lugares\/union-europea.html\" rel=\"nofollow noopener\" target=\"_blank\">UE<\/a> lleva a\u00f1os en su momento de la verdad y tras un verano de muchos errores <b>lleg\u00f3 Ursula von der Leyen al discurso sobre el estado de la Uni\u00f3n<\/b> este mi\u00e9rcoles en el pleno del <a href=\"https:\/\/www.20minutos.es\/tags\/lugares\/union-europea.html\" rel=\"nofollow noopener\" target=\"_blank\">Parlamento Europeo<\/a> en Estrasburgo; para pasar revista, para explicarse y para mostrar que no todo est\u00e1 perdido&#8230; o al menos para intentar ense\u00f1ar que hay m\u00e1s cosas que van bien de las que van mal. Se preve\u00eda su mensaje m\u00e1s pol\u00edtico. Estados Unidos, Rusia, el futuro del bloque, la ayuda a Ucrania, la situaci\u00f3n en Gaza: todo sobre la mesa en busca de soluciones.\u00a0<\/p>\n<p class=\"c-paragraph\"><b>\u00abEuropa est\u00e1 en lucha\u00bb, <\/b>expres\u00f3 la alemana; \u00abpor una Europa libre e independiente. Un combate por nuestros valores y por nuestro futuro\u00bb, comenz\u00f3 diciendo, con una aseveraci\u00f3n muy dura, y reconoci\u00f3 la presidenta de la Comisi\u00f3n Europa que son los europeos los que sienten el impacto del mundo actual. \u00abNo podemos esperar a que pase esta tormenta, no hay espacio ni tiempo para la nostalgia\u00bb, dijo horas <a href=\"https:\/\/www.20minutos.es\/internacional\/polonia-anuncia-derribo-drones-rusos-entraron-territorio_6243273_0.html\" rel=\"nofollow noopener\" target=\"_blank\">despu\u00e9s de conocerse el derribo en cielos de Polonia de una veintena de drones rusos<\/a>.<\/p>\n<p class=\"c-paragraph\">Este ha sido el primer discurso en este formato -que se celebra anualmente salvo en a\u00f1o de elecciones europeas- <b>desde la reelecci\u00f3n de Von der Leyen como presidenta de la Comisi\u00f3n Europea<\/b>, pero tambi\u00e9n despu\u00e9s de superar a principios del verano una moci\u00f3n de censura en su contra. Probablemente, ha sido el mensaje sobre el estado de la Uni\u00f3n en el momento de mayor debilidad de la alemana desde que qued\u00f3 aupada como &#8216;lideresa&#8217; de la UE.<\/p>\n<p class=\"c-paragraph\">\u00abEuropa tiene que luchar por su lugar en un mundo en el que muchas grandes potencias son ambivalentes o abiertamente hostiles\u00bb, con las dependencias \u00abcomo arma\u00bb y es<b> por todas estas razones por las que \u00abdebe surgir una nueva Europa\u00bb<\/b>, prosigui\u00f3. Para la presidenta del Ejecutivo comunitario ha llegado la \u00e9poca de la \u00abindependencia\u00bb de una UE que se haga cargo de su defensa y de su seguridad, con nuevas alianzas y con \u00abel poder para determinar nuestro propio destino\u00bb. Apel\u00f3 Von der Leyen a la unidad y al sentido de la urgencia: volvi\u00f3 en este sentido a pasos que se dieron durante la pandemia, con el apoyo a Ucrania o con la crisis energ\u00e9tica. Por eso pidi\u00f3 voluntades, destreza pol\u00edtica y evitar que \u00abnos paralicen nuestras divisiones\u00bb, tanto a la Comisi\u00f3n como al Parlamento Europeo y a las Estados miembros. \u00abMi palabra de hoy es unidad\u00bb.<\/p>\n<p class=\"c-paragraph\">La pol\u00edtica exterior marc\u00f3 buena parte del mensaje, sobre todo con Gaza. \u00abLo que est\u00e1 sucediendo remueve la conciencia del mundo: la hambruna provocada por el hombre nunca puede ser un arma de guerra. Por el bien de la humanidad esto tiene que acabar\u00bb, sostuvo de la manera m\u00e1s rotunda por su parte hasta ahora. \u00abNo podemos dejar que todo esto ocurra\u00bb, coment\u00f3 en un punto <b>en el que afe\u00f3 de la \u00abincapacidad\u00bb de Europa para encontrar el consenso <\/b>en un marco en el que la UE es el principal donante de ayuda a Palestina. \u00abPero tenemos que hacer m\u00e1s\u00bb. Muchos Estados miembros han ido m\u00e1s all\u00e1 por su cuenta en las medidas contra Israel, y por eso Von der Leyen ha pedido \u00absuperar el bloqueo\u00bb.<\/p>\n<p>Medidas contra Israel<\/p>\n<p class=\"c-paragraph\">La Comisi\u00f3n Europea paralizar\u00e1 la ayuda bilateral a Israel, anunci\u00f3 la presidenta del Ejecutivo comunitario y propondr\u00e1 sanciones contra \u00ablos ministros extremistas y los colonos violentos\u00bb y <b>tambi\u00e9n \u00abuna suspensi\u00f3n parcial del acuerdo de asociaci\u00f3n sobre cuestiones relacionadas con el comercio\u00bb<\/b>. La alemana reconoce que \u00abser\u00e1 dif\u00edcil encontrar mayor\u00edas\u00bb por las diferencias entre los Estados miembros, \u00abpero debemos asumir nuestras responsabilidades comunes\u00bb. Asimismo, se crear\u00e1 un grupo de donantes de Palestina con un instrumento espec\u00edfico para la reconstrucci\u00f3n de Gaza, con el apoyo de los socios regionales.\u00a0<\/p>\n<p class=\"c-paragraph\">Eso no es \u00f3bice, coment\u00f3, para pedir la liberaci\u00f3n de los rehenes por parte de Ham\u00e1s. <b>\u00abNo puede haber nunca un lugar para Ham\u00e1s, porque son terroristas.<\/b> El objetivo de Europa siempre ha sido el mismo, seguridad para Israel y un presente y un futuro para todos los palestinos\u00bb. Con todo, para Bruselas la \u00fanica soluci\u00f3n posible \u00abpasa por los dos Estados\u00bb, en una idea que el bloque comunitario lleva defendiendo desde los a\u00f1os sesenta.<\/p>\n<p class=\"c-paragraph\">El contenido de su mensaje eso s\u00ed, hab\u00eda empezado con Ucrania con la historia de Sasha, afectado por \u00abuna lluvia de bombas rusas\u00bb, dijo Von der Leyen, ante la mirada del propio joven, presente en el plenario. Le puso como ejemplo del desplazamiento forzoso de ni\u00f1os y j\u00f3venes ucranianos por parte del r\u00e9gimen de Putin. En ese punto, anunci\u00f3 la organizaci\u00f3n de<b> una cumbre de la coalici\u00f3n internacional para el retorno de los ni\u00f1os ucranianos.<\/b> <b>\u00abTodos los ni\u00f1os secuestrados deben ser devueltos\u00bb<\/b>, espet\u00f3. Reconoci\u00f3 la germana \u00abavances reales\u00bb con una fuerza de seguridad en Ucrania cuando llegue la paz: \u00abTodos hemos visto lo que entiende Rusia por diplomacia\u00bb, reconoci\u00f3 al mismo tiempo.<\/p>\n<p class=\"c-paragraph\">Lo m\u00e1s reciente, record\u00f3 Von der Leyen, ha sido la \u00abviolaci\u00f3n del espacio a\u00e9reo\u00bb de Polonia con m\u00e1s de diez drones rusos. \u00abEuropa muestra toda su solidaridad con Polonia\u00bb, sostuvo desde la tribuna la presidenta de la Comisi\u00f3n, para quien el mensaje de Putin est\u00e1 claro. \u00abY nuestra respuesta est\u00e1 clara tambi\u00e9n, tenemos que traer a Rusia a la mesa de negociaciones, tenemos que aprobar m\u00e1s sanciones y tenemos que seguir con la eliminaci\u00f3n de la dependencia de los combustibles f\u00f3siles rusos\u00bb, resumi\u00f3. En este sentido, rememor\u00f3 que nadie ha ayudado m\u00e1s a Ucrania que la UE, <b>pero \u00abes Rusia la que debe pagar\u00bb y no los contribuyentes europeos<\/b>; por eso llam\u00f3 a usar los activos congelados rusos \u00abpara financiar el esfuerzo de guerra\u00bb de Kiev. Otro de los anuncios es que la UE adelantar\u00e1 6.000 millones en ayudas para el desarrollo de drones, porque de esa forma Kiev \u00abpodr\u00e1 mantener su ventaja\u00bb en el aire, pero tambi\u00e9n \u00abse refuerce Europa\u00bb en este punto. Y propuso<b> construir un \u00abmuro de drones\u00bb en respuesta a la necesidad expresada por los pa\u00edses b\u00e1lticos<\/b>.<\/p>\n<p class=\"c-paragraph\">Con Ucrania como ejemplo, Von der Leyen pas\u00f3 a avisar de que Europa \u00abtiene que hacerse cargo de su propia seguridad\u00bb, para lo que ya se han dado pasos, eso s\u00ed, en convivencia con la OTAN, esgrimi\u00f3. <b>\u00abEuropa defender\u00e1 cada cent\u00edmetro cuadrado de su territorio<\/b>\u00ab, espet\u00f3, porque \u00abno tenemos m\u00e1s tiempo que perder\u00bb. As\u00ed, en el pr\u00f3ximo Consejo Europeo Bruselas presentar\u00e1 una \u00abhoja de ruta clara\u00bb para crear \u00abun semestre europeo de la defensa\u00bb, con planes hasta el a\u00f1o 2030. \u00abCuando hablamos de independencia, hablamos de poder decidir nuestro propio destino. Europa es una idea, la idea de libertad y de fuerza mutua\u00bb. Todo esto pasa tambi\u00e9n por acercar a los pa\u00edses candidatos al mercado \u00fanico. \u00abEl futuro de esos pa\u00edses est\u00e1 en nuestra Uni\u00f3n\u00bb, dijo, en referencia a Ucrania, Moldavia y los Balcanes occidentales.<\/p>\n<blockquote class=\"c-phrase__blockquote\"><p>Europa defender\u00e1 cada cent\u00edmetro cuadrado de su territorio<\/p><\/blockquote>\n<p class=\"c-paragraph\">De la UE en el mundo pas\u00f3 Von der Leyen a hablar de lo que tiene que hacer el bloque hacia dentro, con lo que tiene que ver por ejemplo con la competitividad. \u00abPara proteger los puestos de trabajo, debemos facilitar la actividad empresarial en Europa. Y los paquetes legislativos que hemos presentado hasta ahora marcar\u00e1n una verdadera diferencia. Menos papeleo, menos solapamientos, menos normas complejas. <b>Nuestras propuestas reducir\u00e1n en 8.000 millones de euros al a\u00f1o los costes burocr\u00e1ticos para las empresas europeas<\/b>\u00ab, resumi\u00f3, bajo la idea de que en los pr\u00f3ximos a\u00f1os se pueda \u00abcompletar el mercado \u00fanico\u00bb, definido cuando menos como el alma de la Uni\u00f3n.<\/p>\n<p class=\"c-paragraph\">Pas\u00f3 la l\u00edder del Ejecutivo comunitario por la soberan\u00eda tecnol\u00f3gica de Europa, con la energ\u00eda como punto clave, las materias raras o la industria automotriz, que es decisiva para algunos pa\u00edses como Alemania. Asimismo, anunci\u00f3 la creaci\u00f3n de una partida de 1.800 millones para bater\u00edas del coche el\u00e9ctrico. Pero todo eso tiene que darse en un escenario, record\u00f3, en una igualdad de condiciones con el resto de actores. \u00abEuropa siempre permanecer\u00e1 abierta. Nos gusta la competencia. Pero siempre protegeremos nuestra industria de la competencia desleal\u00bb, con el liderazgo europeo en la econom\u00eda circular, con una nueva ley de \u00abaceleraci\u00f3n industrial\u00bb para los sectores estrat\u00e9gicos.<b> \u00abLas tecnolog\u00edas limpias tienen que ser m\u00e1s r\u00e1pidas, inteligentes y europeas\u00bb,<\/b> de ah\u00ed el anuncio de las llamadas \u00abautopistas energ\u00e9ticas\u00bb, para terminar con la dependencia de la energ\u00eda rusa a corto plazo.<\/p>\n<p>Defensa del acuerdo con Estados Unidos<\/p>\n<p class=\"c-paragraph\">Sobre dependencias precisamente tuvo espacio, como era obvio, el discurso para la relaci\u00f3n comercial con Estados Unidos, y Von der Leyen se encarg\u00f3 de defender el pacto alcanzado con Trump el pasado mes de agosto. \u00abLos aranceles son impuestos. Pero el acuerdo proporciona una estabilidad crucial en nuestras relaciones con EEUU en un momento de grave inseguridad mundial. <b>Pensemos en las repercusiones de una guerra comercial en toda regla con Estados Unidos<\/b>\u00ab, alert\u00f3. La UE, sostuvo, tiene que evitar el caos, y por eso el camino elegido es el correcto seg\u00fan la dirigente alemana.<\/p>\n<p class=\"c-paragraph\">\u00abEl 80% de nuestro comercio se realiza con pa\u00edses distintos de los Estados Unidos. Por lo tanto, debemos aprovechar las nuevas oportunidades. En un momento en que el sistema comercial mundial se est\u00e1 desmoronando, estamos asegurando las normas mundiales mediante acuerdos bilaterales\u00bb, a\u00f1adi\u00f3, en un punto <b>en el que defendi\u00f3 el reci\u00e9n alcanzado acuerdo con Mercosur, que sigue pendiente de validaci\u00f3n<\/b> por parte de los 27 y del Parlamento Europeo, con quienes se ha comprometido a trabajar m\u00e1s estrechamente en los pr\u00f3ximos meses y a\u00f1os.<\/p>\n<p class=\"c-paragraph\">Entre el resto de anuncios destacaron dos m\u00e1s: convocar\u00e1 a los jefes de Estado y de Gobierno de la UE a la primera cumbre tem\u00e1tica sobre vivienda para abordar la crisis habitacional que afecta a toda Europa. \u00abEsto es m\u00e1s que una crisis inmobiliaria: es una crisis social. <b>Desgarra el tejido social europeo, debilita nuestra cohesi\u00f3n <\/b>y tambi\u00e9n amenaza nuestra competitividad\u00bb, expres\u00f3. Y por otro lado tambi\u00e9n comunic\u00f3 que se crear\u00e1\u00a0\u00a0un centro europeo de lucha contra incendios que tendr\u00e1 su base en Chipre y que servir\u00e1 para coordinar la ayuda entre los 27 ante situaciones como las que se han vivido en Espa\u00f1a este verano. \u00abLa escala del drama es enorme\u00bb, coment\u00f3 y rindi\u00f3 homenaje a los bomberos de otros pa\u00edses que trabajaron en la extinci\u00f3n en Asturias, Galicia o Castilla y Le\u00f3n.<\/p>\n<p class=\"c-paragraph\">Y acab\u00f3 como empez\u00f3, apelando a la unidad: \u00abLa cuesti\u00f3n es que debemos asegurarnos de que nuestra Uni\u00f3n sea m\u00e1s r\u00e1pida y pueda cumplir con los europeos. Porque as\u00ed es como podemos ganar juntos esta lucha. Para hacer realidad los momentos de independencia de Europa\u00bb. Para Von der Leyen, como en casi todos sus discursos de este tipo, es fundamental aprender del pasado. \u00abHace 80 a\u00f1os, nuestro continente era un infierno en la tierra. Hace 40 a\u00f1os, nuestro continente estaba dividido por un muro. Pero en cada ocasi\u00f3n, <b>los europeos decidieron luchar por un futuro mejor. Para recuperarse y hacerse fuertes<\/b>\u00ab, termin\u00f3.<\/p>\n<p>Las reacciones de los grupos<\/p>\n<p class=\"c-paragraph\">En las reacciones de los grupos pol\u00edticos empez\u00f3 tomando la palabra el l\u00edder del PPE, <b>Manfred Weber<\/b>, que reconoci\u00f3 que \u00abno es f\u00e1cil estar aqu\u00ed\u00bb, en referencia a Von der Leyen. \u00abQuiero que los ciudadanos puedan seguir lo que nosotros prometimos, con simplificaci\u00f3n, con defensa, con protecci\u00f3n de fronteras\u00bb, sostuvo. \u00abNo es para nada perfecto pero estamos empezando a obtener resultados\u00bb, asegur\u00f3 el alem\u00e1n, que se compromete a \u00abofrecer resultados\u00bb a los europeos. \u00abVamos a apoyar el acuerdo con EEUU\u00bb, recalc\u00f3;<b> \u00abno me gusta tener aranceles, pero qu\u00e9 alternativa tenemos&#8230; la guerra comercial\u00bb<\/b>. Weber expuso que tambi\u00e9n habr\u00e1 una respuesta positiva de los populares al pacto con Mercosur. Al mismo tiempo, reivindic\u00f3 la menor burocracia y m\u00e1s ayudas para las empresas para hacer a la UE \u00abm\u00e1s competitiva\u00bb algo que, dijo, rechazan \u00abdesde la izquierda\u00bb.<\/p>\n<p class=\"c-paragraph\">Desde los socialistas, la espa\u00f1ola<b> Iratxe Garc\u00eda <\/b>esgrimi\u00f3 que el mayor enemigo de Von der Leyen es el propio Weber, comenz\u00f3 diciendo, al que afe\u00f3 que por su culpa no funcione la alianza centrista en la Euroc\u00e1mara. Contra lo que hizo el PPE, Garc\u00eda critic\u00f3 el pacto con Estados Unidos, que lleg\u00f3 a calificar de \u00ababuso de poder\u00bb y de \u00abinaceptable\u00bb. Acus\u00f3 a la presidenta de la Comisi\u00f3n Europea de \u00abenterrar\u00bb la autonom\u00eda estrat\u00e9gica de la UE. As\u00ed, los socialdem\u00f3cratas anunciaron que van a enmendar el acuerdo que se firm\u00f3 en verano.<b> \u00ab\u00bfD\u00f3nde est\u00e1 Europa cuando Gaza muere cada d\u00eda?\u00bb,<\/b> se cuestion\u00f3 al mismo tiempo, con la \u00abhambruna como arma de guerra\u00bb, dijo se\u00f1alando a Israel. \u00abHemos esperado demasiado tiempo, recibimos sus propuestas, aceptamos esos primeros pasos, pero llegan demasiado tarde, han costado muchas vidas\u00bb. Garc\u00eda fue rotunda: \u00abSi Gaza muere, muere el alma de Europa. Paremos el genocidio\u00bb.<\/p>\n<p class=\"c-paragraph\">\u00abLo que est\u00e1 sucediendo hoy en Gaza, y nuestra respuesta, determinar\u00e1 si nuestros j\u00f3venes se adhieren o no al proyecto europeo. Y hoy, la desuni\u00f3n de los Estados miembros ante las atrocidades de Gaza nos impide actuar.\u00a0<b><b>Es una verg\u00fcenza. Una verg\u00fcenza para los habitantes de Gaza. Una verg\u00fcenza para la seguridad de los israel\u00edes<\/b><\/b>. Una verg\u00fcenza para los valores de nuestra juventud\u00bb, a\u00f1adi\u00f3 por su parte la presidenta de los liberales europeos, Valerie Hayer, que tambi\u00e9n pidi\u00f3 una Europa m\u00e1s unida en la defensa de la democracia.<\/p>\n<p class=\"c-paragraph\">Dolors Montserrat (PP) pidi\u00f3 \u00abpasar a la acci\u00f3n\u00bb porque \u00abEuropa no puede dudar\u00bb. En Ucrania, dijo, se libra el futuro de Europa y esa UE tiene que elegir entre \u00abseguridad o vulnerabilidad\u00bb y entre \u00abdefensa de los agricultores o despoblaci\u00f3n\u00bb. En ese punto, se\u00f1al\u00f3 a Pedro S\u00e1nchez por \u00abatentar contra la libertad y el estado de derecho\u00bb. <b>Reclam\u00f3 la espa\u00f1ola que la Comisi\u00f3n Europea \u00abno puede mirar hacia otro lado\u00bb<\/b> ante la \u00abderiva autocr\u00e1tica, tambi\u00e9n de S\u00e1nchez\u00bb. En palabras de Montserrat, \u00abel estado de derecho no se proclama, se blinda\u00bb.\u00a0<\/p>\n<p class=\"c-paragraph\">Jorge Buxad\u00e9 (Vox) ha valorado el discurso como \u00ababsolutamente decepcionante\u00bb y ha denunciado que demuestra<b> que el modelo de gran coalici\u00f3n entre populares, socialistas y verdes \u00abest\u00e1 acabado\u00bb<\/b>.\u00a0Buxad\u00e9 ha afirmado que Von der Leyen ofreci\u00f3 \u00abun discurso arrogante, mesi\u00e1nico y bunkerizado, totalmente al margen de la realidad\u00bb y se alej\u00f3 de la unanimidad propuesta por la presidenta de la Comisi\u00f3n: \u00abEso es ponerle grilletes a la democracia. La esencia de la Uni\u00f3n Europea es que avanzamos cuando todos estamos de acuerdo\u00bb.<\/p>\n","protected":false},"excerpt":{"rendered":"La UE lleva a\u00f1os en su momento de la verdad y tras un verano de muchos errores lleg\u00f3&hellip;\n","protected":false},"author":2,"featured_media":106403,"comment_status":"","ping_status":"","sticky":false,"template":"","format":"standard","meta":{"footnotes":""},"categories":[42],"tags":[17,18,5293,11559,2080,13,14,2848,11,61,62,63,64,19,20,9,10,15,16,12,21,22,2079,65,66,67],"class_list":{"0":"post-106402","1":"post","2":"type-post","3":"status-publish","4":"format-standard","5":"has-post-thumbnail","7":"category-internacional","8":"tag-breaking-news","9":"tag-breakingnews","10":"tag-cronica","11":"tag-debate","12":"tag-europea","13":"tag-featured-news","14":"tag-featurednews","15":"tag-futuro","16":"tag-headlines","17":"tag-internacional","18":"tag-international","19":"tag-international-news","20":"tag-internationalnews","21":"tag-latest-news","22":"tag-latestnews","23":"tag-news","24":"tag-noticias","25":"tag-noticias-destacadas","26":"tag-noticiasdestacadas","27":"tag-titulares","28":"tag-ultimas-noticias","29":"tag-ultimasnoticias","30":"tag-union","31":"tag-world","32":"tag-world-news","33":"tag-worldnews"},"share_on_mastodon":{"url":"","error":""},"_links":{"self":[{"href":"https:\/\/www.europesays.com\/es\/wp-json\/wp\/v2\/posts\/106402","targetHints":{"allow":["GET"]}}],"collection":[{"href":"https:\/\/www.europesays.com\/es\/wp-json\/wp\/v2\/posts"}],"about":[{"href":"https:\/\/www.europesays.com\/es\/wp-json\/wp\/v2\/types\/post"}],"author":[{"embeddable":true,"href":"https:\/\/www.europesays.com\/es\/wp-json\/wp\/v2\/users\/2"}],"replies":[{"embeddable":true,"href":"https:\/\/www.europesays.com\/es\/wp-json\/wp\/v2\/comments?post=106402"}],"version-history":[{"count":0,"href":"https:\/\/www.europesays.com\/es\/wp-json\/wp\/v2\/posts\/106402\/revisions"}],"wp:featuredmedia":[{"embeddable":true,"href":"https:\/\/www.europesays.com\/es\/wp-json\/wp\/v2\/media\/106403"}],"wp:attachment":[{"href":"https:\/\/www.europesays.com\/es\/wp-json\/wp\/v2\/media?parent=106402"}],"wp:term":[{"taxonomy":"category","embeddable":true,"href":"https:\/\/www.europesays.com\/es\/wp-json\/wp\/v2\/categories?post=106402"},{"taxonomy":"post_tag","embeddable":true,"href":"https:\/\/www.europesays.com\/es\/wp-json\/wp\/v2\/tags?post=106402"}],"curies":[{"name":"wp","href":"https:\/\/api.w.org\/{rel}","templated":true}]}}