{"id":106408,"date":"2025-09-10T21:58:09","date_gmt":"2025-09-10T21:58:09","guid":{"rendered":"https:\/\/www.europesays.com\/es\/106408\/"},"modified":"2025-09-10T21:58:09","modified_gmt":"2025-09-10T21:58:09","slug":"carlos-ortega-pierde-a-una-de-sus-estrellas-para-la-champions-league","status":"publish","type":"post","link":"https:\/\/www.europesays.com\/es\/106408\/","title":{"rendered":"Carlos Ortega pierde a una de sus estrellas para la Champions League"},"content":{"rendered":"<p>                <a href=\"https:\/\/cronicaglobal.elespanol.com\/culemania\/secciones\/\" class=\"kicker--section\" rel=\"nofollow noopener\" target=\"_blank\">Secciones<\/a><\/p>\n<p>\n    El conjunto cul\u00e9 sufre una nueva lesi\u00f3n para el inicio de la temporada y deber\u00e1 empezar el curso sin la presencia de sus\n<\/p>\n<p>    Noticias relacionadas<\/p>\n<p class=\"paragraph\" id=\"paragraph_1\">El <a href=\"https:\/\/cronicaglobal.elespanol.com\/culemania\/secciones\/20250831\/nielsen-perez-vargas-barca-balonmano-decide-titulos\/1003742685189_0.html?utm_cmp_rs=linksinline\" target=\"_blank\" rel=\"nofollow noopener\">Bar\u00e7a de balonmano<\/a> dar\u00e1 el pistoletazo de salida de la Champions League este jueves en el Palau Blaugrana. Los de <a href=\"https:\/\/cronicaglobal.elespanol.com\/culemania\/secciones\/20250831\/nielsen-perez-vargas-barca-balonmano-decide-titulos\/1003742685189_0.html?utm_cmp_rs=linksinline\" target=\"_blank\" rel=\"nofollow noopener\">Carlos Ortega<\/a> se enfrentar\u00e1n al <strong>GOG dan\u00e9s y lo har\u00e1n con una baja muy sensible en sus filas<\/strong>. El conjunto cul\u00e9, que perdi\u00f3 en las semifinales de la competici\u00f3n europea del a\u00f1o pasado, <strong>deber\u00e1 afrontar la nueva campa\u00f1a sin su m\u00e1xima estrella<\/strong>. Preocupaci\u00f3n en el equipo de la Ciudad Condal.<\/p>\n<p>Dos buenas noticias<\/p>\n<p class=\"paragraph\" id=\"paragraph_2\">Asimismo, no todo son malas noticias para el <a href=\"https:\/\/cronicaglobal.elespanol.com\/culemania\/secciones\/20250831\/nielsen-perez-vargas-barca-balonmano-decide-titulos\/1003742685189_0.html?utm_cmp_rs=linksinline\" target=\"_blank\" rel=\"nofollow noopener\">Bar\u00e7a de balonmano<\/a>. Tanto <strong>Petar Cikusa<\/strong> como <strong>Jonathan Carlsbogard<\/strong> han recibido el alta m\u00e9dica para regresar a la pista a tiempo para el inicio europeo. Ambos estar\u00e1n a la disposici\u00f3n de Ortega si decide sacarlos al parqu\u00e9. <strong>No pasa lo mismo con Dika Mem<\/strong>.<\/p>\n<p><img loading=\"lazy\" decoding=\"async\" alt=\"Petar Cikusa, en las semifinales de la Supercopa de Catalunya con el Bar\u00e7a de balonmano\" height=\"1481\" src=\"https:\/\/www.europesays.com\/es\/wp-content\/uploads\/2025\/09\/1003742683435_15048206_1706x1481.jpg\" width=\"1706\" data-lazy-status=\"processed\" data-lazy-info=\"remove loading item 1\"\/><\/p>\n<p>                                                            Petar Cikusa, en las semifinales de la Supercopa de Catalunya con el Bar\u00e7a de balonmano<\/p>\n<p>                    FCB<\/p>\n<p>Saltan las alarmas<\/p>\n<p class=\"paragraph\" id=\"paragraph_3\">La estrella francesa del <a href=\"https:\/\/cronicaglobal.elespanol.com\/culemania\/secciones\/20250831\/nielsen-perez-vargas-barca-balonmano-decide-titulos\/1003742685189_0.html?utm_cmp_rs=linksinline\" target=\"_blank\" rel=\"nofollow noopener\">Bar\u00e7a de balonmano<\/a> <strong>ser\u00e1 baja para el partido contra el GOG<\/strong> y podr\u00eda perderse muchos m\u00e1s partidos dependiendo de su evoluci\u00f3n. Esta tarde el FC Barcelona ha comunicado sus problemas f\u00edsicos de la siguiente manera: <strong>\u00abDika Mem sufre una lesi\u00f3n muscular en los isquiotibiales de la pierna derecha y estar\u00e1, aproximadamente, tres semanas de baja\u00bb<\/strong>.<\/p>\n<p><img decoding=\"async\" alt=\"Dika Mem marca un gol en las semifinales de la Champions League contra el Magdeburgo\" data-imgm=\"true\" height=\"180\" loading=\"lazy\"  src=\"https:\/\/www.europesays.com\/es\/wp-content\/uploads\/2025\/09\/1003742665965_14731975_1024x576.jpg\"  width=\"320\"\/><\/p>\n<p>                                                            Dika Mem marca un gol en las semifinales de la Champions League contra el Magdeburgo<\/p>\n<p>                    EFE<\/p>\n<p>Fuera para el inicio de la Champions<\/p>\n<p class=\"paragraph\" id=\"paragraph_4\">Asimismo, evidentemente, dicha valoraci\u00f3n deja fuera a Mem del encuentro ante el GOG, pero <strong>augura un futuro m\u00e1s problem\u00e1tico<\/strong> que podr\u00eda significar la falta de su presencia en la segunda jornada de la Champions League. Adem\u00e1s, <strong>el rival del <a href=\"https:\/\/cronicaglobal.elespanol.com\/culemania\/secciones\/20250831\/nielsen-perez-vargas-barca-balonmano-decide-titulos\/1003742685189_0.html?utm_cmp_rs=linksinline\" target=\"_blank\" rel=\"nofollow noopener\">Bar\u00e7a de balonmano<\/a> ser\u00e1 su verdugo en la anterior campa\u00f1a de la competici\u00f3n continental<\/strong>.<\/p>\n<p><img decoding=\"async\" alt=\"Dika Mem, lesionado en las semifinales de la Champions League\" data-imgm=\"true\" height=\"180\" loading=\"lazy\"  src=\"https:\/\/www.europesays.com\/es\/wp-content\/uploads\/2025\/09\/1003742665964_14731918_1024x576.jpg\"  width=\"320\"\/><\/p>\n<p>                                                            Dika Mem, lesionado en las semifinales de la Champions League<\/p>\n<p>                    EFE<\/p>\n<p class=\"paragraph\" id=\"paragraph_5\">Se trata del Magdeburgo. El conjunto alem\u00e1n aterrizar\u00e1 en Barcelona para disputar <strong>la segunda fecha de la Champions en el Palau Blaugrana el pr\u00f3ximo 18 de septiembre<\/strong>. De esta manera y seg\u00fan la previsi\u00f3n comunicada por el <a href=\"https:\/\/cronicaglobal.elespanol.com\/culemania\/secciones\/20250831\/nielsen-perez-vargas-barca-balonmano-decide-titulos\/1003742685189_0.html?utm_cmp_rs=linksinline\" target=\"_blank\" rel=\"nofollow noopener\">FC Barcelona<\/a>, Mem no estar\u00e1 preparado f\u00edsicamente para saltar a la pista en dicho encuentro. Su lesi\u00f3n le <strong>dejar\u00e1 ko tanto para el partido contra el GOG como para el encuentro frente al Magdeburgo<\/strong>.<\/p>\n","protected":false},"excerpt":{"rendered":"Secciones El conjunto cul\u00e9 sufre una nueva lesi\u00f3n para el inicio de la temporada y deber\u00e1 empezar el&hellip;\n","protected":false},"author":2,"featured_media":106409,"comment_status":"","ping_status":"","sticky":false,"template":"","format":"standard","meta":{"footnotes":""},"categories":[278],"tags":[376,10814,10815,168,25,24,375,4470,23,167],"class_list":{"0":"post-106408","1":"post","2":"type-post","3":"status-publish","4":"format-standard","5":"has-post-thumbnail","7":"category-balonmano","8":"tag-balonmano","9":"tag-barca-de-balonmano","10":"tag-carlos-ortega","11":"tag-deportes","12":"tag-es","13":"tag-espana","14":"tag-handball","15":"tag-secciones","16":"tag-spain","17":"tag-sports"},"share_on_mastodon":{"url":"","error":""},"_links":{"self":[{"href":"https:\/\/www.europesays.com\/es\/wp-json\/wp\/v2\/posts\/106408","targetHints":{"allow":["GET"]}}],"collection":[{"href":"https:\/\/www.europesays.com\/es\/wp-json\/wp\/v2\/posts"}],"about":[{"href":"https:\/\/www.europesays.com\/es\/wp-json\/wp\/v2\/types\/post"}],"author":[{"embeddable":true,"href":"https:\/\/www.europesays.com\/es\/wp-json\/wp\/v2\/users\/2"}],"replies":[{"embeddable":true,"href":"https:\/\/www.europesays.com\/es\/wp-json\/wp\/v2\/comments?post=106408"}],"version-history":[{"count":0,"href":"https:\/\/www.europesays.com\/es\/wp-json\/wp\/v2\/posts\/106408\/revisions"}],"wp:featuredmedia":[{"embeddable":true,"href":"https:\/\/www.europesays.com\/es\/wp-json\/wp\/v2\/media\/106409"}],"wp:attachment":[{"href":"https:\/\/www.europesays.com\/es\/wp-json\/wp\/v2\/media?parent=106408"}],"wp:term":[{"taxonomy":"category","embeddable":true,"href":"https:\/\/www.europesays.com\/es\/wp-json\/wp\/v2\/categories?post=106408"},{"taxonomy":"post_tag","embeddable":true,"href":"https:\/\/www.europesays.com\/es\/wp-json\/wp\/v2\/tags?post=106408"}],"curies":[{"name":"wp","href":"https:\/\/api.w.org\/{rel}","templated":true}]}}