{"id":106474,"date":"2025-09-10T22:35:11","date_gmt":"2025-09-10T22:35:11","guid":{"rendered":"https:\/\/www.europesays.com\/es\/106474\/"},"modified":"2025-09-10T22:35:11","modified_gmt":"2025-09-10T22:35:11","slug":"la-pasion-se-desata-entre-nick-y-noah-en-el-trailer-de-culpa-nuestra","status":"publish","type":"post","link":"https:\/\/www.europesays.com\/es\/106474\/","title":{"rendered":"La pasi\u00f3n se desata entre Nick y Noah en el tr\u00e1iler de &#8216;Culpa nuestra&#8217;"},"content":{"rendered":"<p>Marcad en rojo el 16 de octubre en el calendario, porque se vienen emociones fuertes. Ese jueves se estrena en Prime Video &#8216;<a href=\"https:\/\/www.ecartelera.com\/peliculas\/culpa-nuestra\/\" rel=\"nofollow noopener\" target=\"_blank\">Culpa nuestra<\/a>&#8216;, el cierre de la saga &#8216;Culpables&#8217; que tantos fans arrastra en todo el mundo. A falta de poco m\u00e1s de un mes, <b>la plataforma ha empezado a caldear el ambiente con un primer tr\u00e1iler&#8230; bastante intenso<\/b>. <\/p>\n<p>Tr\u00e1iler &#8216;Culpa nuestra&#8217;<\/p>\n<p><video id=\"vid-35723\" class=\"video-js vjs-default-skin\" data-title=\"Tr\u00e1iler 'Culpa nuestra'\" poster=\"https:\/\/www.ecartelera.com\/images\/videos\/35700\/f35723.jpg\" controls=\"\" preload=\"auto\" width=\"640\" height=\"360\" playsinline=\"\" data-vtt=\"\/\/v1.ecartelera.com\/video\/35700\/35723_sprite.vtt\" data-stream=\"1\">El navegador no soporta el tag de v\u00eddeo.<\/video><\/p>\n<p>X<\/p>\n<p>En \u00e9l vemos c\u00f3mo Noah (<a href=\"https:\/\/www.ecartelera.com\/personas\/nicole-wallace\/\" rel=\"nofollow noopener\" target=\"_blank\">Nicole Wallace<\/a>) y Nick (<a href=\"https:\/\/www.ecartelera.com\/personas\/gabriel-guevara\/\" rel=\"nofollow noopener\" target=\"_blank\">Gabriel Guevara<\/a>) se han alejado definitivamente y parecen haber dado carpetazo a su convulsa historia de amor, cada uno con nuevas parejas. Aunque Nick est\u00e1 con Sof\u00eda, <b>los celos recorren todo su cuerpo cuando Noah le presenta a su nuevo novio<\/b>, que es a la vez su jefe, algo que aprovechar\u00e1 Nick para criticar a Noah. <\/p>\n<p>\t\t\t\t\t\t\t<img decoding=\"async\" loading=\"lazy\" src=\"https:\/\/www.europesays.com\/es\/wp-content\/uploads\/2025\/09\/243621_la-pasion-se-desata-entre-nick-y-noah-en-el-traile.jpg\" alt=\"Nicole Wallace y Gabriel Guevara protagonizan 'Culpa nuestra'\" width=\"1200\" height=\"674\"\/>\t<\/p>\n<p>\t\t\t\t\t\tNicole Wallace y Gabriel Guevara protagonizan &#8216;Culpa nuestra&#8217; (Prime Video)<\/p>\n<p>Como vemos poco despu\u00e9s, la realidad es que Nick sigue loco por su ex, como le deja claro con una frase que seguro dejar\u00e1 huella: \u00abSigo sin poder controlarme cuando estoy a tu lado, pecas\u00bb. La boda de Jenna lo complicar\u00e1 todo, hasta el punto de que ambos no podr\u00e1n aguantarse y caer\u00e1n en la tentaci\u00f3n. Pero, \u00bfsignifica eso que es posible la reconciliaci\u00f3n? Las palabras finales de Noah no son muy esperanzadoras para todo aquel que lo desea: \u00abEste es el momento en el que de verdad termina nuestra historia\u00bb. <\/p>\n<p>A seguir batiendo r\u00e9cords<\/p>\n<p>La saga &#8216;Culpables&#8217; es el gran producto espa\u00f1ol de Prime Video. El fanbase de la adaptaci\u00f3n de los libros de Mercedes Ron se ha expandido mucho m\u00e1s all\u00e1 de nuestras fronteras, y medio mundo est\u00e1 esperando el desenlace. <\/p>\n<p>Prueba de ello es que el primer teaser de &#8216;Culpa nuestra&#8217;, donde apenas se revelaba info de la pel\u00edcula, obtuvo 163 millones de visualizaciones solo en su primer semana, convirti\u00e9ndose en el teaser o tr\u00e1iler con m\u00e1s reproducciones de una pel\u00edcula origina de streaming en la historia. <\/p>\n<p>\t\t\t\t\t\t\t<img decoding=\"async\" loading=\"lazy\" src=\"https:\/\/www.europesays.com\/es\/wp-content\/uploads\/2025\/09\/238710_culpa-nuestra.jpg\" alt=\"La boda de Jenna dar\u00e1 para mucho...\" width=\"1200\" height=\"675\"\/>\t<\/p>\n<p>\t\t\t\t\t\tLa boda de Jenna dar\u00e1 para mucho&#8230; (Prime Video)<\/p>\n<p>Si eso lo logr\u00f3 con el teaser, \u00bfqu\u00e9 n\u00fameros har\u00e1 su tr\u00e1iler viendo las impactantes im\u00e1genes que nos ha dejado? Pronto lo comprobaremos. &#8216;Culpa nuestra&#8217; llega a Prime Video el 16 de octubre.<\/p>\n","protected":false},"excerpt":{"rendered":"Marcad en rojo el 16 de octubre en el calendario, porque se vienen emociones fuertes. Ese jueves se&hellip;\n","protected":false},"author":2,"featured_media":106475,"comment_status":"","ping_status":"","sticky":false,"template":"","format":"standard","meta":{"footnotes":""},"categories":[169],"tags":[1014,1015,1013,177,1011,146,147,25,24,782,176,1019,1016,175,753,1012,23,1017,1018],"class_list":{"0":"post-106474","1":"post","2":"type-post","3":"status-publish","4":"format-standard","5":"has-post-thumbnail","7":"category-cine","8":"tag-actores","9":"tag-actrices","10":"tag-cartelera","11":"tag-cine","12":"tag-ecartelera","13":"tag-entertainment","14":"tag-entretenimiento","15":"tag-es","16":"tag-espana","17":"tag-estrellas","18":"tag-film","19":"tag-fotogramas","20":"tag-fotos","21":"tag-movies","22":"tag-peliculas","23":"tag-pelis","24":"tag-spain","25":"tag-trailers","26":"tag-videos"},"share_on_mastodon":{"url":"","error":""},"_links":{"self":[{"href":"https:\/\/www.europesays.com\/es\/wp-json\/wp\/v2\/posts\/106474","targetHints":{"allow":["GET"]}}],"collection":[{"href":"https:\/\/www.europesays.com\/es\/wp-json\/wp\/v2\/posts"}],"about":[{"href":"https:\/\/www.europesays.com\/es\/wp-json\/wp\/v2\/types\/post"}],"author":[{"embeddable":true,"href":"https:\/\/www.europesays.com\/es\/wp-json\/wp\/v2\/users\/2"}],"replies":[{"embeddable":true,"href":"https:\/\/www.europesays.com\/es\/wp-json\/wp\/v2\/comments?post=106474"}],"version-history":[{"count":0,"href":"https:\/\/www.europesays.com\/es\/wp-json\/wp\/v2\/posts\/106474\/revisions"}],"wp:featuredmedia":[{"embeddable":true,"href":"https:\/\/www.europesays.com\/es\/wp-json\/wp\/v2\/media\/106475"}],"wp:attachment":[{"href":"https:\/\/www.europesays.com\/es\/wp-json\/wp\/v2\/media?parent=106474"}],"wp:term":[{"taxonomy":"category","embeddable":true,"href":"https:\/\/www.europesays.com\/es\/wp-json\/wp\/v2\/categories?post=106474"},{"taxonomy":"post_tag","embeddable":true,"href":"https:\/\/www.europesays.com\/es\/wp-json\/wp\/v2\/tags?post=106474"}],"curies":[{"name":"wp","href":"https:\/\/api.w.org\/{rel}","templated":true}]}}