{"id":106480,"date":"2025-09-10T22:38:13","date_gmt":"2025-09-10T22:38:13","guid":{"rendered":"https:\/\/www.europesays.com\/es\/106480\/"},"modified":"2025-09-10T22:38:13","modified_gmt":"2025-09-10T22:38:13","slug":"zetak-llena-san-mames-en-menos-de-tres-horas-con-mitoaroa-iii-y-anuncia-una-segunda-fecha","status":"publish","type":"post","link":"https:\/\/www.europesays.com\/es\/106480\/","title":{"rendered":"Zetak llena San Mam\u00e9s en menos de tres horas con &#8216;Mitoaroa III&#8217; y anuncia una segunda fecha"},"content":{"rendered":"<p>&#8216;Mitoaroa III&#8217;, el show multidisciplinar que Pello Reparaz y Zetak llevar\u00e1n a San Mam\u00e9s el pr\u00f3ximo junio tras arrasar en San Sebasti\u00e1n y Pamplona,  &#8230; va camino de convertirse en uno de los mayores hitos de la m\u00fasica euskaldun. El m\u00fasico navarro ha vendido este mi\u00e9rcoles en menos de tres horas m\u00e1s de 40.000 entradas del macroevento del pr\u00f3ximo 20 de junio y quiere seguir batiendo r\u00e9cords. As\u00ed, como ha anunciado a trav\u00e9s de las redes sociales, este jueves saldr\u00e1n a la venta las entradas para su segunda fecha en el estadio del Athletic: el viernes 19 de junio.<\/p>\n<p class=\"v-p\">Tras haber congregado la semana pasada a 13.000 personas en cada una de las tres noches en Illumbe, Zetak ha ido un paso m\u00e1s con su espect\u00e1culo que fusiona la mitolog\u00eda vasca, el carnaval rural navarro y su universo musical particular, para llenar el aforo m\u00e1s grande del que dispone la capital vizca\u00edna. Y lo ha conseguido en una sola ma\u00f1ana, agotando el papel, con entradas que oscilaban entre los 70 euros en pista y los 35 y 59 euros en grada. De hecho, se han terminado en la preventa. Solo los asistentes a alguno de sus espect\u00e1culos anteriores, su p\u00fablico habitual, ten\u00edan acceso al enlace a trav\u00e9s del que se vend\u00edan. <\/p>\n<p class=\"v-p\">Este jueves, de cara a la fecha del viernes 19, estar\u00e1n disponibles para todo el p\u00fablico. \u00abNo podemos creerlo. No queremos dejar a nadie fuera, as\u00ed que hemos decidido anunciar una segunda fecha\u00bb, han explicado en sus redes. No se recuerda una proeza igual en Bizkaia en los \u00faltimos a\u00f1os para un espect\u00e1culo en vivo. Han sido hitos considerables los BEC que han llenado bandas como ETS o Gatibu o, en 2022, los macroconciertos en San Mam\u00e9s de Metallica y Fito &amp; Fitipaldis, pero ninguno de estos artistas ha vendido las entradas al ritmo que se ha visto este mi\u00e9rcoles con Zetak. <\/p>\n<p class=\"v-p\">Hasta el punto de que no les ha temblado el pulso en anunciar una segunda fecha que, visto lo visto, apunta tambi\u00e9n al lleno en el estadio, lo que ser\u00eda tambi\u00e9n un r\u00e9cord en la Historia del nuevo San Mam\u00e9s, que nunca ha vivido dos noches seguidas de un solo artista.<\/p>\n<p class=\"v-p\">&#8216;Mitoaroa&#8217; consiste en una experiencia de tres horas y tiene un total de 150 personas en escena, entre m\u00fasicos, bailarines y un sinf\u00edn de colaboraciones en los temas. El espect\u00e1culo ha ido creciendo desde el estreno del primer cap\u00edtulo el pasado enero en el Navarra Arena con sesi\u00f3n doble. En aquella ocasi\u00f3n entre los invitados m\u00e1s sorprendentes se encontraban el entrenador de f\u00fatbol Jagoba Arrasate y los miembros de Vendetta, la exitosa banda de ska que lider\u00f3 Pello Reparaz antes de cambiar radicalmente el concepto y capitanear Zetak. <\/p>\n<p class=\"v-p\">Este pasado fin de semana ha reunido a cerca de 40.000 personas en Illumbe en el segundo episodio del &#8216;show&#8217;. Hubo tres representaciones de un espect\u00e1culo con tintes de musical. Homenajearon a la comedia con los humoristas Antton Telleria, Aitziber Garmendia e Ignatius Farray y se subieron tambi\u00e9n al escenario los m\u00fasicos Pantxoa eta Pello y las gallegas Fillas de Cassandra. Y todo ello garantizando una experiencia inmersiva gracias a unos auriculares que mejoraban el sonido. <\/p>\n<p class=\"v-p\">La que llegar\u00e1 a San Mam\u00e9s ser\u00e1 la tercera encarnaci\u00f3n de &#8216;Mitoaroa&#8217; que, en esta ocasi\u00f3n, situar\u00e1 su concepci\u00f3n y l\u00ednea temporal en un futuro dist\u00f3pico, en concreto, en 2084, cien a\u00f1os despu\u00e9s de la c\u00e9lebre novela de Orwell. Ser\u00e1 la culminaci\u00f3n de este ambicioso proyecto de grandes dimensiones sobre la mitolog\u00eda vasca, acompa\u00f1ada de la m\u00fasica electr\u00f3nica del grupo y de un espectacular show en todos los sentidos. El propio Pello Reparaz ha confirmado que aunque no publicar\u00e1 un disco nuevo antes de su fecha doble en el estadio del Athletic, s\u00ed sacar\u00e1 varios temas nuevos, entre ellos \u00abel m\u00e1s grande\u00bb de su carrera, que ver\u00e1 la luz en diciembre. <\/p>\n","protected":false},"excerpt":{"rendered":"&#8216;Mitoaroa III&#8217;, el show multidisciplinar que Pello Reparaz y Zetak llevar\u00e1n a San Mam\u00e9s el pr\u00f3ximo junio tras&hellip;\n","protected":false},"author":2,"featured_media":106481,"comment_status":"","ping_status":"","sticky":false,"template":"","format":"standard","meta":{"footnotes":""},"categories":[91],"tags":[146,147,25,24,297,16745,2490,23980,36870,2228,23,603,36869],"class_list":{"0":"post-106480","1":"post","2":"type-post","3":"status-publish","4":"format-standard","5":"has-post-thumbnail","7":"category-entretenimiento","8":"tag-entertainment","9":"tag-entretenimiento","10":"tag-es","11":"tag-espana","12":"tag-horas","13":"tag-iii","14":"tag-llena","15":"tag-mames","16":"tag-mitoaroa","17":"tag-san","18":"tag-spain","19":"tag-tres","20":"tag-zetak"},"share_on_mastodon":{"url":"","error":""},"_links":{"self":[{"href":"https:\/\/www.europesays.com\/es\/wp-json\/wp\/v2\/posts\/106480","targetHints":{"allow":["GET"]}}],"collection":[{"href":"https:\/\/www.europesays.com\/es\/wp-json\/wp\/v2\/posts"}],"about":[{"href":"https:\/\/www.europesays.com\/es\/wp-json\/wp\/v2\/types\/post"}],"author":[{"embeddable":true,"href":"https:\/\/www.europesays.com\/es\/wp-json\/wp\/v2\/users\/2"}],"replies":[{"embeddable":true,"href":"https:\/\/www.europesays.com\/es\/wp-json\/wp\/v2\/comments?post=106480"}],"version-history":[{"count":0,"href":"https:\/\/www.europesays.com\/es\/wp-json\/wp\/v2\/posts\/106480\/revisions"}],"wp:featuredmedia":[{"embeddable":true,"href":"https:\/\/www.europesays.com\/es\/wp-json\/wp\/v2\/media\/106481"}],"wp:attachment":[{"href":"https:\/\/www.europesays.com\/es\/wp-json\/wp\/v2\/media?parent=106480"}],"wp:term":[{"taxonomy":"category","embeddable":true,"href":"https:\/\/www.europesays.com\/es\/wp-json\/wp\/v2\/categories?post=106480"},{"taxonomy":"post_tag","embeddable":true,"href":"https:\/\/www.europesays.com\/es\/wp-json\/wp\/v2\/tags?post=106480"}],"curies":[{"name":"wp","href":"https:\/\/api.w.org\/{rel}","templated":true}]}}