{"id":106495,"date":"2025-09-10T22:49:20","date_gmt":"2025-09-10T22:49:20","guid":{"rendered":"https:\/\/www.europesays.com\/es\/106495\/"},"modified":"2025-09-10T22:49:20","modified_gmt":"2025-09-10T22:49:20","slug":"la-vuelta-recorta-de-27-a-12-kilometros-el-recorrido-de-la-contrarreloj-de-la-etapa-18-para-dotarla-de-mayor-proteccion","status":"publish","type":"post","link":"https:\/\/www.europesays.com\/es\/106495\/","title":{"rendered":"La Vuelta recorta de 27 a 12 kil\u00f3metros el recorrido de la contrarreloj de la etapa 18 para \u00abdotarla de mayor protecci\u00f3n\u00bb"},"content":{"rendered":"<p class=\"paragraph\" id=\"paragraph_1\">La contrarreloj de las 17\u00aa etapa de<strong> La Vuelta a Espa\u00f1a<\/strong> modificar\u00e1 su recorrido en casi la mitad de sus kil\u00f3metros en busca de \u00abdotar de una mayor protecci\u00f3n al desarrollo de la etapa\u00bb.<\/p>\n<p class=\"paragraph\" id=\"paragraph_2\">As\u00ed lo ha confirmado la propia organizaci\u00f3n, quien ha decidido acortarla de los 27,2 kil\u00f3metros iniciales a los 12,2 que finalmente se disputar\u00e1n. Lo ha hecho en coordinaci\u00f3n con el <strong>Ayuntamiento de Valladolid<\/strong> y mantendr\u00e1, eso s\u00ed, la salida y la meta previstas desde el principio.<\/p>\n<p class=\"paragraph\" id=\"paragraph_3\">Adem\u00e1s, el\u00a0<strong>Ayuntamiento\u00a0<\/strong>ya ha anunciado el\u00a0vallado de los primeros kil\u00f3metros\u00a0del circuito urbano, mientras que la organizaci\u00f3n de la carrera estudia la posibilidad de\u00a0extender esta medida, con el fin de evitar bloqueos o irrupciones en plena competici\u00f3n.<\/p>\n<blockquote class=\"twitter-tweet\">\n<p dir=\"ltr\" lang=\"es\">\ud83c\uddec\ud83c\udde7\ud83d\ude4b\u200d\u2640\ufe0f\ud83d\ude4b\u200d\u2642\ufe0f Here&#8217;s all the information you need to follow tomorrow&#8217;s stage!<\/p>\n<p>\ud83c\uddea\ud83c\uddf8\ud83d\ude4b\u200d\u2640\ufe0f\ud83d\ude4b\u200d\u2642\ufe0f \u00a1Encuentra aqu\u00ed la informaci\u00f3n pr\u00e1ctica para seguir la etapa de ma\u00f1ana!<a href=\"https:\/\/twitter.com\/hashtag\/LaVuelta25?src=hash&amp;ref_src=twsrc%5Etfw\" rel=\"nofollow noopener\" target=\"_blank\">#LaVuelta25<\/a> <a href=\"https:\/\/t.co\/wi1LF0nHvx\" rel=\"nofollow\">pic.twitter.com\/wi1LF0nHvx<\/a><\/p>\n<p>\u2014 La Vuelta (@lavuelta) <a href=\"https:\/\/twitter.com\/lavuelta\/status\/1965849001560773007?ref_src=twsrc%5Etfw\" rel=\"nofollow noopener\" target=\"_blank\">September 10, 2025<\/a><\/p><\/blockquote>\n<p class=\"paragraph\" id=\"paragraph_4\">Una decisi\u00f3n que trastoca la que seguramente sea la etapa m\u00e1s decisiva de la ronda espa\u00f1ola junto a la de la <strong>Bola del Mundo<\/strong>. Los corredores apenas tendr\u00e1n margen para recortar distancias en la general, algo que beneficia al l\u00edder Jonas Vingegaard.<\/p>\n<p class=\"paragraph\" id=\"paragraph_5\">Este jueves est\u00e1 prevista una numerosa presencia de manifestantes a favor de Palestina y en contra de la participaci\u00f3n del equipo <strong>Israel<\/strong>. Siendo la contrarreloj una modalidad m\u00e1s vulnerable, al rodar cada corredor en solitario, se toma esta medida para poder abarcar la seguridad del recorrido en su totalidad.<\/p>\n<p class=\"paragraph\" id=\"paragraph_6\">Mientras tanto, La <strong>Audiencia Nacional<\/strong> ha puesto en marcha el proceso judicial. El juez <strong>Santiago Pedraz<\/strong> ha remitido a la <strong>Fiscal\u00eda la denuncia de ACOM<\/strong> para que determine si tiene competencia para investigar a los convocantes de las protestas.\u00a0<\/p>\n<p>Jornada tranquila<\/p>\n<p class=\"paragraph\" id=\"paragraph_7\">Por suerte, despu\u00e9s de lo ocurrido en los \u00faltimos d\u00edas, la 16\u00aa etapa fue m\u00e1s tranquila de lo esperado. Antes del inicio el pelot\u00f3n acord\u00f3 de neutralizar la carrera del d\u00eda en caso de que las protestas provocaran alg\u00fan incidente grave.<\/p>\n<p class=\"paragraph\" id=\"paragraph_8\">\u00abDecidimos que, si ocurr\u00eda un incidente, intentar\u00edamos neutralizar la carrera y punto, porque al final, correr hacia una meta indefinida no es justo\u00bb, declar\u00f3 el ciclista del <strong>Bahrain Victorious<\/strong>, <strong>Jack Haig<\/strong>, defendiendo la votaci\u00f3n colectiva como medida de seguridad urgente.<\/p>\n<p><img loading=\"lazy\" decoding=\"async\" alt=\"Giulio Pellizzari, en el podio de La Vuelta.\" height=\"180\" src=\"https:\/\/www.europesays.com\/es\/wp-content\/uploads\/2025\/09\/1003743919658_258600479_320x180.jpg\" width=\"320\" data-lazy-status=\"processed\" data-lazy-info=\"remove loading item 1\"\/><\/p>\n<p class=\"paragraph\" id=\"paragraph_9\">Se volvieron a ver infinidad de banderas de Palestina, pero esta vez no hubo que lamentar ning\u00fan incidente. Los ciclistas recorrieron los 143 kil\u00f3metros sin problemas y coronaron el Alto de El Morredero con total tranquilidad.<\/p>\n<p class=\"paragraph\" id=\"paragraph_10\">Una etapa que tuvo a Guilio Pellizzari como vencedor. El ciclista italiano de 21 a\u00f1os logr\u00f3 su primer triunfo como profesional despu\u00e9s de atacar a tres kil\u00f3metros de meta y dejar por el camino a\u00a0<strong>Almeida, Vingegaard, Hindley, Riccitello y Pidcock<\/strong>.\u00a0<\/p>\n<p>                                    <script async src=\"https:\/\/platform.twitter.com\/widgets.js\" charset=\"utf-8\"><\/script><\/p>\n","protected":false},"excerpt":{"rendered":"La contrarreloj de las 17\u00aa etapa de La Vuelta a Espa\u00f1a modificar\u00e1 su recorrido en casi la mitad&hellip;\n","protected":false},"author":2,"featured_media":106496,"comment_status":"","ping_status":"","sticky":false,"template":"","format":"standard","meta":{"footnotes":""},"categories":[273],"tags":[313,312,168,25,24,7789,23,167,5411],"class_list":{"0":"post-106495","1":"post","2":"type-post","3":"status-publish","4":"format-standard","5":"has-post-thumbnail","7":"category-ciclismo","8":"tag-ciclismo","9":"tag-cycling","10":"tag-deportes","11":"tag-es","12":"tag-espana","13":"tag-la-vuelta","14":"tag-spain","15":"tag-sports","16":"tag-vuelta-a-espana"},"share_on_mastodon":{"url":"","error":""},"_links":{"self":[{"href":"https:\/\/www.europesays.com\/es\/wp-json\/wp\/v2\/posts\/106495","targetHints":{"allow":["GET"]}}],"collection":[{"href":"https:\/\/www.europesays.com\/es\/wp-json\/wp\/v2\/posts"}],"about":[{"href":"https:\/\/www.europesays.com\/es\/wp-json\/wp\/v2\/types\/post"}],"author":[{"embeddable":true,"href":"https:\/\/www.europesays.com\/es\/wp-json\/wp\/v2\/users\/2"}],"replies":[{"embeddable":true,"href":"https:\/\/www.europesays.com\/es\/wp-json\/wp\/v2\/comments?post=106495"}],"version-history":[{"count":0,"href":"https:\/\/www.europesays.com\/es\/wp-json\/wp\/v2\/posts\/106495\/revisions"}],"wp:featuredmedia":[{"embeddable":true,"href":"https:\/\/www.europesays.com\/es\/wp-json\/wp\/v2\/media\/106496"}],"wp:attachment":[{"href":"https:\/\/www.europesays.com\/es\/wp-json\/wp\/v2\/media?parent=106495"}],"wp:term":[{"taxonomy":"category","embeddable":true,"href":"https:\/\/www.europesays.com\/es\/wp-json\/wp\/v2\/categories?post=106495"},{"taxonomy":"post_tag","embeddable":true,"href":"https:\/\/www.europesays.com\/es\/wp-json\/wp\/v2\/tags?post=106495"}],"curies":[{"name":"wp","href":"https:\/\/api.w.org\/{rel}","templated":true}]}}