{"id":106505,"date":"2025-09-10T22:54:13","date_gmt":"2025-09-10T22:54:13","guid":{"rendered":"https:\/\/www.europesays.com\/es\/106505\/"},"modified":"2025-09-10T22:54:13","modified_gmt":"2025-09-10T22:54:13","slug":"el-parque-de-arte-al-aire-libre-mas-impresionante-esta-en-aragon","status":"publish","type":"post","link":"https:\/\/www.europesays.com\/es\/106505\/","title":{"rendered":"el parque de arte al aire libre m\u00e1s impresionante est\u00e1 en Arag\u00f3n"},"content":{"rendered":"<p class=\"paragraph\">Para todo aquel que quiera caminar entre olivos y vi\u00f1edos mientras, de repente, le aparece una escultura monumental de un artista <b>internacional, no tiene que viajar hasta Berl\u00edn ni Nueva York, solo hasta Teruel.<\/b><a href=\"https:\/\/www.heraldo.es\/noticias\/aragon\/teruel\/2025\/06\/14\/una-galeria-de-arte-vanguardista-de-tres-kilometros-recorre-el-matarrana-1831757.html\" title=\"Una galer\u00eda de arte vanguardista de tres kil\u00f3metros recorre el Matarra\u00f1a\" target=\"_blank\" rel=\"nofollow noopener\"><b> <\/b>La exposici\u00f3n &#8216;Solo Sculpture Trail&#8217;, en la bonita comarca del Matarra\u00f1a, ofrece un recorrido de tres kil\u00f3metros con m\u00e1s de 20 obras<\/a> de arte contempor\u00e1neo integradas en plena naturaleza. Desde figuras geom\u00e9tricas imposibles hasta instalaciones que juegan con la luz y el paisaje.<b> Es decir, cada pieza juega sorprende al visitante y lo conecta con un entorno \u00fanico.\u00a0<\/b><\/p>\n<p class=\"paragraph\">La galer\u00eda de arte Albarr\u00e1n Burdais inaugur\u00f3 en junio esta exposici\u00f3n creada por esculturas reconocidos a nivel internacional. <b>Jordi Colomer, Jos\u00e9 D\u00e1vila, Koo Jeong A o H\u00e9ctor Zamora <\/b>son algunos de los creadores de estas esculturas, que no est\u00e1n all\u00ed para siempre, sino que pueden cambiar de ubicaci\u00f3n por formar parte de otra exposici\u00f3n temporal en otro lugar del mundo o porque se vendan.\u00a0<\/p>\n<p class=\"paragraph\"><b>Con entradas desde 5 euros (8 si se opta por visita guiada), es un plan perfecto para quienes buscan combinar turismo cultural<\/b>, naturaleza y gastronom\u00eda. El recorrido se encuentra en el entorno del Parque Natural de los Puertos de Tortosa-Beceite, uno de los rincones m\u00e1s desconocidos y hermosos de Arag\u00f3n.<\/p>\n<p class=\"paragraph\">Solo Sculpture Trail no solo acerca el arte contempor\u00e1neo a un territorio rural, sino que tambi\u00e9n se ha convertido en una herramienta para dinamizar culturalmente una de las zonas menos pobladas de Espa\u00f1a. <b>Una experiencia que coloca a Teruel en el mapa internacional del arte.<\/b><\/p>\n<p class=\"paragraph\"><b>Albarr\u00e1n Bourdais<\/b> es tambi\u00e9n la creadora de <a href=\"https:\/\/www.heraldo.es\/noticias\/aragon\/teruel\/2025\/04\/23\/aprobado-ambiental-para-el-hotel-vanguardista-de-solo-houses-en-cretas-que-costara-15-millones-1817623.html\" title=\"Aprobado ambiental para el hotel vanguardista de Solo Houses en Cretas que costar\u00e1 15 millones\" target=\"_blank\" rel=\"nofollow noopener\">Solo Houses<\/a>, un proyecto arquitect\u00f3nico contempor\u00e1neo que, por el momento, dispone de dos casas construidas tambi\u00e9n en plena naturaleza del <a href=\"https:\/\/www.heraldo.es\/noticias\/aragon\/teruel\/2025\/06\/14\/una-galeria-de-arte-vanguardista-de-tres-kilometros-recorre-el-matarrana-1831757.html\" title=\"Una galer\u00eda de arte vanguardista de tres kil\u00f3metros recorre el Matarra\u00f1a\" target=\"_blank\" rel=\"nofollow noopener\">Matarra\u00f1a y en las que se han rodado pel\u00edculas de Bollywood o series de Netflix.<\/a><\/p>\n","protected":false},"excerpt":{"rendered":"Para todo aquel que quiera caminar entre olivos y vi\u00f1edos mientras, de repente, le aparece una escultura monumental&hellip;\n","protected":false},"author":2,"featured_media":106506,"comment_status":"","ping_status":"","sticky":false,"template":"","format":"standard","meta":{"footnotes":""},"categories":[173],"tags":[4499,229,36873,233,231,230,36872,232,234,146,147,25,8426,24,36871,23,12731,4664],"class_list":{"0":"post-106505","1":"post","2":"type-post","3":"status-publish","4":"format-standard","5":"has-post-thumbnail","7":"category-arte-y-diseno","8":"tag-aragon","9":"tag-arte","10":"tag-arte-al-aire-libre","11":"tag-arte-y-diseno","12":"tag-arts","13":"tag-arts-and-design","14":"tag-cretas","15":"tag-design","16":"tag-diseno","17":"tag-entertainment","18":"tag-entretenimiento","19":"tag-es","20":"tag-esculturas","21":"tag-espana","22":"tag-matarrana","23":"tag-spain","24":"tag-teruel","25":"tag-turismo"},"share_on_mastodon":{"url":"","error":""},"_links":{"self":[{"href":"https:\/\/www.europesays.com\/es\/wp-json\/wp\/v2\/posts\/106505","targetHints":{"allow":["GET"]}}],"collection":[{"href":"https:\/\/www.europesays.com\/es\/wp-json\/wp\/v2\/posts"}],"about":[{"href":"https:\/\/www.europesays.com\/es\/wp-json\/wp\/v2\/types\/post"}],"author":[{"embeddable":true,"href":"https:\/\/www.europesays.com\/es\/wp-json\/wp\/v2\/users\/2"}],"replies":[{"embeddable":true,"href":"https:\/\/www.europesays.com\/es\/wp-json\/wp\/v2\/comments?post=106505"}],"version-history":[{"count":0,"href":"https:\/\/www.europesays.com\/es\/wp-json\/wp\/v2\/posts\/106505\/revisions"}],"wp:featuredmedia":[{"embeddable":true,"href":"https:\/\/www.europesays.com\/es\/wp-json\/wp\/v2\/media\/106506"}],"wp:attachment":[{"href":"https:\/\/www.europesays.com\/es\/wp-json\/wp\/v2\/media?parent=106505"}],"wp:term":[{"taxonomy":"category","embeddable":true,"href":"https:\/\/www.europesays.com\/es\/wp-json\/wp\/v2\/categories?post=106505"},{"taxonomy":"post_tag","embeddable":true,"href":"https:\/\/www.europesays.com\/es\/wp-json\/wp\/v2\/tags?post=106505"}],"curies":[{"name":"wp","href":"https:\/\/api.w.org\/{rel}","templated":true}]}}