{"id":106555,"date":"2025-09-10T23:24:12","date_gmt":"2025-09-10T23:24:12","guid":{"rendered":"https:\/\/www.europesays.com\/es\/106555\/"},"modified":"2025-09-10T23:24:12","modified_gmt":"2025-09-10T23:24:12","slug":"julia-roberts-y-emma-roberts-reaparecen-mas-parecidas-que-nunca-con-dos-looks-a-juego-en-la-fiesta-de-jacquemus","status":"publish","type":"post","link":"https:\/\/www.europesays.com\/es\/106555\/","title":{"rendered":"Julia Roberts y Emma Roberts reaparecen m\u00e1s parecidas que nunca con dos looks a juego en la fiesta de Jacquemus"},"content":{"rendered":"<p data-journey-content=\"true\" data-node-id=\"6\" class=\"css-i9p093 emevuu60\">Tras semanas de premieres, festivales y entrevistas, <strong data-node-id=\"6.3\">Julia Roberts<\/strong> reaparece para asistir a la fiesta de Jacquemus, en la que <strong data-node-id=\"6.5\">ha tenido la oportunidad de <\/strong><strong data-node-id=\"6.6\">reencontrarse con su sobrina Emma Roberts, con la que ha compartido un momento muy especial. <\/strong><\/p>\n<p data-journey-content=\"true\" data-node-id=\"7\" class=\"css-i9p093 emevuu60\">El encuentro tuvo lugar en Venecia, donde el dise\u00f1ador <strong data-node-id=\"7.1\">Simon Porte Jacquemus<\/strong> celebraba su fiesta con motivo de su \u00faltima colaboraci\u00f3n con la marca de champagne <strong data-node-id=\"7.4\">Veuve Clicquot,<\/strong> para la que ha dise\u00f1ado una edici\u00f3n exclusiva de su botella.<\/p>\n<p data-journey-content=\"true\" data-node-id=\"8\" class=\"css-i9p093 emevuu60\">No es casualidad que ambas actrices hayan asistido al evento. Con este dise\u00f1o, <strong data-node-id=\"8.1\">Jacquemus homenajea a mujeres fuertes de su vida y que son inspiraci\u00f3n para su trabajo<\/strong>. Caracter\u00edsticas y valores que reflejan las chicas Roberts. <\/p>\n<p>Julia y Emma Roberts en la fiesta de Jacquemus  <\/p>\n<p data-journey-content=\"true\" data-node-id=\"12\" class=\"css-i9p093 emevuu60\"><strong data-node-id=\"12.0\">Otra cosa que caracteriza a ambas actrices es su estilo y su facilidad para elegir outfits ic\u00f3nicos y elegantes<\/strong>. Julia Roberts nos sorprendi\u00f3 de nuevo con un <strong data-node-id=\"12.2\">traje negro de chaqueta y pantal\u00f3n <\/strong><strong data-node-id=\"12.3\">de pinza<\/strong> de estilo baggy y desenfadado, que combina con una camiseta blanca con estampado de rayas. La actriz combina su conjunto con unos botines de tac\u00f3n negros con cordones.<\/p>\n<p data-journey-content=\"true\" data-node-id=\"13\" class=\"css-i9p093 emevuu60\"><strong data-node-id=\"13.0\">Los trajes son la marca e insignia personal de Julia Roberts<\/strong>, una elecci\u00f3n de estilo a la que mantiene fidelidad desde hace d\u00e9cadas. Por su parte, <strong data-node-id=\"13.2\">Emma Roberts<\/strong> asisti\u00f3 al evento con un largo vestido negro con <a href=\"https:\/\/www.elle.com\/es\/moda\/streetstyle\/a65941902\/como-llevar-la-falda-semi-transparente-y-conseguir-looks-estilosos\/\" target=\"_blank\" data-vars-ga-outbound-link=\"https:\/\/www.elle.com\/es\/moda\/streetstyle\/a65941902\/como-llevar-la-falda-semi-transparente-y-conseguir-looks-estilosos\/\" data-vars-ga-ux-element=\"Hyperlink\" data-vars-ga-call-to-action=\"trasparencias, sum\u00e1ndose a la tendencia de este oto\u00f1o 2025\" data-node-id=\"13.4\" class=\"body-link css-103hk4r emevuu60\" rel=\"nofollow noopener\">trasparencias, sum\u00e1ndose a la tendencia de este oto\u00f1o 2025<\/a>.  Adem\u00e1s, lo combina con unos pendientes blancos en forma de espiral y un elegante bolso negro.<\/p>\n<p data-journey-content=\"true\" data-node-id=\"16\" class=\"css-i9p093 emevuu60\">Las actrices no s\u00f3lo se vistieron con estilismos similares, sino que tambi\u00e9n coincidieron con sus peinados de tono naranja cobrizo y desenfadado. Un <a href=\"https:\/\/www.elle.com\/es\/belleza\/pelo\/a46313916\/tintes-colores-pelo-tendencia-2024-mujer\/\" target=\"_blank\" data-vars-ga-outbound-link=\"https:\/\/www.elle.com\/es\/belleza\/pelo\/a46313916\/tintes-colores-pelo-tendencia-2024-mujer\/\" data-vars-ga-ux-element=\"Hyperlink\" data-vars-ga-call-to-action=\"color de pelo\" data-node-id=\"16.1\" class=\"body-link css-103hk4r emevuu60\" rel=\"nofollow noopener\">color de pelo<\/a> que siempre es tendencia.<br data-node-id=\"16.3\"\/><\/p>\n<p data-journey-content=\"true\" data-node-id=\"17\" class=\"css-i9p093 emevuu60\">Con este encuentro tan especial, Julia y Emma Roberts nos demuestran, una vez m\u00e1s, que podr\u00e1n cambiar de estilo y de peinado, pero que nunca dejar\u00e1n de darnos <strong data-node-id=\"17.1\">looks cl\u00e1sicos, \u00fanicos y elegantes<\/strong>.<\/p>\n","protected":false},"excerpt":{"rendered":"Tras semanas de premieres, festivales y entrevistas, Julia Roberts reaparece para asistir a la fiesta de Jacquemus, en&hellip;\n","protected":false},"author":2,"featured_media":106556,"comment_status":"","ping_status":"","sticky":false,"template":"","format":"standard","meta":{"footnotes":""},"categories":[91],"tags":[253,146,147,25,24,23],"class_list":{"0":"post-106555","1":"post","2":"type-post","3":"status-publish","4":"format-standard","5":"has-post-thumbnail","7":"category-entretenimiento","8":"tag-discover","9":"tag-entertainment","10":"tag-entretenimiento","11":"tag-es","12":"tag-espana","13":"tag-spain"},"share_on_mastodon":{"url":"","error":""},"_links":{"self":[{"href":"https:\/\/www.europesays.com\/es\/wp-json\/wp\/v2\/posts\/106555","targetHints":{"allow":["GET"]}}],"collection":[{"href":"https:\/\/www.europesays.com\/es\/wp-json\/wp\/v2\/posts"}],"about":[{"href":"https:\/\/www.europesays.com\/es\/wp-json\/wp\/v2\/types\/post"}],"author":[{"embeddable":true,"href":"https:\/\/www.europesays.com\/es\/wp-json\/wp\/v2\/users\/2"}],"replies":[{"embeddable":true,"href":"https:\/\/www.europesays.com\/es\/wp-json\/wp\/v2\/comments?post=106555"}],"version-history":[{"count":0,"href":"https:\/\/www.europesays.com\/es\/wp-json\/wp\/v2\/posts\/106555\/revisions"}],"wp:featuredmedia":[{"embeddable":true,"href":"https:\/\/www.europesays.com\/es\/wp-json\/wp\/v2\/media\/106556"}],"wp:attachment":[{"href":"https:\/\/www.europesays.com\/es\/wp-json\/wp\/v2\/media?parent=106555"}],"wp:term":[{"taxonomy":"category","embeddable":true,"href":"https:\/\/www.europesays.com\/es\/wp-json\/wp\/v2\/categories?post=106555"},{"taxonomy":"post_tag","embeddable":true,"href":"https:\/\/www.europesays.com\/es\/wp-json\/wp\/v2\/tags?post=106555"}],"curies":[{"name":"wp","href":"https:\/\/api.w.org\/{rel}","templated":true}]}}