{"id":106559,"date":"2025-09-10T23:27:07","date_gmt":"2025-09-10T23:27:07","guid":{"rendered":"https:\/\/www.europesays.com\/es\/106559\/"},"modified":"2025-09-10T23:27:07","modified_gmt":"2025-09-10T23:27:07","slug":"quien-es-charlie-kirk-el-activista-ultraconservador-asesinado-en-utah-internacional","status":"publish","type":"post","link":"https:\/\/www.europesays.com\/es\/106559\/","title":{"rendered":"Qui\u00e9n es Charlie Kirk, el activista ultraconservador asesinado en Utah | Internacional"},"content":{"rendered":"<p class=\"\">Charlie Kirk, el activista ultraconservador y estrecho aliado de Donald Trump <a href=\"https:\/\/elpais.com\/internacional\/2025-09-10\/el-comentarista-conservador-charlie-kirk-recibe-un-disparo-en-una-universidad-de-ee-uu.html\" target=\"_self\" rel=\"nofollow noopener\" title=\"https:\/\/elpais.com\/internacional\/2025-09-10\/el-comentarista-conservador-charlie-kirk-recibe-un-disparo-en-una-universidad-de-ee-uu.html\">asesinado este mi\u00e9rcoles<\/a> en un acto p\u00fablico en una universidad a las afueras de Salt Lake City (Utah), descubri\u00f3 pronto su pasi\u00f3n por la pol\u00edtica y por los valores de la derecha. <\/p>\n<p class=\"\">Fue en 2010, durante su pen\u00faltimo a\u00f1o de secundaria. Ten\u00eda 17 a\u00f1os y era esa clase de nerd obsesionado con la pol\u00edtica que tal vez solo se d\u00e9 en Estados Unidos. Viv\u00eda en un suburbio de Chicago, ciudad en la que naci\u00f3 en 1993, y prob\u00f3 las mieles del activismo como voluntario para la campa\u00f1a al Senado de los Estados Unidos del republicano de Illinois Mark Kirk, con el que no guardaba relaci\u00f3n familiar. <\/p>\n<p class=\"\">Al a\u00f1o siguiente, escribi\u00f3 para la web ultra Breitbart News, gracias a la que tambi\u00e9n se dio a conocer <a href=\"https:\/\/elpais.com\/noticias\/stephen-kevin-bannon\/\" target=\"_self\" rel=\"nofollow noopener\" title=\"https:\/\/elpais.com\/noticias\/stephen-kevin-bannon\/\">Steve Bannon<\/a>, un texto en el que denunciaba el sesgo progresista en los libros de texto escolares. Esa postura, ins\u00f3lita para un muchacho de su edad, llam\u00f3 la atenci\u00f3n de Fox News, la instituci\u00f3n conservadora que m\u00e1s ha definido la vida estadounidense de las \u00faltimas d\u00e9cadas. Con los a\u00f1os, Kirk se convertir\u00eda en toda una referencia en la cadena televisiva que propuls\u00f3 por tres veces <a href=\"https:\/\/elpais.com\/television\/2025-03-04\/gran-television-segun-donald-trump.html\" target=\"_self\" rel=\"nofollow noopener\" title=\"https:\/\/elpais.com\/television\/2025-03-04\/gran-television-segun-donald-trump.html\">la carrera de Donald Trump<\/a> hacia la Casa Blanca. La noticia de su muerte inund\u00f3 este mi\u00e9rcoles de un tono sombr\u00edo los plat\u00f3s de la emisora en Nueva York. <\/p>\n<p class=\"\">Su primer salt\u00f3 al ruedo p\u00fablico ya conten\u00eda los principales elementos de la huella que Kirk, fallecido a los 31 a\u00f1os, dej\u00f3 en el conservadurismo estadounidense: la de una voz clave en el proselitismo juvenil para el<a href=\"https:\/\/elpais.com\/us\/migracion\/2025-01-01\/ernesto-castaneda-academico-si-el-deseo-maga-se-hace-realidad-no-va-a-ser-america-great-again-va-a-ser-la-america-mas-debil-de-la-historia.html\" target=\"_self\" rel=\"nofollow noopener\" title=\"https:\/\/elpais.com\/us\/migracion\/2025-01-01\/ernesto-castaneda-academico-si-el-deseo-maga-se-hace-realidad-no-va-a-ser-america-great-again-va-a-ser-la-america-mas-debil-de-la-historia.html\"> movimiento MAGA<\/a> (Make America Great Again). No fue el \u00fanico joven que se sum\u00f3 a la revoluci\u00f3n con la que Trump arras\u00f3 el Partido Republicano, pero s\u00ed el m\u00e1s influyente, entre otros motivos, por sus dotes para el debate y su aspecto de yerno perfecto. <\/p>\n<p class=\"\">Poco despu\u00e9s de aquel estreno, Kirk fund\u00f3 Turning Point USA (TPUSA), una organizaci\u00f3n sin \u00e1nimo de lucro, aunque generosamente financiada por hombres poderosos de la derecha, y entonces decididamente original: era un lugar en el que los j\u00f3venes pod\u00edan dar rienda suelta a sus pasiones conservadoras a una edad en la que la mayor\u00eda de sus coet\u00e1neos profesa pasiones m\u00e1s bien progresistas. Con esa organizaci\u00f3n, que fue creciendo y ramific\u00e1ndose, pretend\u00eda lo que su nombre sugiere en ingl\u00e9s: contribuir al punto de inflexi\u00f3n en el giro conservador de Estados Unidos, esa \u201crevoluci\u00f3n del sentido com\u00fan\u201d que preconizan Trump y los suyos. <\/p>\n<p>Proselitismo \u2018Z\u2019<\/p>\n<p class=\"\">En el triunfo de este en las elecciones del pasado mes de noviembre, fue esencial ese voto de la generaci\u00f3n Z, y a Kirk se debe en buena medida haber propiciado durante los \u00faltimos 15 a\u00f1os el caldo de cultivo perfecto para atraer a ese sector. Lo hizo alumbrando un movimiento de base que iba de campus en campus para organizar multitudinarios eventos con los que, a base de exponer ideas provocadoras, ganar nuevos adeptos para la causa MAGA y para la militancia anti-woke. Parad\u00f3jicamente, su mete\u00f3rico ascenso tan joven en los c\u00edrculos republicanos le hizo abandonar la universidad antes de terminarla. <\/p>\n<p class=\"\">Como parte de esa agenda, animaba a los estudiantes a denunciar a los profesores sospechosos de esparcir teor\u00edas que \u00e9l consideraba \u201cradicales\u201d o eso que los republicanos llaman \u201cideolog\u00eda de g\u00e9nero\u201d para denigrar la defensa de los derechos LGTBI+ y, en especial, los del colectivo trans. Con esos mimbres, al activista fue uno de los nombres claves de un movimiento que ha trabajado con \u00e9xito por vender la extrema derecha como un asunto excitante para los hombres j\u00f3venes, un manual de instrucciones made in America del que han tomado buena nota partidos ultras de todo el mundo: de Vox, en Espa\u00f1a, a las huestes de Nigel Farage en el Reino Unido. <\/p>\n<p class=\"\">Trump, que lo tuvo siempre cerca durante su primera Administraci\u00f3n, le devolvi\u00f3 los favores prestados en la \u00faltima campa\u00f1a d\u00e1ndole un acceso total a su segunda Casa Blanca. No era miembro del gabinete, pero particip\u00f3 en los procesos de selecci\u00f3n de los futuros colaboradores del nuevo presidente, entre los que logr\u00f3 colocar a algunos de sus donantes. <\/p>\n<p class=\"\">Este orden\u00f3 que las banderas de \u201ctodos los edificios\u201d de Estados Unidos ondearan a media asta para conmemorar su legado, una memoria que honr\u00f3 asimismo el primer ministro israel\u00ed, Benjam\u00edn Netanyahu. Kirk, cuya muerte lamentaron tambi\u00e9n desde la izquierda (de Joe Biden a Kamala Harris o Barack Obama), fue acusado de antisemita, pero Netanyahu lo defini\u00f3 en X como \u201camigo incondicional de Israel\u201d. \u201cLuch\u00f3 contra las mentiras y defendi\u00f3 con valent\u00eda la civilizaci\u00f3n judeocristiana\u201d, escribi\u00f3.<\/p>\n<p class=\"\">TPUSA tiene, seg\u00fan sus propios c\u00e1lculos, m\u00e1s de 800 sucursales en universidades de todo el pa\u00eds, y cuenta con un presupuesto de unos 40 millones de d\u00f3lares. En sus eventos, la estrella m\u00e1s deseada era siempre el propio Kirk, pero no la \u00fanica: los actos de TPUSA contaban con una frondosa n\u00f3mina de personalidades MAGA que eran aclamadas como h\u00e9roes y hero\u00ednas de la libertad de expresi\u00f3n, defensores del libre mercado y adalides de la reducci\u00f3n del tama\u00f1o del Gobierno. <\/p>\n<p class=\"\">TPUSA tambi\u00e9n cuenta con su propio ecosistema de podcasts: entre ellos, The Charlie Kirk Show, donde este impart\u00eda su c\u00e1tedra MAGA, que tambi\u00e9n recib\u00edan los lectores de sus libros y sus m\u00e1s 5,4 millones de seguidores en X, que conoc\u00edan bien sus opiniones extremistas, su ret\u00f3rica xen\u00f3foba, sus ganas para la pelea, su incansable se\u00f1alamiento de ciertas personalidades de la izquierda y su afici\u00f3n por teor\u00edas conspirativas y por difundir bulos, bien fuera sobre la pandemia o sobre la gran mentira de que a Trump le robaron las elecciones de 2020.<\/p>\n<p class=\"\">Kirk viv\u00eda en Scottsdale, en Arizona, Estado que vot\u00f3 republicano en noviembre gracias en buena medida a su activismo. Estaba casado con Erika Frantzve, de 36 a\u00f1os. Ambos ten\u00edan dos hijos, profesaban la fe evang\u00e9lica y eran orgullosos nacionalistas cristianos. Tras conocer la noticia del disparo de su marido, Frantzve poste\u00f3 en su cuenta de X un salmo de la Biblia que dice: \u201cDios es nuestro amparo y fortaleza, nuestro pronto auxilio en las tribulaciones\u201d. <\/p>\n<p class=\"\">La madre de Kirk trabaja como consejera de salud mental. Su padre es arquitecto. Ambos lo sobreviven. <\/p>\n","protected":false},"excerpt":{"rendered":"Charlie Kirk, el activista ultraconservador y estrecho aliado de Donald Trump asesinado este mi\u00e9rcoles en un acto p\u00fablico&hellip;\n","protected":false},"author":2,"featured_media":106560,"comment_status":"","ping_status":"","sticky":false,"template":"","format":"standard","meta":{"footnotes":""},"categories":[42],"tags":[889,1154,17,18,31338,352,629,13,14,11,61,62,63,64,19,20,9,2556,10,15,16,36886,12,21,22,36814,432,65,66,67],"class_list":{"0":"post-106559","1":"post","2":"type-post","3":"status-publish","4":"format-standard","5":"has-post-thumbnail","7":"category-internacional","8":"tag-america","9":"tag-asesinatos","10":"tag-breaking-news","11":"tag-breakingnews","12":"tag-conservadores","13":"tag-donald-trump","14":"tag-estados-unidos","15":"tag-featured-news","16":"tag-featurednews","17":"tag-headlines","18":"tag-internacional","19":"tag-international","20":"tag-international-news","21":"tag-internationalnews","22":"tag-latest-news","23":"tag-latestnews","24":"tag-news","25":"tag-norteamerica","26":"tag-noticias","27":"tag-noticias-destacadas","28":"tag-noticiasdestacadas","29":"tag-salt-lake-city-2010","30":"tag-titulares","31":"tag-ultimas-noticias","32":"tag-ultimasnoticias","33":"tag-utah","34":"tag-violencia","35":"tag-world","36":"tag-world-news","37":"tag-worldnews"},"share_on_mastodon":{"url":"","error":""},"_links":{"self":[{"href":"https:\/\/www.europesays.com\/es\/wp-json\/wp\/v2\/posts\/106559","targetHints":{"allow":["GET"]}}],"collection":[{"href":"https:\/\/www.europesays.com\/es\/wp-json\/wp\/v2\/posts"}],"about":[{"href":"https:\/\/www.europesays.com\/es\/wp-json\/wp\/v2\/types\/post"}],"author":[{"embeddable":true,"href":"https:\/\/www.europesays.com\/es\/wp-json\/wp\/v2\/users\/2"}],"replies":[{"embeddable":true,"href":"https:\/\/www.europesays.com\/es\/wp-json\/wp\/v2\/comments?post=106559"}],"version-history":[{"count":0,"href":"https:\/\/www.europesays.com\/es\/wp-json\/wp\/v2\/posts\/106559\/revisions"}],"wp:featuredmedia":[{"embeddable":true,"href":"https:\/\/www.europesays.com\/es\/wp-json\/wp\/v2\/media\/106560"}],"wp:attachment":[{"href":"https:\/\/www.europesays.com\/es\/wp-json\/wp\/v2\/media?parent=106559"}],"wp:term":[{"taxonomy":"category","embeddable":true,"href":"https:\/\/www.europesays.com\/es\/wp-json\/wp\/v2\/categories?post=106559"},{"taxonomy":"post_tag","embeddable":true,"href":"https:\/\/www.europesays.com\/es\/wp-json\/wp\/v2\/tags?post=106559"}],"curies":[{"name":"wp","href":"https:\/\/api.w.org\/{rel}","templated":true}]}}