{"id":106577,"date":"2025-09-10T23:39:12","date_gmt":"2025-09-10T23:39:12","guid":{"rendered":"https:\/\/www.europesays.com\/es\/106577\/"},"modified":"2025-09-10T23:39:12","modified_gmt":"2025-09-10T23:39:12","slug":"naomi-watts-56-al-estilo-jackie-kennedy-estrena-el-conjunto-de-lentejuelas-del-desfile-de-gucci-mas-elegante","status":"publish","type":"post","link":"https:\/\/www.europesays.com\/es\/106577\/","title":{"rendered":"Naomi Watts (56), al estilo Jackie Kennedy, estrena el conjunto de lentejuelas del desfile de Gucci m\u00e1s elegante"},"content":{"rendered":"<p data-journey-content=\"true\" data-node-id=\"1\" class=\"body-dropcap css-16svq0q emevuu60\">La <strong data-node-id=\"1.1\">moda<\/strong> tiene la peculiar habilidad de <strong data-node-id=\"1.3\">volver sobre sus pasos<\/strong>, como si cada d\u00e9cada dejara pistas que las siguientes generaciones redescubren y reinterpretan. Lo que en los a\u00f1os sesenta defini\u00f3 la elegancia de perfiles como<strong data-node-id=\"1.5\"> <a href=\"https:\/\/www.harpersbazaar.com\/es\/famosas\/el-estilo-de\/g65604164\/jackie-kennedy-looks-verano-anos-80-moda-mango-2025\/\" target=\"_blank\" data-vars-ga-outbound-link=\"https:\/\/www.harpersbazaar.com\/es\/famosas\/el-estilo-de\/g65604164\/jackie-kennedy-looks-verano-anos-80-moda-mango-2025\/\" data-vars-ga-ux-element=\"Hyperlink\" data-vars-ga-call-to-action=\"Jackie Kennedy\" data-node-id=\"1.5.1\" class=\"body-link css-156jt4g emevuu60\" rel=\"nofollow noopener\">Jackie Kennedy<\/a><\/strong> encuentra hoy nuevas lecturas sobre las pasarelas, alfombras rojas y escaparates del mundo. Dise\u00f1adores y celebridades vuelven a demostrar que <strong data-node-id=\"1.7\">la sofisticaci\u00f3n no entiende de \u00e9pocas<\/strong>. Y, en ese di\u00e1logo entre ayer y hoy, <strong data-node-id=\"1.9\"><a href=\"https:\/\/www.harpersbazaar.com\/es\/famosas\/el-estilo-de\/a65930053\/naomi-watts-vestido-blanco-venecia-comprar-mango-50-euros\/\" target=\"_blank\" data-vars-ga-outbound-link=\"https:\/\/www.harpersbazaar.com\/es\/famosas\/el-estilo-de\/a65930053\/naomi-watts-vestido-blanco-venecia-comprar-mango-50-euros\/\" data-vars-ga-ux-element=\"Hyperlink\" data-vars-ga-call-to-action=\"Naomi Watts\" data-node-id=\"1.9.0\" class=\"body-link css-156jt4g emevuu60\" rel=\"nofollow noopener\">Naomi Watts<\/a><\/strong> se ha convertido en la mejor embajadora de un estilo que nunca pasa de moda.<\/p>\n<p data-journey-content=\"true\" data-node-id=\"4\" class=\"css-i9p093 emevuu60\">En el <strong data-node-id=\"4.1\">estreno de la nueva temporada de la serie The Morning Show<\/strong> en Nueva York, Watts acapar\u00f3 todas las miradas con un estilismo que podr\u00eda haber sido pensado como un homenaje moderno al clasicismo de Kennedy. La actriz eligi\u00f3 un<strong data-node-id=\"4.3\"> conjunto de Gucci compuesto por una <a href=\"https:\/\/www.harpersbazaar.com\/es\/moda\/tendencias\/g65112044\/chaqueta-verano-temporada-pasarela-desfile-tendencia\/\" target=\"_blank\" data-vars-ga-outbound-link=\"https:\/\/www.harpersbazaar.com\/es\/moda\/tendencias\/g65112044\/chaqueta-verano-temporada-pasarela-desfile-tendencia\/\" data-vars-ga-ux-element=\"Hyperlink\" data-vars-ga-call-to-action=\"chaqueta\" data-node-id=\"4.3.1\" class=\"body-link css-156jt4g emevuu60\" rel=\"nofollow noopener\">chaqueta<\/a> de manga corta y una <a href=\"https:\/\/www.harpersbazaar.com\/es\/moda\/tendencias\/a65953749\/falda-lapiz-tendencia-pasarelas-moda-volver-oficina-septiembre\/\" target=\"_blank\" data-vars-ga-outbound-link=\"https:\/\/www.harpersbazaar.com\/es\/moda\/tendencias\/a65953749\/falda-lapiz-tendencia-pasarelas-moda-volver-oficina-septiembre\/\" data-vars-ga-ux-element=\"Hyperlink\" data-vars-ga-call-to-action=\"falda l\u00e1piz\" data-node-id=\"4.3.3\" class=\"body-link css-156jt4g emevuu60\" rel=\"nofollow noopener\">falda l\u00e1piz<\/a> a juego<\/strong>. Confeccionado en un tejido verde menta y bordado con gruesas e iridiscentes lentejuelas, el estilismo de la actriz se perfil\u00f3 como uno de los m\u00e1s acertados de la noche. Un <strong data-node-id=\"4.5\">labio rojo y su corta melena rubia<\/strong> fueron todo el complemento necesario para triunfar.  <\/p>\n<p><img draggable=\"true\" alt=\"naomi watts\" title=\"naomi watts\" loading=\"lazy\" width=\"2000\" height=\"3000\" decoding=\"async\" data-nimg=\"1\" style=\"color:transparent;width:100%;height:auto;\"   src=\"https:\/\/www.europesays.com\/es\/wp-content\/uploads\/2025\/09\/gettyimages-2234595088-68c1527445c17.jpg\" class=\"css-0 e1g79fud0\"\/><\/p>\n<p>Aeon<\/p>\n<p data-journey-content=\"true\" data-node-id=\"7\" class=\"css-i9p093 emevuu60\">El conjunto pertenece a la<strong data-node-id=\"7.1\"> colecci\u00f3n oto\u00f1o-invierno 2025 de Gucci<\/strong>, una propuesta que reivindic\u00f3 las <strong data-node-id=\"7.3\"><a href=\"https:\/\/www.harpersbazaar.com\/es\/moda\/tendencias\/a63132975\/moda-mujer-fiesta-lentejuelas-combinar-dia-noche\/\" target=\"_blank\" data-vars-ga-outbound-link=\"https:\/\/www.harpersbazaar.com\/es\/moda\/tendencias\/a63132975\/moda-mujer-fiesta-lentejuelas-combinar-dia-noche\/\" data-vars-ga-ux-element=\"Hyperlink\" data-vars-ga-call-to-action=\"lentejuelas\" data-node-id=\"7.3.0\" class=\"body-link css-156jt4g emevuu60\" rel=\"nofollow noopener\">lentejuelas<\/a><\/strong> m\u00e1s all\u00e1 de las secciones de noche y fiesta. En este sentido, Watts demostr\u00f3 sobre la alfombra roja neoyorquina que este recurso puede ser <strong data-node-id=\"7.5\">igual de elegante que un traje sartorial liso<\/strong> si se combina con cortes cl\u00e1sicos y una silueta minimalista. Lejos de resultar estridente, el brillo de las aplicaciones se fundi\u00f3 con el tono empolvado del tejido, elevando as\u00ed esta cl\u00e1sica <strong data-node-id=\"7.7\">combinaci\u00f3n de chaqueta y falda coordinada<\/strong>.<\/p>\n<p><img draggable=\"true\" alt=\"gucci desfile oto\u00f1o 2025\" title=\"gucci desfile oto\u00f1o 2025\" loading=\"lazy\" width=\"1320\" height=\"1980\" decoding=\"async\" data-nimg=\"1\" style=\"color:transparent;width:100%;height:auto;\"   src=\"https:\/\/www.europesays.com\/es\/wp-content\/uploads\/2025\/09\/gucci-f25-029-1-68c1529768c4a.jpg\" class=\"css-0 e1g79fud0\"\/>launchmetrics.com\/spotlight<\/p>\n<p>Gucci F25.<\/p>\n<p>Chaqueta y falda midi a juego, el b\u00e1sico de armario de Jackie Kennedy<\/p>\n<p data-journey-content=\"true\" data-node-id=\"13\" class=\"css-i9p093 emevuu60\">La elecci\u00f3n de Watts recuerda a <strong data-node-id=\"13.1\">los ic\u00f3nicos <a href=\"https:\/\/www.harpersbazaar.com\/es\/moda\/compras\/g65571156\/trajes-chaqueta-mujer-moda-colores-vestir-bien\/\" target=\"_blank\" data-vars-ga-outbound-link=\"https:\/\/www.harpersbazaar.com\/es\/moda\/compras\/g65571156\/trajes-chaqueta-mujer-moda-colores-vestir-bien\/\" data-vars-ga-ux-element=\"Hyperlink\" data-vars-ga-call-to-action=\"trajes de dos piezas\" data-node-id=\"13.1.1\" class=\"body-link css-156jt4g emevuu60\" rel=\"nofollow noopener\">trajes de dos piezas<\/a> que Jacqueline Kennedy convirti\u00f3 en s\u00edmbolo de poder y estilo<\/strong> durante su etapa como primera dama de los Estados Unidos. Jackie populariz\u00f3 la silueta recta, los conjuntos coordinados y los tejidos con textura, acompa\u00f1ados habitualmente de <a href=\"https:\/\/www.harpersbazaar.com\/es\/moda\/tendencias\/a64823860\/perlas-tendencias-joyeria-accesorio-verano-2025-pasarelas-comprar\/\" target=\"_blank\" data-vars-ga-outbound-link=\"https:\/\/www.harpersbazaar.com\/es\/moda\/tendencias\/a64823860\/perlas-tendencias-joyeria-accesorio-verano-2025-pasarelas-comprar\/\" data-vars-ga-ux-element=\"Hyperlink\" data-vars-ga-call-to-action=\"perlas\" data-node-id=\"13.3\" class=\"body-link css-156jt4g emevuu60\" rel=\"nofollow noopener\">perlas<\/a>, guantes y tocados discretos. Su apuesta por la sencillez refinada defini\u00f3 una <strong data-node-id=\"13.5\">nueva forma de entender la elegancia femenina<\/strong>, tanto en la pol\u00edtica como en la vida p\u00fablica.<\/p>\n<p><img draggable=\"true\" alt=\"jackie kennedy\" title=\"jackie kennedy\" loading=\"lazy\" width=\"1080\" height=\"1920\" decoding=\"async\" data-nimg=\"1\" style=\"color:transparent;width:100%;height:auto;\"   src=\"https:\/\/www.europesays.com\/es\/wp-content\/uploads\/2025\/09\/untitled-design-8-68c155a608df8.png\" class=\"css-0 e1g79fud0\"\/><\/p>\n<p>Getty Images<\/p>\n<p>Contenidos relacionados<\/p>\n","protected":false},"excerpt":{"rendered":"La moda tiene la peculiar habilidad de volver sobre sus pasos, como si cada d\u00e9cada dejara pistas que&hellip;\n","protected":false},"author":2,"featured_media":106578,"comment_status":"","ping_status":"","sticky":false,"template":"","format":"standard","meta":{"footnotes":""},"categories":[174],"tags":[255,253,146,147,25,24,256,23],"class_list":{"0":"post-106577","1":"post","2":"type-post","3":"status-publish","4":"format-standard","5":"has-post-thumbnail","7":"category-famosos","8":"tag-celebrities","9":"tag-discover","10":"tag-entertainment","11":"tag-entretenimiento","12":"tag-es","13":"tag-espana","14":"tag-famosos","15":"tag-spain"},"share_on_mastodon":{"url":"","error":""},"_links":{"self":[{"href":"https:\/\/www.europesays.com\/es\/wp-json\/wp\/v2\/posts\/106577","targetHints":{"allow":["GET"]}}],"collection":[{"href":"https:\/\/www.europesays.com\/es\/wp-json\/wp\/v2\/posts"}],"about":[{"href":"https:\/\/www.europesays.com\/es\/wp-json\/wp\/v2\/types\/post"}],"author":[{"embeddable":true,"href":"https:\/\/www.europesays.com\/es\/wp-json\/wp\/v2\/users\/2"}],"replies":[{"embeddable":true,"href":"https:\/\/www.europesays.com\/es\/wp-json\/wp\/v2\/comments?post=106577"}],"version-history":[{"count":0,"href":"https:\/\/www.europesays.com\/es\/wp-json\/wp\/v2\/posts\/106577\/revisions"}],"wp:featuredmedia":[{"embeddable":true,"href":"https:\/\/www.europesays.com\/es\/wp-json\/wp\/v2\/media\/106578"}],"wp:attachment":[{"href":"https:\/\/www.europesays.com\/es\/wp-json\/wp\/v2\/media?parent=106577"}],"wp:term":[{"taxonomy":"category","embeddable":true,"href":"https:\/\/www.europesays.com\/es\/wp-json\/wp\/v2\/categories?post=106577"},{"taxonomy":"post_tag","embeddable":true,"href":"https:\/\/www.europesays.com\/es\/wp-json\/wp\/v2\/tags?post=106577"}],"curies":[{"name":"wp","href":"https:\/\/api.w.org\/{rel}","templated":true}]}}