{"id":106581,"date":"2025-09-10T23:42:08","date_gmt":"2025-09-10T23:42:08","guid":{"rendered":"https:\/\/www.europesays.com\/es\/106581\/"},"modified":"2025-09-10T23:42:08","modified_gmt":"2025-09-10T23:42:08","slug":"a-punt-carga-contra-rtve-por-emitir-unas-imagenes-suyas-dentro-del-cecopi-y-abre-una-investigacion-interna","status":"publish","type":"post","link":"https:\/\/www.europesays.com\/es\/106581\/","title":{"rendered":"\u00c0 Punt carga contra RTVE por emitir unas im\u00e1genes suyas dentro del Cecopi y abre una investigaci\u00f3n interna"},"content":{"rendered":"<p class=\"article-text\">\n        La emisi\u00f3n por parte de Televisi\u00f3n Espa\u00f1ola (TVE) de unas im\u00e1genes grabadas por un equipo de \u00c0 Punt el pasado 29 de octubre, d\u00eda de la dana, en el Centro de Coordinaci\u00f3n Operativa Integrado (Cecopi), ha generado una enorme pol\u00e9mica que ha obligado a la radio televisi\u00f3n p\u00fablica valenciana a dar explicaciones al inicio de su informativo de las 21.00 horas.\n    <\/p>\n<p>    <a href=\"https:\/\/www.eldiario.es\/comunitat-valenciana\/valencia\/apagon-informativo-cecopi-tarde-dana-seguimos-esperando-llevamos-hora-reflexion_1_12067776.html\" data-mrf-recirculation=\"saber-mas\" data-dl-event=\"saber-mas\" rel=\"nofollow noopener\" target=\"_blank\"><\/p>\n<p class=\"know-more__title\">El apag\u00f3n informativo del Cecopi en la tarde de la DANA: \u00abSeguimos esperando, llevamos m\u00e1s de una hora de reflexi\u00f3n\u00bb<\/p>\n<p>            <img decoding=\"async\" class=\"lazy\" loading=\"lazy\" data-src=\"https:\/\/static.eldiario.es\/clip\/6716c918-1c78-487b-ac4c-e7983cdb2337_16-9-aspect-ratio_default_0.jpg\" src=\"data:image\/svg+xml,%3Csvg xmlns=\" http:=\"\" viewbox=\"0 0 880 495\" alt=\"El apag\u00f3n informativo del Cecopi en la tarde de la DANA: &quot;Seguimos esperando, llevamos m\u00e1s de una hora de reflexi\u00f3n&quot;\"\/><\/p>\n<p>                        <\/a><\/p>\n<p class=\"article-text\">\n        Como informado elDiario.es, TVE ha difundido varias de estas im\u00e1genes con el sonido ambiente en el que, entre otras cosas, se escuchaba a las 18.59 horas a la exconsellera de Justicia, Salom\u00e9 Pradas, dar instrucciones sobre el mensaje Es-Alert que no se emitir\u00eda hasta una hora y 12 minutos m\u00e1s tarde, o evitar llamar al presidente de la Confederaci\u00f3n Hidrogr\u00e1fica del J\u00facar (CHJ): \u201cLlamad a Miguel Polo, a m\u00ed no me apetece\u201d, dijo.\n    <\/p>\n<p class=\"article-text\">\n        En respuesta, la periodista de \u00c0 Punt, Amparo Fern\u00e1ndez, ha comenzado el informativo diciendo: \u201cAbans de comen\u00e7ar amb l&#8217;actualitat ens van a permetre un apunt (antes de comenzar con la actualidad nos van a permitir un apunte)\u201d, para explicar a continuaci\u00f3n por qu\u00e9 hasta ahora no hab\u00edan difundido las im\u00e1genes con el sonido ambiente que permite escuchar algunas conversaciones.\n    <\/p>\n<p class=\"article-text\">\n        Fern\u00e1ndez ha comentado que el operador de c\u00e1mara graba lo que se denomina un mudo de la reuni\u00f3n, es decir, que \u201cnom\u00e9s es graven imatges perqu\u00e8 no est\u00e0vem autoritzats a gravar l&#8217;\u00e0udio del que all\u00ed es parlava ja que es tractava d&#8217;una reuni\u00f3 a porta tancada (solo se graban im\u00e1genes porque no est\u00e1bamos autorizados a grabar el audio de lo que all\u00ed se hablaba ya que se trataba de una reuni\u00f3n a puerta cerrada)\u201d.\n    <\/p>\n<p class=\"article-text\">\n         Adem\u00e1s, ha asegurado que esta es una pr\u00e1ctica \u201cobligat\u00f2ria en el periodisme televisiu, les converses van quedar registrades, per\u00f2 eixe so ambiente no s&#8217;ha dif\u00f3s mai en la televisi\u00f3 ni en la r\u00e0dio per secret professional i aix\u00ed ho continuarem fent (obligatoria en el periodismo televisivo, las conversaciones quedaron registradas, pero ese sonido ambiente no se ha difundido nunca en la televisi\u00f3n ni en la radio por secreto profesional y as\u00ed lo seguiremos haciendo)\u201d.\n    <\/p>\n<blockquote class=\"twitter-tweet\" data-lang=\"es\"><p><a href=\"https:\/\/twitter.com\/X\/status\/1965765735315366015?ref_src=twsrc%5Etfw\" rel=\"nofollow noopener\" target=\"_blank\"><\/p><\/blockquote>\n<p class=\"article-text\">\n        La conductora del informativo ha afirmado que la emisi\u00f3n de estas im\u00e1genes con los audios en TVE genera \u201cdubtes, molts dubtes sobre la professionalitat de les persones que treballem en esta casa, que considerem que l&#8217;emissi\u00f3 d&#8217;eixe so vulnera el codi deontol\u00f2gic del periodisme (dudas, muchas dudas sobre la profesionalidad de las personas que trabajamos en esta casa, que consideramos que la emisi\u00f3n de ese sonido vulnera el c\u00f3digo deontol\u00f3gico del periodismo)\u201d.\n    <\/p>\n<p>    <a href=\"https:\/\/www.eldiario.es\/comunitat-valenciana\/valencia\/video-captado-cecopi-confirma-tension-salome-pradas-chj-llamad-polo-no-apetece_1_12593059.html\" data-mrf-recirculation=\"saber-mas-abajo\" data-dl-event=\"saber-mas-abajo\" rel=\"nofollow noopener\" target=\"_blank\"><\/p>\n<p class=\"know-more__title\">Un v\u00eddeo captado en el Cecopi confirma la tensi\u00f3n entre Salom\u00e9 Pradas y la CHJ: \u201cLlamad a Polo, a m\u00ed no me apetece\u201d<\/p>\n<p>            <img decoding=\"async\" class=\"lazy\" loading=\"lazy\" data-src=\"https:\/\/static.eldiario.es\/clip\/8d36c4bd-bbd4-45ab-ac43-d74d07c0603d_16-9-aspect-ratio_default_0.jpg\" src=\"data:image\/svg+xml,%3Csvg xmlns=\" http:=\"\" viewbox=\"0 0 880 495\" alt=\"Un v\u00eddeo captado en el Cecopi confirma la tensi\u00f3n entre Salom\u00e9 Pradas y la CHJ: &quot;Llamad a Polo, a m\u00ed no me apetece&quot;\"\/><\/p>\n<p>                        <\/a><\/p>\n<p class=\"article-text\">\n        Fern\u00e1ndez ha informado de que \u00c0 Punt ha abierto una investigaci\u00f3n sobre la \u201cfiltraci\u00f3 (filtraci\u00f3n)\u201d del material con el audio, ha reiterado el compromiso de todos los trabajadores y trabajadoras de la televisi\u00f3n p\u00fablica y han lamentado que les quieran \u201cutilitzar una vegada m\u00e9s enmig d&#8217;una baralla amb finalitats partidistes (utilizar una vez m\u00e1s en medio de una pelea con finalidades partidistas)\u201d. Por \u00faltimo, ha recordado que siempre estar\u00e1n al lado de las v\u00edctimas.\n    <\/p>\n<p>                                    <script async src=\"https:\/\/platform.twitter.com\/widgets.js\" charset=\"utf-8\"><\/script><\/p>\n","protected":false},"excerpt":{"rendered":"La emisi\u00f3n por parte de Televisi\u00f3n Espa\u00f1ola (TVE) de unas im\u00e1genes grabadas por un equipo de \u00c0 Punt&hellip;\n","protected":false},"author":2,"featured_media":106582,"comment_status":"","ping_status":"","sticky":false,"template":"","format":"standard","meta":{"footnotes":""},"categories":[171],"tags":[517,2206,1705,3965,242,146,147,25,24,1667,10,1925,23,214,235],"class_list":{"0":"post-106581","1":"post","2":"type-post","3":"status-publish","4":"format-standard","5":"has-post-thumbnail","7":"category-tv","8":"tag-actualidad","9":"tag-alicante","10":"tag-analisis","11":"tag-castellon","12":"tag-comunidad-valenciana","13":"tag-entertainment","14":"tag-entretenimiento","15":"tag-es","16":"tag-espana","17":"tag-informacion","18":"tag-noticias","19":"tag-opinion","20":"tag-spain","21":"tag-tv","22":"tag-valencia"},"share_on_mastodon":{"url":"","error":""},"_links":{"self":[{"href":"https:\/\/www.europesays.com\/es\/wp-json\/wp\/v2\/posts\/106581","targetHints":{"allow":["GET"]}}],"collection":[{"href":"https:\/\/www.europesays.com\/es\/wp-json\/wp\/v2\/posts"}],"about":[{"href":"https:\/\/www.europesays.com\/es\/wp-json\/wp\/v2\/types\/post"}],"author":[{"embeddable":true,"href":"https:\/\/www.europesays.com\/es\/wp-json\/wp\/v2\/users\/2"}],"replies":[{"embeddable":true,"href":"https:\/\/www.europesays.com\/es\/wp-json\/wp\/v2\/comments?post=106581"}],"version-history":[{"count":0,"href":"https:\/\/www.europesays.com\/es\/wp-json\/wp\/v2\/posts\/106581\/revisions"}],"wp:featuredmedia":[{"embeddable":true,"href":"https:\/\/www.europesays.com\/es\/wp-json\/wp\/v2\/media\/106582"}],"wp:attachment":[{"href":"https:\/\/www.europesays.com\/es\/wp-json\/wp\/v2\/media?parent=106581"}],"wp:term":[{"taxonomy":"category","embeddable":true,"href":"https:\/\/www.europesays.com\/es\/wp-json\/wp\/v2\/categories?post=106581"},{"taxonomy":"post_tag","embeddable":true,"href":"https:\/\/www.europesays.com\/es\/wp-json\/wp\/v2\/tags?post=106581"}],"curies":[{"name":"wp","href":"https:\/\/api.w.org\/{rel}","templated":true}]}}