{"id":106603,"date":"2025-09-10T23:54:06","date_gmt":"2025-09-10T23:54:06","guid":{"rendered":"https:\/\/www.europesays.com\/es\/106603\/"},"modified":"2025-09-10T23:54:06","modified_gmt":"2025-09-10T23:54:06","slug":"de-emilio-de-justo-a-morante-se-reinicia-la-feria-con-cuatro-carteles-de-maximo-potencial","status":"publish","type":"post","link":"https:\/\/www.europesays.com\/es\/106603\/","title":{"rendered":"De Emilio de Justo a Morante, se reinicia la feria con cuatro carteles de m\u00e1ximo potencial"},"content":{"rendered":"<p><a class=\"v-mdl-ath__fig-a\" href=\"https:\/\/www.elnortedecastilla.es\/autor\/cesar-mata-6796.html\" title=\"C\u00e9sar Mata\" rel=\"nofollow noopener\" target=\"_blank\"><br \/>\n<img decoding=\"async\" class=\"v-mdl-ath__img\" src=\"https:\/\/www.europesays.com\/es\/wp-content\/uploads\/2025\/08\/autor-6796-foto-3.jpeg\" alt=\"C\u00e9sar Mata\"\/><br \/>\n<\/a><\/p>\n<p class=\"v-mdl-ath__p v-mdl-ath__p--6\">\nMi\u00e9rcoles, 10 de septiembre 2025, 21:04<\/p>\n<p class=\"v-p\">Tras el aperitivo, consistente, eso s\u00ed, de la corrida de rejones, se reinicia la Feria Taurina de Nuestra Se\u00f1ora de San Lorenzo, a la que quedan cuatro carteles para consumar su destino ritual y social. Y, sin duda, ninguno de los cuatro festejos ofrece un mero car\u00e1cter discreto. Todos contienen notas, sustanciales que no accidentales, de sumo inter\u00e9s para los aficionados, provengan o no de la finalidad que se persigue por la empresa Tauroemoci\u00f3n, que es a la que corresponde rematar las combinaciones de coletudos y ganader\u00edas.<\/p>\n<p class=\"v-p\">Este jueves, un mano a mano entre Alejandro Talavante y Emilio de Justo. Por cierto, que el festejo comenzar\u00e1 a las 19:00 horas, y no a las 18:00 como los dem\u00e1s. Para no coincidir con la Vuelta Ciclista o con lo que est\u00e1 quedando de ella, presa de apropiaciones pol\u00edticas violentas. M\u00e1s all\u00e1 de la interpretaci\u00f3n o valoraci\u00f3n que hagan los aficionados de este duelo, ambos espadas re\u00fanen virtudes suficientes para concitar el inter\u00e9s de los aficionados. A lo que hay que sumar, y no es un elemento balad\u00ed, que los toros pertenecen a la divisa de Victoriano del R\u00edo. Astados que nacen en la localidad vallisoletana de Mayorga, donde el criador madrile\u00f1o tiene pastando a la mayor parte de su hato de vacas de vientre y, lo m\u00e1s importante, se trata del hierro con mayor regularidad en las \u00faltimas temporadas, tanto en plazas de primera como de segunda. Y no solo por un comportamiento noble, sino por unas dosis de bravura enrazada nada despreciables.<\/p>\n<p class=\"v-p\">Sin que nadie se moleste, no tendr\u00edan por qu\u00e9, la corrida del viernes, d\u00eda 12, bien puede entenderse como un mano a mano entre Morante de la Puebla y Roca Rey, con la presencia (en ning\u00fan caso accesoria) de Marco P\u00e9rez. Las m\u00e1ximas estrellas del escalaf\u00f3n, con un pique p\u00fablico por unas u otras razones, reunidas en un mismo cartel suponen un est\u00edmulo de primer orden para los aficionados. Tanto que, desde hace varios d\u00edas, se han agotado las localidades. Un &#8216;No hay billetes&#8217; anticipado y previsible. Y, s\u00ed Marco P\u00e9rez ha contribuido con su juvenil presencia, a rematar la jugada. Los toros, salmantinos de Garcigrande, presagian embestidas que dif\u00edcilmente se ver\u00e1n desaprovechadas. M\u00e1s f\u00e1cil que en la muleta ser\u00e1 un enganch\u00f3n entre Morante y Roca Rey. Un artesonado nazar\u00ed no es menos consistente que el hormig\u00f3n.<\/p>\n<p><a href=\"http:\/\/www.elnortedecastilla.es\/palencia\/fiestas\/toros\/morante-puebla-llega-san-antolin-roca-rey-20250827183201-nt.html#vtm_modulosEngag=mod-rel:valladolid:noticia:1:cmp:2-not\" class=\"v-a-link\" title=\"Morante de la Puebla no llega a San Antol\u00edn, s\u00ed estar\u00e1 Roca Rey\" rel=\"nofollow noopener\" target=\"_blank\"><br \/>\n<img decoding=\"async\" loading=\"lazy\" class=\"v-a-img\" src=\"https:\/\/www.europesays.com\/es\/wp-content\/uploads\/2025\/09\/MORANTE-kjdG--366x256@El Norte.jpg\" alt=\"Morante de la Puebla no llega a San Antol\u00edn, s\u00ed estar\u00e1 Roca Rey\"\/><br \/>\n<\/a><\/p>\n<p><a href=\"http:\/\/www.elnortedecastilla.es\/salamanca\/apoteosis-morante-salamanca-20250614005026-nt.html#vtm_modulosEngag=mod-rel:valladolid:noticia:2:cmp:2-not\" class=\"v-a-link\" title=\"Apoteosis de Morante en Salamanca\" rel=\"nofollow noopener\" target=\"_blank\"><br \/>\n<img decoding=\"async\" loading=\"lazy\" class=\"v-a-img\" src=\"https:\/\/www.europesays.com\/es\/wp-content\/uploads\/2025\/09\/ds-kF0B--366x256@El Norte.jpg\" alt=\"Apoteosis de Morante en Salamanca\"\/><br \/>\n<\/a><\/p>\n<p class=\"v-p\">Los &#8216;victorinos&#8217; \u2013s\u00e1bado 13- son los \u00fanicos toros que, por s\u00ed mismos, dan sentido a un cartel. Su fama y su car\u00e1cter, temible y con efectos amplificadores de los triunfos, otorgan a cada una de las faenas que se les ejecuta una naturaleza de gesto (y a veces de gesta, aunque no siempre). Uceda Leal (clasicismo con solera), Jim\u00e9nez Fortes (verdad y transparencia) y Tom\u00e1s Rufo (ortodoxia y frescura) forman una terna que no dejar\u00e1 pasar la oportunidad de triunfar.<\/p>\n<p class=\"v-p\">Y, para rematar, la corrida de los banderilleros, que a su vez es la de la juventud. Tres rehileteros consumados como son El Fandi, Manuel Escribano y el joven salmantino Ismael Mart\u00edn, se enfrentar\u00e1n a un encierro de Antonio Ba\u00f1uelos. Una tarde para disfrutar del toreo m\u00e1s entusiasta y con menos rigores can\u00f3nicos. Una tauromaquia m\u00e1s disfrutona, que tiene su p\u00fablico fiel y bullicioso.<\/p>\n<p class=\"v-p\">Cuatro tardes, cuatro, con elementos humanos y ganaderos que no han dejado indiferentes a los aficionados, que han respondido con fuerza en las taquillas.<\/p>\n<p>Comenta<\/p>\n<p>Reporta un error<\/p>\n","protected":false},"excerpt":{"rendered":"Mi\u00e9rcoles, 10 de septiembre 2025, 21:04 Tras el aperitivo, consistente, eso s\u00ed, de la corrida de rejones, se&hellip;\n","protected":false},"author":2,"featured_media":106604,"comment_status":"","ping_status":"","sticky":false,"template":"","format":"standard","meta":{"footnotes":""},"categories":[277],"tags":[373,7149,954,168,13836,25,24,599,13004,5137,780,4258,31755,23,167,374],"class_list":{"0":"post-106603","1":"post","2":"type-post","3":"status-publish","4":"format-standard","5":"has-post-thumbnail","7":"category-toreo","8":"tag-bullfighting","9":"tag-carteles","10":"tag-cuatro","11":"tag-deportes","12":"tag-emilio","13":"tag-es","14":"tag-espana","15":"tag-feria","16":"tag-justo","17":"tag-maximo","18":"tag-morante","19":"tag-potencial","20":"tag-reinicia","21":"tag-spain","22":"tag-sports","23":"tag-toreo"},"share_on_mastodon":{"url":"","error":""},"_links":{"self":[{"href":"https:\/\/www.europesays.com\/es\/wp-json\/wp\/v2\/posts\/106603","targetHints":{"allow":["GET"]}}],"collection":[{"href":"https:\/\/www.europesays.com\/es\/wp-json\/wp\/v2\/posts"}],"about":[{"href":"https:\/\/www.europesays.com\/es\/wp-json\/wp\/v2\/types\/post"}],"author":[{"embeddable":true,"href":"https:\/\/www.europesays.com\/es\/wp-json\/wp\/v2\/users\/2"}],"replies":[{"embeddable":true,"href":"https:\/\/www.europesays.com\/es\/wp-json\/wp\/v2\/comments?post=106603"}],"version-history":[{"count":0,"href":"https:\/\/www.europesays.com\/es\/wp-json\/wp\/v2\/posts\/106603\/revisions"}],"wp:featuredmedia":[{"embeddable":true,"href":"https:\/\/www.europesays.com\/es\/wp-json\/wp\/v2\/media\/106604"}],"wp:attachment":[{"href":"https:\/\/www.europesays.com\/es\/wp-json\/wp\/v2\/media?parent=106603"}],"wp:term":[{"taxonomy":"category","embeddable":true,"href":"https:\/\/www.europesays.com\/es\/wp-json\/wp\/v2\/categories?post=106603"},{"taxonomy":"post_tag","embeddable":true,"href":"https:\/\/www.europesays.com\/es\/wp-json\/wp\/v2\/tags?post=106603"}],"curies":[{"name":"wp","href":"https:\/\/api.w.org\/{rel}","templated":true}]}}