{"id":106617,"date":"2025-09-11T00:05:09","date_gmt":"2025-09-11T00:05:09","guid":{"rendered":"https:\/\/www.europesays.com\/es\/106617\/"},"modified":"2025-09-11T00:05:09","modified_gmt":"2025-09-11T00:05:09","slug":"la-revuelta-broncano-regresa-a-la-revuelta-con-una-rajada-a-el-hormiguero-por-la-audiencia-nos-ganan-por","status":"publish","type":"post","link":"https:\/\/www.europesays.com\/es\/106617\/","title":{"rendered":"LA REVUELTA | Broncano regresa a &#8216;La Revuelta&#8217; con una rajada a &#8216;El Hormiguero&#8217; por la audiencia: \u00abNos ganan por&#8230;\u00bb"},"content":{"rendered":"<p class=\"ft-text\">La espera ha terminado. &#8216;<a class=\"ft-link ft-link--decoration\" href=\"https:\/\/www.elperiodico.com\/es\/temas\/revuelta-2063258\" rel=\"nofollow noopener\" target=\"_blank\"><strong>La Revuelta<\/strong><\/a>&#8216;, programa presentado por <strong>David Broncano<\/strong>, ha vuelto a emitirse en <strong>La 1<\/strong> despu\u00e9s de las vacaciones de verano. El espacio de <strong>Televisi\u00f3n Espa\u00f1ola<\/strong> arranca la segunda temporada con las expectativas por las nubes, aunque son conscientes que no lo tendr\u00e1n f\u00e1cil para ser el programa n\u00famero uno de las noches en Espa\u00f1a.<\/p>\n<p class=\"ft-text\">El principal obst\u00e1culo vuelve a ser &#8216;<strong>El Hormiguero<\/strong>&#8216;. El formato de <strong>Pablo Motos<\/strong> hizo historia la semana pasada con el mejor inicio de su vig\u00e9sima temporada, al obtener un <strong>21,1%<\/strong> de share y <strong>2,3 millones<\/strong> de espectadores. Sin embargo, <strong>Broncano<\/strong> quiere hacer historia y pondr\u00e1, de nuevo, entre las cuerdas al espacio de <strong>Antena 3<\/strong>.<\/p>\n<p class=\"ft-text\">&#8216;<strong>La Revuelta<\/strong>&#8216; ha empezado con una &#8216;performance&#8217; alocada, organizada por <strong>Jorge Ponce<\/strong>. La primera frase que se ha escuchado en el estreno de la segunda temporada ha sido una clara declaraci\u00f3n de intenciones al programa de <strong>Motos<\/strong>: \u00ab\u00a1Este es el mejor programa de la historia!\u00bb.<\/p>\n<p class=\"ft-text\">En el inicio del programa, <strong>Ricardo Castella<\/strong> no pudo pasar por alto el nuevo &#8216;look&#8217; del presentador jiennense, que se ha te\u00f1ido el pelo de rubio, como ya se pudo ver durante el <strong>FesTVal de Televisi\u00f3n de Vitoria-Gasteiz<\/strong>.<\/p>\n<p class=\"ft-text\">\u00abSegunda temporada y viendo como llevas el pelo parece que estemos en &#8216;Maestros de la Costura'\u00bb, ha bromeado el colaborador. Aparte, <strong>Grison<\/strong> ha dicho que es un &#8216;look&#8217; perfecto para dedicarse al mundo de la m\u00fasica, haciendo referencia a la nueva canci\u00f3n de <strong>Sergio Ramos<\/strong>, &#8216;Cibeles&#8217;.<\/p>\n<p class=\"ft-text\">Antes de empezar con los primeros invitados del programa, <strong>Grison<\/strong> ha advertido a toda la audiencia de &#8216;<strong>La Revuelta<\/strong>&#8216;: \u00abEl a\u00f1o que viene si entra <strong>Feij\u00f3o<\/strong> nos echa a tomar por c*lo\u00bb.<\/p>\n<p class=\"ft-text\"><strong>Broncano<\/strong> ha destacado que la producci\u00f3n es mucho mejor que en la anterior, ya que siempre hay margen de mejora, especialmente en un aspecto: \u00abEste a\u00f1o necesitamos apretar con la audiencia\u00bb.<\/p>\n<p class=\"ft-text\">En la primera temporada de &#8216;<strong>La Revuelta<\/strong>&#8216; siempre sal\u00eda &#8216;<strong>El hombre m\u00e1gico<\/strong>&#8216; para avisar a los ni\u00f1os que se fuesen a dormir, pero ya no pasar\u00e1, debido a que \u00abmandar a los ni\u00f1os a la cama es perder audiencia&#8230; que se apa\u00f1en los padres\u00bb.<\/p>\n<p class=\"ft-text\">\u00abTodos los ni\u00f1os son v\u00e1lidos para la audiencia, ya que luego siempre nos ganan por los ni\u00f1os\u00bb, ha desvelado <strong>Broncano<\/strong>. En ese instante, <strong>Grison<\/strong> ha ironizado que en &#8216;<strong>El Hormiguero<\/strong>&#8216; tambi\u00e9n piensan en ellos cuando invitan a <strong>Sergio Ramos<\/strong>, <strong>Bert\u00edn Osborne<\/strong> y <strong>Arturo P\u00e9rez-Reverte<\/strong>.<\/p>\n","protected":false},"excerpt":{"rendered":"La espera ha terminado. &#8216;La Revuelta&#8216;, programa presentado por David Broncano, ha vuelto a emitirse en La 1&hellip;\n","protected":false},"author":2,"featured_media":106618,"comment_status":"","ping_status":"","sticky":false,"template":"","format":"standard","meta":{"footnotes":""},"categories":[171],"tags":[4294,13289,9029,4482,5813,146,147,25,24,8776,17775,29956,35931,2902,528,23,214],"class_list":{"0":"post-106617","1":"post","2":"type-post","3":"status-publish","4":"format-standard","5":"has-post-thumbnail","7":"category-tv","8":"tag-audiencia","9":"tag-broncano","10":"tag-david-broncano","11":"tag-dv","12":"tag-el-hormiguero","13":"tag-entertainment","14":"tag-entretenimiento","15":"tag-es","16":"tag-espana","17":"tag-ganan","18":"tag-hormiguero","19":"tag-la-revuelta","20":"tag-rajada","21":"tag-regresa","22":"tag-revuelta","23":"tag-spain","24":"tag-tv"},"share_on_mastodon":{"url":"","error":""},"_links":{"self":[{"href":"https:\/\/www.europesays.com\/es\/wp-json\/wp\/v2\/posts\/106617","targetHints":{"allow":["GET"]}}],"collection":[{"href":"https:\/\/www.europesays.com\/es\/wp-json\/wp\/v2\/posts"}],"about":[{"href":"https:\/\/www.europesays.com\/es\/wp-json\/wp\/v2\/types\/post"}],"author":[{"embeddable":true,"href":"https:\/\/www.europesays.com\/es\/wp-json\/wp\/v2\/users\/2"}],"replies":[{"embeddable":true,"href":"https:\/\/www.europesays.com\/es\/wp-json\/wp\/v2\/comments?post=106617"}],"version-history":[{"count":0,"href":"https:\/\/www.europesays.com\/es\/wp-json\/wp\/v2\/posts\/106617\/revisions"}],"wp:featuredmedia":[{"embeddable":true,"href":"https:\/\/www.europesays.com\/es\/wp-json\/wp\/v2\/media\/106618"}],"wp:attachment":[{"href":"https:\/\/www.europesays.com\/es\/wp-json\/wp\/v2\/media?parent=106617"}],"wp:term":[{"taxonomy":"category","embeddable":true,"href":"https:\/\/www.europesays.com\/es\/wp-json\/wp\/v2\/categories?post=106617"},{"taxonomy":"post_tag","embeddable":true,"href":"https:\/\/www.europesays.com\/es\/wp-json\/wp\/v2\/tags?post=106617"}],"curies":[{"name":"wp","href":"https:\/\/api.w.org\/{rel}","templated":true}]}}