{"id":106619,"date":"2025-09-11T00:06:19","date_gmt":"2025-09-11T00:06:19","guid":{"rendered":"https:\/\/www.europesays.com\/es\/106619\/"},"modified":"2025-09-11T00:06:19","modified_gmt":"2025-09-11T00:06:19","slug":"las-10-mejores-canciones-de-fito-paez-segun-indie-hoy","status":"publish","type":"post","link":"https:\/\/www.europesays.com\/es\/106619\/","title":{"rendered":"Las 10 mejores canciones de Fito P\u00e1ez seg\u00fan Indie Hoy"},"content":{"rendered":"<p><strong>Fito P\u00e1ez<\/strong> es uno de los compositores m\u00e1s destacados de nuestro rock nacional. Con una prol\u00edfica discograf\u00eda, el hombre del piano ha recorrido el rock and roll, las baladas rom\u00e1nticas y los ritmos fundacionales de nuestra m\u00fasica, siempre reconociendo la influencia decisiva de <a href=\"https:\/\/indiehoy.com\/noticias\/eduardo-marti-presenta-un-libro-de-fotografias-de-luis-alberto-spinetta\/\" target=\"_blank\" rel=\"noreferrer noopener nofollow\">Luis Alberto Spinetta<\/a> y <a href=\"https:\/\/indiehoy.com\/noticias\/charly-garcia-anuncia-colaboracion-con-sting-y-revoluciona-las-redes\/\" target=\"_blank\" rel=\"noreferrer noopener nofollow\">Charly Garc\u00eda<\/a> en su obra. P\u00e1ez es una verdadera m\u00e1quina de hits: sus canciones forman parte de la banda sonora de nuestro pa\u00eds y de nuestras historias personales. Por eso, <strong>elegimos las 10 mejores canciones de Fito P\u00e1ez<\/strong>.<\/p>\n<p><strong>10. \u00abParte del aire\u00bb<\/strong><\/p>\n<p>En esta canci\u00f3n, dedicada a sus padres e incluida en el \u00e1lbum La la la (1986) que grab\u00f3 junto a Spinetta, <a href=\"https:\/\/indiehoy.com\/noticias\/fito-paez-anuncia-su-primer-libro-de-poesia\/\" target=\"_blank\" rel=\"noreferrer noopener nofollow\">P\u00e1ez<\/a> explora ritmos folcl\u00f3ricos con una marcada impronta litorale\u00f1a. Con cuerdas y percusi\u00f3n, la pieza adquiere un tono profundamente emotivo y est\u00e1 cargada de met\u00e1foras a trav\u00e9s de las cuales relata la muerte de sus padres de manera po\u00e9tica.<\/p>\n<p><strong>9. \u00abGiros\u00bb<\/strong><\/p>\n<p>La canci\u00f3n que da nombre al \u00e1lbum hom\u00f3nimo es una suerte de tango en el que el m\u00fasico reflexiona sobre el mundo que lo rodea. Abre su segundo disco y refleja la creciente complejidad de su obra en lo compositivo, los arreglos y la l\u00edrica, caracter\u00edsticas que se condensan en este tema.<\/p>\n<p><strong>8. \u00abCarabelas de la nada\u00bb<\/strong><\/p>\n<p>En esta canci\u00f3n de impronta jazzera, incluida en Tercer mundo (1990), Fito deja atr\u00e1s los sonidos m\u00e1s bailables e influenciados por <a href=\"https:\/\/indiehoy.com\/cine\/la-pelicula-sign-o-the-times-de-prince-llega-al-imax\/\" target=\"_blank\" rel=\"noreferrer noopener nofollow\">Prince<\/a> que hab\u00eda explorado en discos como Ey! (1988) y Ciudad de pobres corazones (1987). Con una reflexi\u00f3n sobre el individuo y el mundo que lo rodea, P\u00e1ez despliega una de sus letras m\u00e1s elaboradas, junto con una composici\u00f3n de gran complejidad tanto en sus acordes como en sus secciones e instrumentaci\u00f3n.<\/p>\n<p><strong>7. \u00abLa despedida\u00bb<\/strong><\/p>\n<p>Esta es una de las favoritas de los grandes fan\u00e1ticos de P\u00e1ez. Como todo el disco Abre (1999), el tema destaca por su gran refinamiento, logrado \u00fanicamente con piano, voz y una letra desgarradora sobre el final del amor. Es una de las canciones m\u00e1s tristes y profundas del m\u00fasico, con influencia tanguera, mientras relata la vida cotidiana de dos personas cuya historia finalmente llega a su fin.<\/p>\n<p><strong>6. \u00abPolaroid de locura ordinaria\u00bb<\/strong><\/p>\n<p>Basada en el cuento de Charles Bukowski, \u00abLa chica m\u00e1s guapa de la ciudad\u00bb, esta canci\u00f3n narra la historia de una joven tan fascinante como ca\u00f3tica. Es uno de los grandes hits de la carrera de P\u00e1ez y se desarrolla con una estructura y un sonido cl\u00e1sicos del rock nacional, coron\u00e1ndose con un final triunfal, perfecto para corear en un pogo.<\/p>\n<p><strong>5. \u00abTres agujas\u00bb<\/strong><\/p>\n<p>En su primer \u00e1lbum, Del &#8217;63 (1984), el rosarino ya demostraba su talento singular para la composici\u00f3n. Este tema, que var\u00eda las tonalidades y presenta una extensa letra de car\u00e1cter po\u00e9tico, se destaca como una de las piezas m\u00e1s refinadas y complejas de su carrera. Incluso fue versionado por Spinetta.<\/p>\n<p><strong>4. \u00abLa Ver\u00f3nica\u00bb<\/strong><\/p>\n<p>El segundo tema de El amor despu\u00e9s del amor (1992) narra la historia de una actriz que est\u00e1 filmando una pel\u00edcula y, al mismo tiempo, hace referencia a la mujer que ofrece limpiar el rostro de Jes\u00fas mientras lo llevan hacia la cruz. Se trata de un tema con instrumentaci\u00f3n que remite a sonidos \u00e1rabes y con una marcada presencia del bajo fretless.<\/p>\n<p><strong>3. \u00abTumbas de la gloria\u00bb<\/strong><\/p>\n<p>Es una de las canciones m\u00e1s queridas por el p\u00fablico y, posiblemente, uno de los emblemas de nuestro rock nacional que jam\u00e1s pasa de moda. La estrofa sigue la cadencia del tango, pero los arreglos y la interpretaci\u00f3n se inscriben en el rock. La letra remite a su infancia, al amor y a aquello que la muerte se llev\u00f3.<\/p>\n<p><strong>2. \u00abP\u00e9talo de sal\u00bb<\/strong><\/p>\n<p>Se trata de la colaboraci\u00f3n m\u00e1s legendaria entre P\u00e1ez y Spinetta y de una de las canciones m\u00e1s bellas de toda su carrera. Con menos de tres minutos de duraci\u00f3n, este tema, que encuentra su potencia en la delicadeza, carece de bater\u00eda y se sostiene principalmente sobre guitarra y piano.<\/p>\n<p><strong>1. \u00abCad\u00e1ver exquisito\u00bb<\/strong><\/p>\n<p>Este tema no forma parte de ning\u00fan disco de estudio, sino que pertenece a Euforia, el inmejorable unplugged de Fito. Con una letra que juega con el sinsentido, las referencias populares y la met\u00e1fora, el tema destaca por el protagonismo del \u00f3rgano, que le aporta una est\u00e9tica g\u00f3tica, y por un fabuloso solo de piano a cargo del compositor. Las estrofas se construyen en tonalidad menor con acordes descendentes, mientras que en la secci\u00f3n que hace las veces de estribillo, el m\u00fasico invierte el recorrido de los acordes.<\/p>\n","protected":false},"excerpt":{"rendered":"Fito P\u00e1ez es uno de los compositores m\u00e1s destacados de nuestro rock nacional. Con una prol\u00edfica discograf\u00eda, el&hellip;\n","protected":false},"author":2,"featured_media":106620,"comment_status":"","ping_status":"","sticky":false,"template":"","format":"standard","meta":{"footnotes":""},"categories":[170],"tags":[146,147,25,24,6706,184,185,23],"class_list":{"0":"post-106619","1":"post","2":"type-post","3":"status-publish","4":"format-standard","5":"has-post-thumbnail","7":"category-musica","8":"tag-entertainment","9":"tag-entretenimiento","10":"tag-es","11":"tag-espana","12":"tag-fito-paez","13":"tag-music","14":"tag-musica","15":"tag-spain"},"share_on_mastodon":{"url":"","error":""},"_links":{"self":[{"href":"https:\/\/www.europesays.com\/es\/wp-json\/wp\/v2\/posts\/106619","targetHints":{"allow":["GET"]}}],"collection":[{"href":"https:\/\/www.europesays.com\/es\/wp-json\/wp\/v2\/posts"}],"about":[{"href":"https:\/\/www.europesays.com\/es\/wp-json\/wp\/v2\/types\/post"}],"author":[{"embeddable":true,"href":"https:\/\/www.europesays.com\/es\/wp-json\/wp\/v2\/users\/2"}],"replies":[{"embeddable":true,"href":"https:\/\/www.europesays.com\/es\/wp-json\/wp\/v2\/comments?post=106619"}],"version-history":[{"count":0,"href":"https:\/\/www.europesays.com\/es\/wp-json\/wp\/v2\/posts\/106619\/revisions"}],"wp:featuredmedia":[{"embeddable":true,"href":"https:\/\/www.europesays.com\/es\/wp-json\/wp\/v2\/media\/106620"}],"wp:attachment":[{"href":"https:\/\/www.europesays.com\/es\/wp-json\/wp\/v2\/media?parent=106619"}],"wp:term":[{"taxonomy":"category","embeddable":true,"href":"https:\/\/www.europesays.com\/es\/wp-json\/wp\/v2\/categories?post=106619"},{"taxonomy":"post_tag","embeddable":true,"href":"https:\/\/www.europesays.com\/es\/wp-json\/wp\/v2\/tags?post=106619"}],"curies":[{"name":"wp","href":"https:\/\/api.w.org\/{rel}","templated":true}]}}