{"id":106627,"date":"2025-09-11T00:10:13","date_gmt":"2025-09-11T00:10:13","guid":{"rendered":"https:\/\/www.europesays.com\/es\/106627\/"},"modified":"2025-09-11T00:10:13","modified_gmt":"2025-09-11T00:10:13","slug":"aparece-un-cadaver-en-el-maletero-del-cantante-d4vd","status":"publish","type":"post","link":"https:\/\/www.europesays.com\/es\/106627\/","title":{"rendered":"Aparece un cad\u00e1ver en el maletero del cantante D4vd"},"content":{"rendered":"<p><img decoding=\"async\" class=\"voc-author__img\" src=\"https:\/\/www.europesays.com\/es\/wp-content\/uploads\/2025\/08\/1755001989_832_autor-7150-foto-1.jpeg\" alt=\"Marina Ortiz Cort\u00e9s\"\/><\/p>\n<p class=\"voc-p\" style=\"\">Este lunes un cad\u00e1ver ha aparecido en el maletero de <a href=\"https:\/\/www.abc.es\/economia\/tesla-logra-nuevo-beneficio-record-espana-698-20250828165313-nt.html\" target=\"_self\" data-voc-vtm-id=\"in-text-traffic\" title=\"un Tesla\" data-mrf-link=\"www.abc.es\" rel=\"nofollow noopener\">un Tesla<\/a> que se encontraba abandonado en un desguace. Un coche que, seg\u00fan las informaciones de las autoridades, est\u00e1 a nombre del cantante D4vd, cuyo nombre real es <strong>David Anthony Burke<\/strong>. <\/p>\n<p class=\"voc-p\" style=\"\">Este artista de 20 a\u00f1os nacido en el barrio de Queen en Nueva York, tiene m\u00e1s de dos millones de seguidores y m\u00e1s de 33 millones de oyentes mensuales en Spotify, form\u00f3 parte del \u00faltimo cartel de <a href=\"https:\/\/www.abc.es\/recreo\/espanol-revela-dinero-gasta-dia-coachella-flipando-20250414154733-nt.html\" target=\"_self\" data-voc-vtm-id=\"in-text-traffic\" title=\"Coachella\" data-mrf-link=\"www.abc.es\" rel=\"nofollow noopener\">Coachella<\/a>. Este mismo mes de octubre empezar\u00e1 <strong>una gira por Europa<\/strong> tras hacer un amplio recorrido por Estados Unidos que contin\u00faa incluso a pesar de la t\u00e9trica investigaci\u00f3n que le rodea.<\/p>\n<p class=\"voc-p\" style=\"\">Los restos humanos que han aparecido en su Tesla estaban dentro de una bolsa pero el olor delat\u00f3 su contenido a los trabajadores del establecimiento, que llamaron a la polic\u00eda y terminaron encontrando el cuerpo en <strong>avanzado estado de descomposici\u00f3n<\/strong>. Este cad\u00e1ver a\u00fan est\u00e1 pendiente de identificaci\u00f3n, aunque las autoridades han asegurado que se trata de una mujer de 1.55 metros de altura con pelo negro y un tatuaje en un dedo. <\/p>\n<p class=\"voc-p\" style=\"\">Seg\u00fan &#8216;TMZ&#8217;, el veh\u00edculo en el que se encontraba el cad\u00e1ver nunca fue denunciado como robado, pero el artista D4vd no est\u00e1 detenido. En vez de eso esta misma noche tiene un espect\u00e1culo en Kansas que parece que va a <strong>seguir adelante<\/strong>, al igual que ocurri\u00f3 este martes tras la aparici\u00f3n de los restos humanos. De hecho, no hizo ning\u00fan tipo de comentario a lo largo del concierto, a pesar de que algunos de sus seguidores esperaban alg\u00fan tipo de aclaraci\u00f3n. Seg\u00fan los medios, el artista est\u00e1 cooperando con los investigadores para esclarecer lo ocurrido, pero planea continuar con su gira.<\/p>\n<p class=\"voc-p\" style=\"\">D4vd ya hab\u00eda protagonizado titulares esta primavera debido a que, durante su show en Coachella, que tuvo lugar en el primer d\u00eda del festival, sufri\u00f3 una dura ca\u00edda. Quiso hacer una pirueta mientras interpretaba su tema &#8216;Leave Her&#8217;, algo habitual en su espect\u00e1culo. La idea era saltar sobre una plataforma para <strong>hacer un mortal<\/strong>, pero pis\u00f3 mal y termin\u00f3 con la cara en el suelo. Aunque se lo tom\u00f3 a risa, profesionales de la salud comprobaron en directo que estaba bien y el &#8216;show&#8217; continu\u00f3 como si nada. De hecho, se atrevi\u00f3 a hacer varios mortales m\u00e1s, como si nada. <\/p>\n<p class=\"voc-p\" style=\"\">Hace precisamente cuatro d\u00edas, D4vd comparti\u00f3 en sus redes sociales una serie de fotos con el pie: \u00ab<strong>Ma\u00f1ana empiezo mi entrenamiento de prensa<\/strong>, chicos, deseadme suerte\u00bb. Hac\u00eda referencia a un trabajo de preparaci\u00f3n que se hace normalmente desde las discogr\u00e1ficas para preparar a un artista de cara a entrevistas, preguntas de paparazzi y dem\u00e1s chanzas de la fama.<\/p>\n<p>Reportar un error<\/p>\n","protected":false},"excerpt":{"rendered":"Este lunes un cad\u00e1ver ha aparecido en el maletero de un Tesla que se encontraba abandonado en un&hellip;\n","protected":false},"author":2,"featured_media":106628,"comment_status":"","ping_status":"","sticky":false,"template":"","format":"standard","meta":{"footnotes":""},"categories":[91],"tags":[12335,6247,4328,36895,146,147,25,24,36894,23],"class_list":{"0":"post-106627","1":"post","2":"type-post","3":"status-publish","4":"format-standard","5":"has-post-thumbnail","7":"category-entretenimiento","8":"tag-aparece","9":"tag-cadaver","10":"tag-cantante","11":"tag-d4vd","12":"tag-entertainment","13":"tag-entretenimiento","14":"tag-es","15":"tag-espana","16":"tag-maletero","17":"tag-spain"},"share_on_mastodon":{"url":"","error":""},"_links":{"self":[{"href":"https:\/\/www.europesays.com\/es\/wp-json\/wp\/v2\/posts\/106627","targetHints":{"allow":["GET"]}}],"collection":[{"href":"https:\/\/www.europesays.com\/es\/wp-json\/wp\/v2\/posts"}],"about":[{"href":"https:\/\/www.europesays.com\/es\/wp-json\/wp\/v2\/types\/post"}],"author":[{"embeddable":true,"href":"https:\/\/www.europesays.com\/es\/wp-json\/wp\/v2\/users\/2"}],"replies":[{"embeddable":true,"href":"https:\/\/www.europesays.com\/es\/wp-json\/wp\/v2\/comments?post=106627"}],"version-history":[{"count":0,"href":"https:\/\/www.europesays.com\/es\/wp-json\/wp\/v2\/posts\/106627\/revisions"}],"wp:featuredmedia":[{"embeddable":true,"href":"https:\/\/www.europesays.com\/es\/wp-json\/wp\/v2\/media\/106628"}],"wp:attachment":[{"href":"https:\/\/www.europesays.com\/es\/wp-json\/wp\/v2\/media?parent=106627"}],"wp:term":[{"taxonomy":"category","embeddable":true,"href":"https:\/\/www.europesays.com\/es\/wp-json\/wp\/v2\/categories?post=106627"},{"taxonomy":"post_tag","embeddable":true,"href":"https:\/\/www.europesays.com\/es\/wp-json\/wp\/v2\/tags?post=106627"}],"curies":[{"name":"wp","href":"https:\/\/api.w.org\/{rel}","templated":true}]}}