{"id":106637,"date":"2025-09-11T00:15:09","date_gmt":"2025-09-11T00:15:09","guid":{"rendered":"https:\/\/www.europesays.com\/es\/106637\/"},"modified":"2025-09-11T00:15:09","modified_gmt":"2025-09-11T00:15:09","slug":"muere-el-comentarista-conservador-charlie-kirk-tras-recibir-un-disparo-en-un-evento-universitario-en-utah","status":"publish","type":"post","link":"https:\/\/www.europesays.com\/es\/106637\/","title":{"rendered":"Muere\u00a0el\u00a0comentarista conservador\u00a0Charlie Kirk\u00a0tras recibir un disparo en un evento universitario en Utah"},"content":{"rendered":"<p>\t\t\t \t\t \t\t\t\t\t\t\tCharlie Kirk junto a Donald Trump. <strong class=\"pd-l\">CONTACTO v\u00eda Europa Press | EUROPAPRESS  <\/strong><\/p>\n<p>\t\t\t\t\t\tEra una de las voces m\u00e1s unidas a la ideolog\u00eda\u00a0MAGA<br \/>\n\t\t\t\t\t\t\t\t\t\t\t\t<strong>10 sep 2025<\/strong> . Actualizado a las 23:23 h.\t\t\t\t\t\t<\/p>\n<p class=\"first-paragraph txt\">El comentarista conservador Charlie Kirk\u00a0ha muerto este mi\u00e9rcoles a los 31 a\u00f1os tras haber recibido un disparo en el cuello mientras interven\u00eda en un evento en la Universidad Utah Valley, en la ciudad de Orem, seg\u00fan Europa Press.<\/p>\n<p class=\"txt\">El presidente de Estados Unidos, <strong>Donald Trump<\/strong>, ha comunicado el fallecimiento: \u00abEl gran, e incluso legendario, Charlie Kirk, ha fallecido. Nadie comprendi\u00f3 ni tuvo el coraz\u00f3n de la juventud de Estados Unidos mejor que Charlie\u00bb.\u00a0\u00abFue querido y admirado por todos, especialmente por m\u00ed, y ahora no est\u00e1 con nosotros\u00bb, ha lamentado a trav\u00e9s de un mensaje en su perfil de Truth Social, donde ha trasladado su p\u00e9same y la familia del comentarista.<\/p>\n<p class=\"txt\">Seg\u00fan varios v\u00eddeos que circulan en las redes sociales<strong> se puede ver a Kirk siendo herido de bala mientras hablaba sentado bajo una carpa<\/strong> ante un p\u00fablico abarrotado.\u00a0Las autoridades est\u00e1n investigando el caso, que ocurri\u00f3 frente a unas 2.000 personas presentes, seg\u00fan el excongresita Jason Chaffetz, que estaba en el evento.<\/p>\n<p class=\"txt\">La instituci\u00f3n acad\u00e9mica inform\u00f3 en un comunicado que hubo un disparo en el campus contra un orador invitado y que hay un sospechoso detenido. Sin embargo, se desconoce si\u00a0se trata de la persona que ha perpetrado el\u00a0ataque, puesto que la instituci\u00f3n educativa ha cerrado sus puertas y ha cancelado las clases, mientras que ha pedido a quienes se encuentran en el campus que se queden en un espacio seguro hasta que la Polic\u00eda pueda escoltarles afuera.<\/p>\n<p class=\"txt\">El <strong>director del FBI<\/strong>, Kash Patel, ha dicho que est\u00e1n \u00absiguiendo de cerca los informes sobre el tr\u00e1gico tiroteo que ha involucrado\u00bb a Kirk en la Universidad Valle de Utah. \u00abNuestros pensamientos est\u00e1n con Charlie, sus seres queridos, y todos los afectados\u00bb, ha expresado. Asimismo, ha asegurado a trav\u00e9s de su perfil en la red social X que los agentes llegar\u00e1n al lugar de los hechos \u00abr\u00e1pidamente\u00bb y que el FBI apoya \u00abplenamente la respuesta y la investigaci\u00f3n en curso\u00bb.<\/p>\n<p class=\"txt\">Nacido en octubre de 1993 en Illinois y padre de dos hijos, Kirk era un activista, escritor y comentarista conocido principalmente por haber fundado Turning Point, una organizaci\u00f3n estudiantil conservadora.<\/p>\n<p>&#13;<br \/>\n\tArchivado en:&#13;<br \/>\n\t\t\t\t\t<a href=\"https:\/\/www.lavozdegalicia.es\/temas\/universidad\/\" target=\"_blank\" class=\"mg-l\" rel=\"nofollow noopener\">Universidad<\/a>&#13;<br \/>\n\t\t\t\t\t<a href=\"https:\/\/www.lavozdegalicia.es\/temas\/donald-trump\/\" target=\"_blank\" class=\"mg-l\" rel=\"nofollow noopener\">Donald Trump<\/a>&#13;<br \/>\n\t&#13;<\/p>\n","protected":false},"excerpt":{"rendered":"Charlie Kirk junto a Donald Trump. CONTACTO v\u00eda Europa Press | EUROPAPRESS Era una de las voces m\u00e1s&hellip;\n","protected":false},"author":2,"featured_media":106638,"comment_status":"","ping_status":"","sticky":false,"template":"","format":"standard","meta":{"footnotes":""},"categories":[5],"tags":[17,18,352,25,24,13,14,11,19,20,9,10,15,16,23,12,21,22,2845],"class_list":{"0":"post-106637","1":"post","2":"type-post","3":"status-publish","4":"format-standard","5":"has-post-thumbnail","7":"category-titulares","8":"tag-breaking-news","9":"tag-breakingnews","10":"tag-donald-trump","11":"tag-es","12":"tag-espana","13":"tag-featured-news","14":"tag-featurednews","15":"tag-headlines","16":"tag-latest-news","17":"tag-latestnews","18":"tag-news","19":"tag-noticias","20":"tag-noticias-destacadas","21":"tag-noticiasdestacadas","22":"tag-spain","23":"tag-titulares","24":"tag-ultimas-noticias","25":"tag-ultimasnoticias","26":"tag-universidad"},"share_on_mastodon":{"url":"","error":""},"_links":{"self":[{"href":"https:\/\/www.europesays.com\/es\/wp-json\/wp\/v2\/posts\/106637","targetHints":{"allow":["GET"]}}],"collection":[{"href":"https:\/\/www.europesays.com\/es\/wp-json\/wp\/v2\/posts"}],"about":[{"href":"https:\/\/www.europesays.com\/es\/wp-json\/wp\/v2\/types\/post"}],"author":[{"embeddable":true,"href":"https:\/\/www.europesays.com\/es\/wp-json\/wp\/v2\/users\/2"}],"replies":[{"embeddable":true,"href":"https:\/\/www.europesays.com\/es\/wp-json\/wp\/v2\/comments?post=106637"}],"version-history":[{"count":0,"href":"https:\/\/www.europesays.com\/es\/wp-json\/wp\/v2\/posts\/106637\/revisions"}],"wp:featuredmedia":[{"embeddable":true,"href":"https:\/\/www.europesays.com\/es\/wp-json\/wp\/v2\/media\/106638"}],"wp:attachment":[{"href":"https:\/\/www.europesays.com\/es\/wp-json\/wp\/v2\/media?parent=106637"}],"wp:term":[{"taxonomy":"category","embeddable":true,"href":"https:\/\/www.europesays.com\/es\/wp-json\/wp\/v2\/categories?post=106637"},{"taxonomy":"post_tag","embeddable":true,"href":"https:\/\/www.europesays.com\/es\/wp-json\/wp\/v2\/tags?post=106637"}],"curies":[{"name":"wp","href":"https:\/\/api.w.org\/{rel}","templated":true}]}}