{"id":106647,"date":"2025-09-11T00:22:16","date_gmt":"2025-09-11T00:22:16","guid":{"rendered":"https:\/\/www.europesays.com\/es\/106647\/"},"modified":"2025-09-11T00:22:16","modified_gmt":"2025-09-11T00:22:16","slug":"adidas-sera-el-proveedor-oficial-del-equipamiento-deportivo-para-la-escuderia-de-f1","status":"publish","type":"post","link":"https:\/\/www.europesays.com\/es\/106647\/","title":{"rendered":"Adidas ser\u00e1 el proveedor oficial del equipamiento deportivo para la escuder\u00eda de F1"},"content":{"rendered":"<p>Tras confirmarse la asociaci\u00f3n de Audi F1 con Revolut para formar parte de los patrocinadores de la escuder\u00eda alemana que har\u00e1 su debut en apenas cinco meses, llega una nueva noticia: Adidas ser\u00e1 el responsable de crear el equipamiento deportivo as\u00ed como el merchandising de camisetas y sudaderas entre otros.<\/p>\n<p>La colecci\u00f3n <b>se lanzar\u00e1 antes del inicio de la temporada 2026 de F\u00f3rmula 1<\/b>, concretamente <b>en el mes de febrero<\/b> cuando las escuder\u00edas acostumbran a presentar sus coches para la temporada, un momento tan esperado por los fans al poder conocer los liveries o vestimentas que lucir\u00e1n los diferentes monoplazas.<\/p>\n<p>                            <img decoding=\"async\" src=\"https:\/\/www.europesays.com\/es\/wp-content\/uploads\/2025\/09\/770x_A224486_overfull.jpg\" loading=\"lazy\"\/><\/p>\n<p>                            El monoplaza con el que Audi anunci\u00f3 su introducci\u00f3n en la F\u00f3rmula 1 en 2022. Audi<\/p>\n<p>En el anuncio, ambas marcas tienen algo claro de su acuerdo: ambas est\u00e1n trabajando en esta colaboraci\u00f3n <b>para desarrollar una colecci\u00f3n de equipamiento de alto rendimiento, que cumpla con requisitos espec\u00edficos para los pilotos, mec\u00e1nicos, ingenieros<\/b> y otros miembros del equipo.<\/p>\n<p>El <b>objetivo com\u00fan es crear productos funcionales que proporcionen el mejor apoyo posible para el trabajo diario del equipo<\/b> y promuevan el m\u00e1ximo rendimiento. En un deporte que se basa en el progreso constante, la colecci\u00f3n tambi\u00e9n marca nuevas tendencias en la cultura del motorsport, caracterizada por la tecnolog\u00eda punta de adidas y un enfoque fresco e innovador dentro y fuera del paddock.<\/p>\n<p>                            <img decoding=\"async\" src=\"https:\/\/www.europesays.com\/es\/wp-content\/uploads\/2025\/09\/770x_binotto-bortoleto.jpg\" loading=\"lazy\"\/><\/p>\n<p>                            Gabriel Bortoletto (izquierda) piloto de Audi junto a Mattia Binotto (derecha) jefe de escuder\u00eda de Audi F1. Audi<\/p>\n<p>Adem\u00e1s, pensando en los aficionados denominado por las propias Adidas y Audi como n\u00facleo de esta asociaci\u00f3n, las dos marcas lanzar\u00e1n una l\u00ednea exclusiva de ropa, calzado y accesorios en todo el mundo, incluso antes de la primera carrera, dando a los aficionados la oportunidad de mostrar su apoyo al equipo desde antes que comience la primera sesi\u00f3n de libres de 2026.<\/p>\n<p>Por su parte, <b>Gernot Dollner, CEO de Audi y presidente de Sauber Motorsport<\/b> (la escuder\u00eda que adquiri\u00f3 Audi para entrar a la competici\u00f3n), declara que \u00abAdidas y Audi llevan d\u00e9cadas colaborando en el deporte de alto nivel, bas\u00e1ndose en valores compartidos y en el deseo de inspirar a trav\u00e9s del rendimiento. Nuestra asociaci\u00f3n en la F\u00f3rmula 1 va mucho m\u00e1s all\u00e1 de la b\u00fasqueda de la innovaci\u00f3n y las m\u00e1ximas prestaciones: combina las fortalezas y las visiones de dos marcas vanguardistas\u00bb. La pr\u00f3xima colecci\u00f3n de Adidas se caracterizar\u00e1 por la claridad y la precisi\u00f3n, al igual que la nueva filosof\u00eda de dise\u00f1o de Audi\u00bb.<\/p>\n<p>                            <img decoding=\"async\" src=\"https:\/\/www.europesays.com\/es\/wp-content\/uploads\/2025\/09\/770x_Audi-F1.jpg\" loading=\"lazy\"\/><\/p>\n<p>                            Nico H\u00fclkenberg, piloto de Audi para la F\u00f3rmula 1. Audi<\/p>\n<p>Por otro lado, <b>Bj\u00f8rn Gulden, CEO de Adidas<\/b>, declara estar muy orgullosos de asociarse con el futuro equipo de Audi F1 y apoyar as\u00ed su debut en el m\u00e1s alto nivel de competici\u00f3n de este deporte, <b>catalog\u00e1ndolo como un nuevo y emocionante cap\u00edtulo en el mundo del automovilismo<\/b>, as\u00ed como haciendo hincapi\u00e9 en la ilusi\u00f3n tanto por asociarse con una marca que comparte sus creencias y perspectivas innovadoras, como por <b>desvelar todo lo que tienen preparado todo lo que tienen planeado.<\/b><\/p>\n<p>Con marcas como <b>Ferrari, Aston Martin, Williams o McLaren vestidas con Puma<\/b>, Castore con Red Bull, Hugo Boss a Racing Bulls, Alpinestars a Haas, o<b> la propia Adidas con Mercedes, Audi demuestra su apuesta por ser de primer nivel <\/b>en cada aspecto que afecta a su proyecto en la F\u00f3rmula 1.<\/p>\n<p>WhatsApp<a href=\"https:\/\/api.whatsapp.com\/send?text=https:\/\/www.eleconomista.es\/motor\/noticias\/13538825\/09\/25\/audi-sigue-sumando-socios-de-primer-nivel-adidas-sera-el-proveedor-oficial-del-equipamiento-deportivo-para-la-escuderia-de-f1.html?utm_source%3Dwhatsapp%26utm_medium%3Dshare_button&amp;id=1648118629957_whatsapp\" target=\"_blank\" data-action=\"share\/whatsapp\/share\" aria-label=\"Compartir en Whatsapp\" rel=\"nofollow noopener\"><\/a>Facebook<a id=\"fb-share\" href=\"#\" target=\"_blank\" rel=\"noopener noreferrer\" aria-label=\"Compartir en Facebook\"><\/a>Twitter<a href=\"https:\/\/twitter.com\/share?text=Audi+sigue+sumando+socios+de+primer+nivel%3A+Adidas+ser%C3%A1+el+proveedor+oficial+del+equipamiento+deportivo+para+la+escuder%C3%ADa+de+F1&amp;url=https:\/\/www.eleconomista.es\/motor\/noticias\/13538825\/09\/25\/audi-sigue-sumando-socios-de-primer-nivel-adidas-sera-el-proveedor-oficial-del-equipamiento-deportivo-para-la-escuderia-de-f1.html&amp;via=elEconomistaes&amp;id=1648118839245_twitter\" target=\"_blank\" aria-label=\"Compartir en Twitter\" rel=\"nofollow noopener\"><\/a>Linkedin<a href=\"https:\/\/linkedin.com\/share?text=https:\/\/www.eleconomista.es\/motor\/noticias\/13538825\/09\/25\/audi-sigue-sumando-socios-de-primer-nivel-adidas-sera-el-proveedor-oficial-del-equipamiento-deportivo-para-la-escuderia-de-f1.html&amp;via=elEconomistaes\" target=\"_blank\" aria-label=\"Compartir en linkedin\" rel=\"nofollow noopener\"><\/a>Beloud<a href=\"https:\/\/beloud.com\/share?text=Audi+sigue+sumando+socios+de+primer+nivel%3A+Adidas+ser%C3%A1+el+proveedor+oficial+del+equipamiento+deportivo+para+la+escuder%C3%ADa+de+F1&amp;url=https:\/\/www.eleconomista.es\/motor\/noticias\/13538825\/09\/25\/audi-sigue-sumando-socios-de-primer-nivel-adidas-sera-el-proveedor-oficial-del-equipamiento-deportivo-para-la-escuderia-de-f1.html&amp;via=elEconomistaes&amp;id=1648118839245_beloud\" target=\"_blank\" aria-label=\"Compartir en beloud\" rel=\"nofollow noopener\"><\/a>Bluesky<a href=\"https:\/\/bsky.app\/intent\/compose?text=https:\/\/bsky.app\/intent\/compose?text=https:\/\/www.eleconomista.es\/motor\/noticias\/13538825\/09\/25\/audi-sigue-sumando-socios-de-primer-nivel-adidas-sera-el-proveedor-oficial-del-equipamiento-deportivo-para-la-escuderia-de-f1.html&amp;url=https:\/\/www.eleconomista.es\/motor\/noticias\/13538825\/09\/25\/audi-sigue-sumando-socios-de-primer-nivel-adidas-sera-el-proveedor-oficial-del-equipamiento-deportivo-para-la-escuderia-de-f1.html&amp;via=elEconomistaes&amp;id=1648118839245_bluesky\" target=\"_blank\" aria-label=\"Compartir en bluesky\" rel=\"nofollow noopener\"><\/a><\/p>\n<p><script async src=\"https:\/\/platform.twitter.com\/widgets.js\" charset=\"utf-8\"><\/script><\/p>\n","protected":false},"excerpt":{"rendered":"Tras confirmarse la asociaci\u00f3n de Audi F1 con Revolut para formar parte de los patrocinadores de la escuder\u00eda&hellip;\n","protected":false},"author":2,"featured_media":106648,"comment_status":"","ping_status":"","sticky":false,"template":"","format":"standard","meta":{"footnotes":""},"categories":[270],"tags":[168,25,24,306,271,272,2362,23,167],"class_list":{"0":"post-106647","1":"post","2":"type-post","3":"status-publish","4":"format-standard","5":"has-post-thumbnail","7":"category-formula-1","8":"tag-deportes","9":"tag-es","10":"tag-espana","11":"tag-f1","12":"tag-formula-1","13":"tag-formula1","14":"tag-motor","15":"tag-spain","16":"tag-sports"},"share_on_mastodon":{"url":"","error":""},"_links":{"self":[{"href":"https:\/\/www.europesays.com\/es\/wp-json\/wp\/v2\/posts\/106647","targetHints":{"allow":["GET"]}}],"collection":[{"href":"https:\/\/www.europesays.com\/es\/wp-json\/wp\/v2\/posts"}],"about":[{"href":"https:\/\/www.europesays.com\/es\/wp-json\/wp\/v2\/types\/post"}],"author":[{"embeddable":true,"href":"https:\/\/www.europesays.com\/es\/wp-json\/wp\/v2\/users\/2"}],"replies":[{"embeddable":true,"href":"https:\/\/www.europesays.com\/es\/wp-json\/wp\/v2\/comments?post=106647"}],"version-history":[{"count":0,"href":"https:\/\/www.europesays.com\/es\/wp-json\/wp\/v2\/posts\/106647\/revisions"}],"wp:featuredmedia":[{"embeddable":true,"href":"https:\/\/www.europesays.com\/es\/wp-json\/wp\/v2\/media\/106648"}],"wp:attachment":[{"href":"https:\/\/www.europesays.com\/es\/wp-json\/wp\/v2\/media?parent=106647"}],"wp:term":[{"taxonomy":"category","embeddable":true,"href":"https:\/\/www.europesays.com\/es\/wp-json\/wp\/v2\/categories?post=106647"},{"taxonomy":"post_tag","embeddable":true,"href":"https:\/\/www.europesays.com\/es\/wp-json\/wp\/v2\/tags?post=106647"}],"curies":[{"name":"wp","href":"https:\/\/api.w.org\/{rel}","templated":true}]}}