{"id":106653,"date":"2025-09-11T00:25:15","date_gmt":"2025-09-11T00:25:15","guid":{"rendered":"https:\/\/www.europesays.com\/es\/106653\/"},"modified":"2025-09-11T00:25:15","modified_gmt":"2025-09-11T00:25:15","slug":"antes-habia-politicos-como-anguita-guerra-gonzalez-lo-de-ahora-es-una-banda-delincuente-y-criminal-de-jetas-puteros","status":"publish","type":"post","link":"https:\/\/www.europesays.com\/es\/106653\/","title":{"rendered":"\u00abAntes hab\u00eda pol\u00edticos como Anguita, Guerra, Gonz\u00e1lez&#8230; Lo de ahora es una banda delincuente y criminal de jetas puteros\u00bb"},"content":{"rendered":"<p style=\"\">Cuenta <a href=\"https:\/\/www.abc.es\/cultura\/teatros\/nacho-cano-ofrecido-cancion-malinche-cante-bautizos-20230914191233-nt.html\" target=\"_self\" data-voc-vtm-id=\"in-text-traffic\" title=\"Nacho Cano\" data-mrf-link=\"www.abc.es\" rel=\"nofollow noopener\">Nacho Cano<\/a> (Madrid, 1963) que organizar sus asuntos legales le lleva \u00faltimamente m\u00e1s tiempo casi que organizar sus asuntos art\u00edsticos. Y es que desde que le agradeci\u00f3 a <strong>Isabel D\u00edaz Ayuso<\/strong>, dice, que mantuviera abiertos los teatros durante la pandemia, su vida  &#8230; ha sido un sobresalto continuo. \u00abAhora tengo un equipo de abogados que se puede dedicar a todos los pesados mediocres que parece que no tienen nada que hacer salvo meterse conmigo; podr\u00edan hacer algo creativo, como inventarse una receta de cocina o encontrar un atajo para hacer el Camino de Santiago\u00bb.<\/p>\n<p class=\"voc-p\" style=\"\">El v\u00e9rtice m\u00e1s agudo de ese tri\u00e1ngulo fundamental en la historia de la m\u00fasica espa\u00f1ola que fue el grupo <strong>Mecano<\/strong> (que formaba junto a su hermano Jos\u00e9 Mar\u00eda y Ana Torroja) se mete en todos los charcos, los pol\u00edticos y los art\u00edsticos. &#8216;<a href=\"https:\/\/ibizaparadisebynachocano.com\/\" target=\"_self\" data-voc-vtm-id=\"in-text-traffic\" title=\"Ibiza Paradise\" data-mrf-link=\"ibizaparadisebynachocano.com\" rel=\"nofollow noopener\">Ibiza Paradise<\/a>&#8216;, que se estrena estos d\u00edas en los Cines Callao de Madrid, pertenece a estos \u00faltimos. Es, como define \u00e9l mismo, un &#8216;dinner show&#8217;, una experiencia que combina m\u00fasica y gastronom\u00eda. \u00abEn el a\u00f1o 2005 me encontr\u00e9 con un personaje, el Vikingo, un holand\u00e9s que fue a Ibiza en los a\u00f1os en que los hippies descubrieron la isla y que gestion\u00f3 el Caf\u00e9 Pereyra; era un cine que cerr\u00f3 y en la parte de atr\u00e1s mont\u00f3 un caf\u00e9 bar de m\u00fasica en vivo que fue todo un referente en la isla\u00bb. Una isla que Nacho Cano conoce muy bien. \u00abFui a tocar con Mecano en 1982 y desde entonces no he dejado de ir; primero viv\u00eda en el puerto, despu\u00e9s me compr\u00e9 una casa en el norte y ah\u00ed estoy\u00bb.<\/p>\n<p class=\"voc-p\" style=\"\"><strong>-Y el espect\u00e1culo se inspira en esa Ibiza&#8230;<\/strong><\/p>\n<p class=\"voc-p\" style=\"\">-La evoluci\u00f3n de la isla en los setenta est\u00e1 muy vinculada a la evoluci\u00f3n de la m\u00fasica; llegaron hippies principalmente de San Francisco y Los \u00c1ngeles que no quer\u00edan ir a la guerra de Vietnam y se van a Ibiza, donde empieza la cultura de la isla de la libertad, de la experimentaci\u00f3n sexual, las drogas; en fin, todo lo que supuso el movimiento musical de los 70, 80, 90&#8230; hasta hoy. Eso es lo que cuenta el &#8216;dinner show&#8217;, que es un espect\u00e1culo vivo y diferente todos los d\u00edas, muy inmersivo, que tratamos que cada d\u00eda sea distinto y en el que el p\u00fablico participe; es una celebraci\u00f3n del esp\u00edritu que imprimieron los hippies a Ibiza y por lo que Ibiza es &#8216;number one in the world&#8217;. &#8216;Ibiza Paradise&#8217; es un homenaje a los grandes personajes, a las grandes canciones, a los grandes momentos, a su inspiraci\u00f3n. Era una \u00e9poca mucho m\u00e1s aut\u00e9ntica, mucho m\u00e1s libre a la hora de expresarse; una \u00e9poca grandiosa y dej\u00f3 grandes cosas para la humanidad.<\/p>\n<p class=\"voc-p\" style=\"\"><strong>-\u00bfHa cambiado mucho la isla?<\/strong><\/p>\n<p class=\"voc-p\" style=\"\">-En algunos aspectos. Por ejemplo, el norte de la isla sigue pr\u00e1cticamente igual. Ah\u00ed han hecho una muy buena labor los alcaldes y los que han mantenido el esp\u00edritu de naturaleza. Pero s\u00ed, la isla se ha industrializado, pero en el mismo sentido que lo ha hecho la m\u00fasica. Es decir, las fiestas no son uno que trae una guitarra, otro que trae una botella de vino, otro un jam\u00f3n, se hace una fogata y cantamos alrededor. No, ahora est\u00e1 todo m\u00e1s industrializado en ese aspecto, pero la m\u00fasica sigue siendo el motor que mueve la isla.<\/p>\n<p class=\"voc-title\">\u00ab&#8217;Ibiza Paradise&#8217; es un homenaje a los grandes personajes, a las grandes canciones, a los grandes momentos, a su inspiraci\u00f3n. Era una <\/p>\n<p class=\"voc-title\">\u00e9poca mucho m\u00e1s aut\u00e9ntica, mucho m\u00e1s libre a la hora de expresarse; una \u00e9poca grandiosa y dej\u00f3 grandes cosas para la humanidad\u00bb<\/p>\n<p class=\"voc-p\" style=\"\"><strong>-Ha hablado de libertad&#8230; No s\u00e9 c\u00f3mo ve ahora esa cuesti\u00f3n&#8230;<\/strong><\/p>\n<p class=\"voc-p\" style=\"\">-Lo veo fatal. A la gente joven la tienen enga\u00f1ad\u00edsima con el concepto de lo que es la libertad bajo palabras y ep\u00edgrafes muy populistas. Pero la libertad empieza cuando tienes tu propia casa, y ya ning\u00fan chaval joven puede tener su propia casa porque estamos en un r\u00e9gimen absurdo en el que no se cuida a la gente que da puestos de trabajo que es creativa; se fomenta el mileurismo, se fomenta que comas de la mano del gobierno y te acribillan a impuestos. Te dicen c\u00f3mo tienes que pensar, c\u00f3mo tienes que hablar a qui\u00e9n tienes que apoyar, lo que es bueno, lo que es malo&#8230; Lo veo fatal.<\/p>\n<p class=\"voc-p\" style=\"\"><strong>-Y a usted le ha costado m\u00e1s de un disgusto&#8230;<\/strong><\/p>\n<p class=\"voc-p\" style=\"\">-Y menos mal que tengo buen equipo y tengo los recursos para pelear, pero al que no los ha tenido se lo han llevado por delante. Como no hagas lo que dice el partido te aplican la Zersetzung, una palabra que significa &#8216;descomposici\u00f3n&#8217; en alem\u00e1n, y que era un sistema que desarroll\u00f3 la Stasi en la Alemania del Este, en la que te joden con tu novia, te desprestigian en tu trabajo&#8230; Una cosa muy empaquetadita y programada ya por las mentes castrantes dictatoriales de la izquierda populista.<\/p>\n<p class=\"voc-p\" style=\"\"><strong>-\u00bfSe siente perseguido?<\/strong><\/p>\n<p class=\"voc-p\" style=\"\">-No es que me sienta perseguido, es que estoy perseguido. Soy un ciudadano libre perseguido por ser libre, por agradecer algo a alguien. Yo nunca me he metido en pol\u00edtica, ni siquiera he votado, imag\u00ednese. Yo me llevaba de cojones con Felipe Gonz\u00e1lez y con Aznar. Y de Zapatero hacia adelante, tonto el \u00faltimo. Antes ten\u00edamos presidentes de izquierdas o de derechas, daba igual, que dialogaban, que pensaban, que apostaban por ser honestos con su postura ante la vida, y pod\u00edas disentir. Hay gente que piensa que es m\u00e1s social dar puestos de trabajo, como yo, y hay gente que piensa que es m\u00e1s social que coman de tu mano.<\/p>\n<p class=\"voc-title\">\u00abNo es que me sienta perseguido, es que estoy perseguido. Soy un ciudadano libre perseguido por ser libre, por agradecer algo a alguien. Yo nunca me he metido en pol\u00edtica, ni siquiera he votado, imag\u00ednese\u00bb<\/p>\n<p class=\"voc-p\" style=\"\"><strong>-\u00bfUsted es de izquierdas o de derechas?<\/strong><\/p>\n<p class=\"voc-p\" style=\"\">-Yo no me considero de nada. Mire, Mecano hizo su fortuna con los socialistas&#8230; Pero antes hab\u00eda pol\u00edticos como Julio Anguita, Alfonso Guerra, Felipe Gonz\u00e1lez. Eran otra cosa incluso con sus movidas. Lo de ahora es una banda delincuente y criminal de jetas puteros. Con todo mi respeto a las prostitutas, que son bastante m\u00e1s honestas que ellos, que hacen un trabajo y cobran. Esta gente no hace un trabajo. Esta gente todo lo que hace es para su bolsillo, para mantenerse ah\u00ed y para tener a todo el mundo asustado y que le baile el agua.<\/p>\n<p class=\"voc-p\" style=\"\"><strong>-El Consell de Ibiza present\u00f3 una acci\u00f3n de nulidad ante la UE para que no utilice el nombre de la isla en sus espect\u00e1culos, \u00bfc\u00f3mo est\u00e1 la cosa?<\/strong><\/p>\n<p class=\"voc-p\" style=\"\">-Yo registr\u00e9 ese nombre en el registro de marcas, donde hay 900 marcas con el nombre de Ibiza, porque Ibiza es patrimonio de la humanidad, es un nombre de dominio p\u00fablico. Y le digo una cosa; lo mejor que podr\u00eda hacer el Consell de Ibiza es poner en cada esquina una estatua de un m\u00fasico, desde Freddie Mercury a Mick Jagger, que son los que han hecho que esa isla sea n\u00famero uno en el mundo; no han sido ellos. Y que al m\u00fasico que m\u00e1s gente ha metido en un concierto en la historia, que soy &#8216;moi&#8217;, con Mecano -el concierto en Can Buf\u00ed-, \u00bfle vas a decir que no puede usar el nombre de Ibiza? \u00bfT\u00fa por qu\u00e9? \u00bfQu\u00e9 has hecho t\u00fa por Ibiza? \u00bfSer un trepa pol\u00edtico? \u00bfUn mangurrino?<\/p>\n<p class=\"voc-p\" style=\"\"><strong>-Volvamos a la m\u00fasica&#8230; Usted ha diversificado su labor art\u00edstica, \u00bfqu\u00e9 lugar ocupa ahora mismo la composici\u00f3n?<\/strong><\/p>\n<p class=\"voc-p\" style=\"\">-Es la base. Cuando me preguntan que cu\u00e1ndo har\u00e9 un nuevo disco, digo que &#8216;Malinche&#8217; es mi disco. La composici\u00f3n es la base, la m\u00fasica es la base siempre; yo nado en la m\u00fasica. Desde que hice &#8216;Hoy no me puedo levantar&#8217; me he metido m\u00e1s en el mundo del musical y del espect\u00e1culo, porque uno tiene que reinventarse y evolucionar. Hace poco me vine arriba y me sub\u00ed al escenario en Aranda de Duero y me tuvieron que operar de la cadera. No pretendo ser el que era&#8230; Ahora mismo creo que con la inteligencia artificial y el mundo digital, lo que m\u00e1s valor va a tener es el directo, y por eso en &#8216;Malinche&#8217; he querido unir canto, danza, ritmos de rock y de flamenco, sonorizar todo eso&#8230; Yo tengo 120 micr\u00f3fonos en el escenario. Son mundos que me plantean retos. El artista es como un corredor; no es lo mismo correr para uno solo que si te preparas para unos juegos ol\u00edmpicos&#8230; Los retos me ayudan a que estar musicalmente al d\u00eda&#8230; Mi maestro fue Hans Zimmer, y si quiero hablar con \u00e9l solo puedo hacerlo un domingo, porque el resto de los d\u00edas est\u00e1 trabajando Y yo en eso le sigo a \u00e9l.<\/p>\n<p class=\"voc-title\">\u00abNo me preocupa la inteligencia artificial; mis canciones ya son legendarias y probablemente la inteligencia artificial me ayude a cobrar m\u00e1s dinero del que ahora\u00bb<\/p>\n<p class=\"voc-p\" style=\"\"><strong>-\u00c9l es uno de los grandes compositores de bandas sonoras, pero usted no ha hecho ninguna, si no me equivoco. \u00bfNo le tienta o no ha tenido la oportunidad?<\/strong><\/p>\n<p class=\"voc-p\" style=\"\">-Me va m\u00e1s un mundo en el que pueda experimentar con los arreglos vocales. He compuesto m\u00fasica instrumental, pero no ha sido mi mundo&#8230;<\/p>\n<p class=\"voc-p\" style=\"\"><strong>-Ha mencionado la inteligencia artificial. \u00bfLe preocupa?<\/strong><\/p>\n<p class=\"voc-p\" style=\"\">-No; mis canciones ya son legendarias y probablemente la inteligencia artificial me ayude a cobrar m\u00e1s dinero del que ahora. Pero entiendo que el mundo va hacia un lugar que no sabemos c\u00f3mo va a ser, y es &#8216;scary&#8217;. <\/p>\n<p class=\"voc-p\" style=\"\"><strong>-Usted siempre se ha sabido subir a la ola de la tecnolog\u00eda en cada momento.<\/strong><\/p>\n<p class=\"voc-p\" style=\"\">-Si, pero mire. Este sintetizador -se\u00f1ala un teclado que tiene delante- es probablemente el mejor sintetizador anal\u00f3gico que hay en el mundo: pero es anal\u00f3gico, t\u00fa sigues pudiendo manipular la electricidad; yo creo que ese equilibrio entre el avance tecnol\u00f3gico y algo org\u00e1nico.<\/p>\n<p class=\"voc-p\" style=\"\"><strong>-Est\u00e1 a punto de estrenar su nuevo proyecto, pero seguro que tiene ya los siguientes en la cabeza.<\/strong><\/p>\n<p class=\"voc-p\" style=\"\">-S\u00ed, tengo varias cosas en la cabeza que no puedo contar a\u00fan. Lo m\u00e1s interesante es lo que estoy haciendo. Ya empiezo a internacionalizar mis proyectos, algo que me hace falta porque si no aqu\u00ed me asfixio, porque como tengo a estos pesados todo el d\u00eda jodi\u00e9ndome, me van a estar buscando siempre las vueltas. Ahora estoy mucho en M\u00e9xico, y probablemente en uno o dos a\u00f1os llevemos a Las Vegas &#8216;Malinche&#8217; e &#8216;Ibiza Paradise&#8217;. Pero mientras tanto, me voy organizando en asuntos legales, trabajando con abogados, y esas cosas en las que antes no ten\u00eda que ocuparme. Y todo por darle las gracias a Ayuso.<\/p>\n","protected":false},"excerpt":{"rendered":"Cuenta Nacho Cano (Madrid, 1963) que organizar sus asuntos legales le lleva \u00faltimamente m\u00e1s tiempo casi que organizar&hellip;\n","protected":false},"author":2,"featured_media":106654,"comment_status":"","ping_status":"","sticky":false,"template":"","format":"standard","meta":{"footnotes":""},"categories":[174],"tags":[15377,255,146,147,25,24,256,3300,23],"class_list":{"0":"post-106653","1":"post","2":"type-post","3":"status-publish","4":"format-standard","5":"has-post-thumbnail","7":"category-famosos","8":"tag-cano","9":"tag-celebrities","10":"tag-entertainment","11":"tag-entretenimiento","12":"tag-es","13":"tag-espana","14":"tag-famosos","15":"tag-nacho","16":"tag-spain"},"share_on_mastodon":{"url":"","error":""},"_links":{"self":[{"href":"https:\/\/www.europesays.com\/es\/wp-json\/wp\/v2\/posts\/106653","targetHints":{"allow":["GET"]}}],"collection":[{"href":"https:\/\/www.europesays.com\/es\/wp-json\/wp\/v2\/posts"}],"about":[{"href":"https:\/\/www.europesays.com\/es\/wp-json\/wp\/v2\/types\/post"}],"author":[{"embeddable":true,"href":"https:\/\/www.europesays.com\/es\/wp-json\/wp\/v2\/users\/2"}],"replies":[{"embeddable":true,"href":"https:\/\/www.europesays.com\/es\/wp-json\/wp\/v2\/comments?post=106653"}],"version-history":[{"count":0,"href":"https:\/\/www.europesays.com\/es\/wp-json\/wp\/v2\/posts\/106653\/revisions"}],"wp:featuredmedia":[{"embeddable":true,"href":"https:\/\/www.europesays.com\/es\/wp-json\/wp\/v2\/media\/106654"}],"wp:attachment":[{"href":"https:\/\/www.europesays.com\/es\/wp-json\/wp\/v2\/media?parent=106653"}],"wp:term":[{"taxonomy":"category","embeddable":true,"href":"https:\/\/www.europesays.com\/es\/wp-json\/wp\/v2\/categories?post=106653"},{"taxonomy":"post_tag","embeddable":true,"href":"https:\/\/www.europesays.com\/es\/wp-json\/wp\/v2\/tags?post=106653"}],"curies":[{"name":"wp","href":"https:\/\/api.w.org\/{rel}","templated":true}]}}